{"id":435114,"date":"2025-10-03T02:36:36","date_gmt":"2025-10-03T02:36:36","guid":{"rendered":"https:\/\/www.europesays.com\/fr\/435114\/"},"modified":"2025-10-03T02:36:36","modified_gmt":"2025-10-03T02:36:36","slug":"lenvie-de-marquer-le-coup-malgre-une-participation-en-baisse-en-aquitaine","status":"publish","type":"post","link":"https:\/\/www.europesays.com\/fr\/435114\/","title":{"rendered":"l&rsquo;envie de \u00ab\u00a0marquer le coup\u00a0\u00bb malgr\u00e9 une participation en baisse en Aquitaine"},"content":{"rendered":"<p class=\"article__intro\">Nouvelle journ\u00e9e de mobilisation convoqu\u00e9e par les syndicats ce jeudi 2 octobre. A Pau, Bayonne, P\u00e9rigueux et Bordeaux, plusieurs cort\u00e8ges se sont \u00e9lanc\u00e9s \u00e0 la mi-journ\u00e9e, moins fournis, mais pr\u00eats \u00e0 maintenir la pression sur le nouveau Premier ministre.<\/p>\n<p>\n      L\u2019actu des r\u00e9gions\n    <\/p>\n<p>\n      Chaque jour, un tour d\u2019horizon des principales infos de toutes les r\u00e9gions.\n    <\/p>\n<p>    France T\u00e9l\u00e9visions utilise votre adresse e-mail afin de vous envoyer la newsletter \u00ab\u00a0L\u2019actu des r\u00e9gions\u00a0\u00bb. Vous pouvez vous d\u00e9sinscrire \u00e0 tout moment via le lien en bas de cette newsletter. <a target=\"_blank\" href=\"https:\/\/www.francetelevisions.fr\/groupe\/confidentialite\/politique-de-confidentialite\/politique-de-confidentialite-de-france-televisions-6503\" rel=\"nofollow noopener\">Notre politique de confidentialit\u00e9<\/a><\/p>\n<p>Les syndicats l&rsquo;avaient annonc\u00e9 vendredi dernier \u00e0 la sortie d&rsquo;une rencontre avec le Premier ministre S\u00e9bastien Lecornu : \u00ab\u00a0le compte n&rsquo;y est pas.\u00a0\u00bb Par la voix de la secr\u00e9taire g\u00e9n\u00e9rale de la CFDT, Marylise L\u00e9on, l&rsquo;intersyndicale convoque alors une nouvelle journ\u00e9e de mobilisation, ce 2 octobre.<\/p>\n<p>Partout dans la r\u00e9gion, des cort\u00e8ges se sont \u00e9lanc\u00e9s \u00e0 la mi-journ\u00e9e pour demander plus de \u00ab\u00a0justice sociale\u00a0\u00bb, et faire pression sur le Premier ministre. S\u00e9bastien Lecornu n&rsquo;a toujours pas nomm\u00e9 de nouveau gouvernement, lui qui est \u00e9galement \u00e0 la recherche d&rsquo;une majorit\u00e9 pour faire adopter le budget 2026.<\/p>\n<p>\u00c0 Bordeaux, la contestation s&rsquo;est traduite t\u00f4t ce jeudi matin au lyc\u00e9e Magendie, bloqu\u00e9 par plusieurs centaines de lyc\u00e9ens, pancartes en main, d\u00e8s 6h30. Parmi eux, Carla Courtiau s&rsquo;est d\u00e9plac\u00e9e pour protester \u00ab\u00a0contre les coupes budg\u00e9taires, la mani\u00e8re dont les classes sont r\u00e9parties et le salaire de nos professeurs.\u00a0\u00bb Selon le syndicat du secondaire, Snes-FSU, 27% des enseignants des coll\u00e8ges et lyc\u00e9es sont en gr\u00e8ve ce jeudi, soit 10 points de moins qu&rsquo;il y a quinze jours.<\/p>\n<p><a data-article-figure=\"\" href=\"https:\/\/france3-regions.franceinfo.fr\/image\/6Aqn-eLqQIb0MVBnyN-gmZik01U\/1920x1080\/regions\/2025\/10\/02\/uts-bord-bord-1-2025-10-02-09-11-49-00-00-07-05-68de72ee09ac9261393056.jpg\" data-pswp-width=\"1920\" data-pswp-height=\"1080\" target=\"_blank\" rel=\"nofollow noopener\"><\/p>\n<p>          <img width=\"600\" height=\"400\" class=\"article-image lazy\" data-src=\"https:\/\/www.europesays.com\/fr\/wp-content\/uploads\/2025\/10\/uts-bord-bord-1-2025-10-02-09-11-49-00-00-07-05-68de72ee09ac9261393056.jpg\" alt=\"Les lyc\u00e9ens de l'\u00e9tablissement Magendie se sont fortement mobilis\u00e9s ce jeudi 2 octobre.\" fetchpriority=\"high\" as=\"image\"\/><\/p>\n<p>\n            Les lyc\u00e9ens de l&rsquo;\u00e9tablissement Magendie se sont fortement mobilis\u00e9s ce jeudi 2 octobre.<br \/>\n                           \u2022<br \/>\n                                      \u00a9 France 3 Aquitaine \/ N. Pressigout\n                      <\/p>\n<p><\/a><\/p>\n<p>Une tendance confirm\u00e9e dans les cort\u00e8ges. Partout, cette journ\u00e9e a rassembl\u00e9 bien moins de monde que la pr\u00e9c\u00e9dente mobilisation du 18 septembre. 1 700 personnes environ \u00e0 Bayonne, contre 4 000 mi-septembre. L&rsquo;une des raisons \u00e9voqu\u00e9es au hasard des manifestations ? Difficile d&rsquo;entretenir la lutte sans gouvernement \u00e0 l&rsquo;horizon. \u00ab\u00a0On ne sait pas trop o\u00f9 on va\u00a0\u00bb, avoue une enseignante bordelaise. 2 600 personnes ont battu le pav\u00e9 ici dans la capitale girondine, selon la pr\u00e9fecture.<\/p>\n<blockquote class=\"ftvi_content_quote\">\n<p class=\"ftvi_citation_quote\">On ne voit pas \u00e7a comme un essoufflement, c&rsquo;est un cycle de lutte.<\/p>\n<p>Argitxu Dufau<\/p>\n<p class=\"ftvi_citation_source\">Repr\u00e9sentante syndicale &#8211; LAB<\/p>\n<\/blockquote>\n<p>Et d&rsquo;appuyer : \u00ab\u00a0car faire gr\u00e8ve, c&rsquo;est faire le pari de perdre un jour de salaire pour les autres.\u00a0\u00bb \u00c0 Pau justement, l&rsquo;intersyndicale marche cette matin\u00e9e derri\u00e8re une m\u00eame banni\u00e8re : \u00ab\u00a0Les sacrifices, \u00e7a suffit !\u00a0\u00bb Apr\u00e8s avoir pos\u00e9 un ultimatum \u00e0 S\u00e9bastien Lecornu suite \u00e0 la journ\u00e9e du 18 septembre, les syndicats estiment ne pas avoir \u00e9t\u00e9 entendus et comptent continuer \u00e0 peser \u00e0 quelques jours de sa d\u00e9claration de politique g\u00e9n\u00e9rale.<\/p>\n<p>Du c\u00f4t\u00e9 de Pau, un repr\u00e9sentant CGT abonde : \u00ab\u00a0la force est du c\u00f4t\u00e9 des gens. On appellera toujours \u00e0 se mobiliser, sans attendre qu&rsquo;un gouvernement dicte son agenda politique.\u00a0\u00bb Pour beaucoup, ils n&rsquo;en attendent rien. Il serait m\u00eame d\u00e9j\u00e0 \u00ab\u00a0ill\u00e9gitime\u00a0\u00bb selon cette Bayonnaise : \u00ab\u00a0il est pilot\u00e9 par une personnalit\u00e9 d&rsquo;un camp politique qui a perdu les \u00e9lections. On ne se fait aucune illusion.\u00a0\u00bb<\/p>\n<p><a data-article-figure=\"\" href=\"https:\/\/france3-regions.franceinfo.fr\/image\/w-VZxJZ3NtPDUofc3X-He7XoeQw\/1920x1080\/regions\/2025\/10\/02\/uts-bord-pau-1-2025-10-02-11-51-50-00-00-03-07-68de73575a644074179187.jpg\" data-pswp-width=\"1920\" data-pswp-height=\"1080\" target=\"_blank\" rel=\"nofollow noopener\"><\/p>\n<p>          <img width=\"600\" height=\"400\" class=\"article-image lazy\" data-src=\"https:\/\/www.europesays.com\/fr\/wp-content\/uploads\/2025\/10\/uts-bord-pau-1-2025-10-02-11-51-50-00-00-03-07-68de73575a644074179187.jpg\" alt=\"Ici \u00e0 Pau, 2 500 personnes ont battu le pav\u00e9, pour demande plus de justice sociale.\" fetchpriority=\"high\" as=\"image\"\/><\/p>\n<p>\n            Ici \u00e0 Pau, 2 500 personnes ont battu le pav\u00e9, pour demande plus de justice sociale.<br \/>\n                           \u2022<br \/>\n                                      \u00a9 France 3 Aquitaine \/ O. Lopez\n                      <\/p>\n<p><\/a><\/p>\n<p><a data-article-figure=\"\" href=\"https:\/\/france3-regions.franceinfo.fr\/image\/1Pt9OqqNrkeXNV1sDEJLc7qOdyc\/1920x1080\/regions\/2025\/10\/02\/c-etche2014-00-00-06-13-68de73dfe7bf8426625632.jpg\" data-pswp-width=\"1920\" data-pswp-height=\"1080\" target=\"_blank\" rel=\"nofollow noopener\"><\/p>\n<p>          <img width=\"600\" height=\"400\" class=\"article-image lazy\" data-src=\"https:\/\/www.europesays.com\/fr\/wp-content\/uploads\/2025\/10\/c-etche2014-00-00-06-13-68de73dfe7bf8426625632.jpg\" alt=\"Le cort\u00e8ge bayonnais a r\u00e9uni 1 700 personnes. Le 18 septembre entre 4 000 et 10 000 personnes avaient d\u00e9fil\u00e9.\" fetchpriority=\"high\" as=\"image\"\/><\/p>\n<p>\n            Le cort\u00e8ge bayonnais a r\u00e9uni 1 700 personnes. Le 18 septembre entre 4 000 et 10 000 personnes avaient d\u00e9fil\u00e9.<br \/>\n                           \u2022<br \/>\n                                      \u00a9 France 3 Euskal Herri &#8211; C. Etchegaray\n                      <\/p>\n<p><\/a><\/p>\n<p>Parmi leurs revendications, auxquelles le Premier ministre n&rsquo;a pas donn\u00e9 suite vendredi dernier : l&rsquo;abandon de la r\u00e9forme des retraites, la taxe Zucman sur les hauts patrimoines ou encore l&rsquo;augmentation des moyens pour les services publics.<\/p>\n<p>Alors, partout dans la r\u00e9gion, les manifestants encore pr\u00e9sents sont l\u00e0 \u00ab\u00a0pour marquer le coup, montrer que c&rsquo;est du s\u00e9rieux\u00a0\u00bb, l\u00e2che Capucine, enseignante depuis 2008 \u00e0 P\u00e9rigueux. Quand d&rsquo;autres, comme Marie-Laure, \u00e0 Bordeaux, esp\u00e8rent d\u00e9sormais \u00ab\u00a0pousser jusqu&rsquo;\u00e0 la gr\u00e8ve g\u00e9n\u00e9rale. C&rsquo;est ce que veulent les travailleurs, arr\u00eater l&rsquo;\u00e9conomie du pays\u00a0\u00bb.<\/p>\n","protected":false},"excerpt":{"rendered":"Nouvelle journ\u00e9e de mobilisation convoqu\u00e9e par les syndicats ce jeudi 2 octobre. A Pau, Bayonne, P\u00e9rigueux et Bordeaux,&hellip;\n","protected":false},"author":2,"featured_media":435115,"comment_status":"","ping_status":"","sticky":false,"template":"","format":"standard","meta":{"footnotes":""},"categories":[2817],"tags":[1111,11,1997,1777,674,1011,27,12,2219,25],"class_list":{"0":"post-435114","1":"post","2":"type-post","3":"status-publish","4":"format-standard","5":"has-post-thumbnail","7":"category-bordeaux","8":"tag-actu","9":"tag-actualites","10":"tag-bordeaux","11":"tag-eu","12":"tag-europe","13":"tag-fr","14":"tag-france","15":"tag-news","16":"tag-nouvelle-aquitaine","17":"tag-republique-francaise"},"share_on_mastodon":{"url":"https:\/\/pubeurope.com\/@fr\/115307910516460097","error":""},"_links":{"self":[{"href":"https:\/\/www.europesays.com\/fr\/wp-json\/wp\/v2\/posts\/435114","targetHints":{"allow":["GET"]}}],"collection":[{"href":"https:\/\/www.europesays.com\/fr\/wp-json\/wp\/v2\/posts"}],"about":[{"href":"https:\/\/www.europesays.com\/fr\/wp-json\/wp\/v2\/types\/post"}],"author":[{"embeddable":true,"href":"https:\/\/www.europesays.com\/fr\/wp-json\/wp\/v2\/users\/2"}],"replies":[{"embeddable":true,"href":"https:\/\/www.europesays.com\/fr\/wp-json\/wp\/v2\/comments?post=435114"}],"version-history":[{"count":0,"href":"https:\/\/www.europesays.com\/fr\/wp-json\/wp\/v2\/posts\/435114\/revisions"}],"wp:featuredmedia":[{"embeddable":true,"href":"https:\/\/www.europesays.com\/fr\/wp-json\/wp\/v2\/media\/435115"}],"wp:attachment":[{"href":"https:\/\/www.europesays.com\/fr\/wp-json\/wp\/v2\/media?parent=435114"}],"wp:term":[{"taxonomy":"category","embeddable":true,"href":"https:\/\/www.europesays.com\/fr\/wp-json\/wp\/v2\/categories?post=435114"},{"taxonomy":"post_tag","embeddable":true,"href":"https:\/\/www.europesays.com\/fr\/wp-json\/wp\/v2\/tags?post=435114"}],"curies":[{"name":"wp","href":"https:\/\/api.w.org\/{rel}","templated":true}]}}