{"id":435122,"date":"2025-10-03T02:41:12","date_gmt":"2025-10-03T02:41:12","guid":{"rendered":"https:\/\/www.europesays.com\/fr\/435122\/"},"modified":"2025-10-03T02:41:12","modified_gmt":"2025-10-03T02:41:12","slug":"fort-bouchon-a-la-sortie-de-marseille-sur-la50-cause-par-un-vehicule-en-panne","status":"publish","type":"post","link":"https:\/\/www.europesays.com\/fr\/435122\/","title":{"rendered":"fort bouchon \u00e0 la sortie de Marseille sur l&rsquo;A50 caus\u00e9 par un v\u00e9hicule en panne"},"content":{"rendered":"<p>Dans le secteur de la Pomme \u00e0 Marseille, <a href=\"https:\/\/www.laprovence.com\/article\/faits-divers-justice\/37240584594500\/un-appel-a-temoins-lance-apres-la-mort-dun-homme-fauche-sur-lautoroute-a50-a-marseille\" target=\"_blank\" rel=\"noopener\">sur l&rsquo;autoroute A50<\/a>, un v\u00e9hicule est tomb\u00e9 en panne. Et ce en direction d&rsquo;Aubagne. Cet incident provoque la coupure d&rsquo;une voie. La voie lente qui est interdite \u00e0 la circulation. Ce qui provoque une retenue \u00e0 la sortie de la cit\u00e9 phoc\u00e9enne. Le bouchon remonte jusque dans le secteur de Menpenti, \u00e0 l&rsquo;entr\u00e9e de l&rsquo;autoroute en somme.\u00a0<\/p>\n<p>En outre, un pare-chocs contre pare-chocs est en train de prendre de l&rsquo;ampleur sur la rocade L2. Cette voie de contournement de la deuxi\u00e8me ville de France est satur\u00e9e sur pr\u00e8s d&rsquo;un kilom\u00e8tre depuis quelques minutes.<\/p>\n<p>Toutes ces zones sont \u00e0 \u00e9viter si possible. Et il convient d&rsquo;adapter sa vitesse. Les patrouilleurs de la Direction interd\u00e9partementale des routes de M\u00e9diterran\u00e9e (Dirmed) sont sur place.<\/p>\n","protected":false},"excerpt":{"rendered":"Dans le secteur de la Pomme \u00e0 Marseille, sur l&rsquo;autoroute A50, un v\u00e9hicule est tomb\u00e9 en panne. Et&hellip;\n","protected":false},"author":2,"featured_media":435123,"comment_status":"","ping_status":"","sticky":false,"template":"","format":"standard","meta":{"footnotes":""},"categories":[2814],"tags":[17,1111,11,4899,1102,1777,674,7482,1011,27,1922,884,12,882,16,25,3686,3356,1097],"class_list":{"0":"post-435122","1":"post","2":"type-post","3":"status-publish","4":"format-standard","5":"has-post-thumbnail","7":"category-marseille","8":"tag-17","9":"tag-actu","10":"tag-actualites","11":"tag-bouchon","12":"tag-breakingnews","13":"tag-eu","14":"tag-europe","15":"tag-fort","16":"tag-fr","17":"tag-france","18":"tag-info","19":"tag-marseille","20":"tag-news","21":"tag-provence-alpes-cote-dazur","22":"tag-region","23":"tag-republique-francaise","24":"tag-sortie","25":"tag-sur","26":"tag-trafic"},"share_on_mastodon":{"url":"https:\/\/pubeurope.com\/@fr\/115307930370700886","error":""},"_links":{"self":[{"href":"https:\/\/www.europesays.com\/fr\/wp-json\/wp\/v2\/posts\/435122","targetHints":{"allow":["GET"]}}],"collection":[{"href":"https:\/\/www.europesays.com\/fr\/wp-json\/wp\/v2\/posts"}],"about":[{"href":"https:\/\/www.europesays.com\/fr\/wp-json\/wp\/v2\/types\/post"}],"author":[{"embeddable":true,"href":"https:\/\/www.europesays.com\/fr\/wp-json\/wp\/v2\/users\/2"}],"replies":[{"embeddable":true,"href":"https:\/\/www.europesays.com\/fr\/wp-json\/wp\/v2\/comments?post=435122"}],"version-history":[{"count":0,"href":"https:\/\/www.europesays.com\/fr\/wp-json\/wp\/v2\/posts\/435122\/revisions"}],"wp:featuredmedia":[{"embeddable":true,"href":"https:\/\/www.europesays.com\/fr\/wp-json\/wp\/v2\/media\/435123"}],"wp:attachment":[{"href":"https:\/\/www.europesays.com\/fr\/wp-json\/wp\/v2\/media?parent=435122"}],"wp:term":[{"taxonomy":"category","embeddable":true,"href":"https:\/\/www.europesays.com\/fr\/wp-json\/wp\/v2\/categories?post=435122"},{"taxonomy":"post_tag","embeddable":true,"href":"https:\/\/www.europesays.com\/fr\/wp-json\/wp\/v2\/tags?post=435122"}],"curies":[{"name":"wp","href":"https:\/\/api.w.org\/{rel}","templated":true}]}}