{"id":435126,"date":"2025-10-03T02:43:17","date_gmt":"2025-10-03T02:43:17","guid":{"rendered":"https:\/\/www.europesays.com\/fr\/435126\/"},"modified":"2025-10-03T02:43:17","modified_gmt":"2025-10-03T02:43:17","slug":"un-leger-mieux-pour-limmobilier-neuf-a-lyon","status":"publish","type":"post","link":"https:\/\/www.europesays.com\/fr\/435126\/","title":{"rendered":"Un l\u00e9ger mieux pour l\u2019immobilier neuf \u00e0 Lyon"},"content":{"rendered":"<p><img width=\"487\" height=\"299\" src=\"https:\/\/www.europesays.com\/fr\/wp-content\/uploads\/2025\/10\/revel-bouvier.jpg\" class=\"attachment-post-thumbnail size-post-thumbnail wp-post-image\" alt=\"\" decoding=\"async\" fetchpriority=\"high\" \/><\/p>\n<p>Martin Revel, pr\u00e9sident du CECIM, et B\u00e9reng\u00e8re Bouvier, pr\u00e9sidente de la FPI r\u00e9gion lyonnaise (SdH\/LPI)<\/p>\n<p><strong>La FPI r\u00e9gion lyonnaise et le CECIM ont fait \u00e9tat d\u2019un l\u00e9ger mieux en mati\u00e8re de ventes de logements neufs, \u00e0 la faveur d\u2019un rebond de l\u2019accession. Mais l\u2019investissement locatif reste, lui, au point mort.<\/strong><\/p>\n<p>La FPI r\u00e9gion lyonnaise organisait ce jeudi, avec l\u2019observatoire du CECIM, une conf\u00e9rence de presse visant \u00e0 faire un point sur le march\u00e9 du logement neuf dans l\u2019agglom\u00e9ration lyonnaise. Etaient pr\u00e9sents \u00e0 cette occasion Martin Revel, pr\u00e9sident du CECIM, et B\u00e9reng\u00e8re Bouvier, nouvelle pr\u00e9sidente de la FPI en r\u00e9gion lyonnaise.<\/p>\n<p>Retour de quelques chiffres dans le vert dans la r\u00e9gion<\/p>\n<p>Apr\u00e8s une ann\u00e9e 2024 marqu\u00e9e par une stagnation des ventes au d\u00e9tail par rapport \u00e0 une ann\u00e9e 2023 d\u00e9j\u00e0 fam\u00e9lique en termes de r\u00e9servations, les 9 premiers mois de 2025 laissent transparaitre un certain nombre d\u2019am\u00e9liorations sur certains territoires.<\/p>\n<p>\u00abContrairement \u00e0 l\u2019ann\u00e9e derni\u00e8re o\u00f9 nous \u00e9tions dans le rouge absolument partout, on commence \u00e0 avoir, et pas seulement dans la M\u00e9tropole de Lyon, quelques chiffres qui commencent \u00e0 repasser dans le vert\u00bb, se r\u00e9jouit Martin Revel. <\/p>\n<p><img decoding=\"async\" src=\"https:\/\/www.europesays.com\/fr\/wp-content\/uploads\/2025\/04\/abonnezvouslarge.jpg\" alt=\"\" \/><\/p>\n<p>Pour lire la totalit\u00e9 de l&rsquo;article,<strong> <a href=\"http:\/\/www.lyonpoleimmo.com\/membership-options-page\/\" target=\"_blank\" rel=\"noopener\">abonnez-vous<\/a> <\/strong>ou <a href=\"http:\/\/www.lyonpoleimmo.com\/senregistrer\/\" target=\"_blank\" rel=\"noopener\"><strong>identifiez-vous<\/strong><\/a>  <\/p>\n<p><strong>Si vous avez appr\u00e9ci\u00e9 cet article, s&rsquo;il vous plait, prenez le temps de <a href=\"#comments\">laisser un commentaire<\/a> ou de <a href=\"http:\/\/www.lyonpoleimmo.com\/feed\/\" target=\"_blank\" rel=\"noopener\">souscrire au flux<\/a> afin de recevoir les futurs articles directement dans votre lecteur de flux.<br \/>\n    <\/strong><\/p>\n<p>\t<a href=\"http:\/\/www.lyonpoleimmo.com\/2025\/09\/30\/92340\/la-refonte-du-fsl-adoptee-au-conseil-de-la-metropole\/\" rel=\"bookmark noopener\" title=\"Lien Permanent vers La refonte du FSL adopt\u00e9e au conseil de la M\u00e9tropole\" target=\"_blank\">La refonte du FSL adopt\u00e9e au conseil de la M\u00e9tropole<\/a><\/p>\n<p>\t<a href=\"http:\/\/www.lyonpoleimmo.com\/2025\/09\/30\/92340\/la-refonte-du-fsl-adoptee-au-conseil-de-la-metropole\/\" rel=\"bookmark noopener\" title=\"Lien Permanent vers La refonte du FSL adopt\u00e9e au conseil de la M\u00e9tropole\" target=\"_blank\"><\/p>\n<p>La M\u00e9tropole de Lyon a vot\u00e9 lors du conseil m\u00e9tropolitain un nouveau r\u00e8glement du fonds de solidarit\u00e9 logement, afin de renforcer l\u2019accompagnement des m\u00e9nages en difficult\u00e9.<\/p>\n<p><\/a><\/p>\n<p>\t<a href=\"http:\/\/www.lyonpoleimmo.com\/2025\/09\/29\/92310\/logement-etudiant-vote-dune-enveloppe-complementaire-de-187-me\/\" rel=\"bookmark noopener\" title=\"Lien Permanent vers Logement \u00e9tudiant : vote d\u2019une enveloppe compl\u00e9mentaire de 1,87 M\u20ac\" target=\"_blank\">Logement \u00e9tudiant : vote d\u2019une enveloppe compl\u00e9mentaire de 1,87 M\u20ac<\/a><\/p>\n<p>\t<a href=\"http:\/\/www.lyonpoleimmo.com\/2025\/09\/29\/92310\/logement-etudiant-vote-dune-enveloppe-complementaire-de-187-me\/\" rel=\"bookmark noopener\" title=\"Lien Permanent vers Logement \u00e9tudiant : vote d\u2019une enveloppe compl\u00e9mentaire de 1,87 M\u20ac\" target=\"_blank\"><\/p>\n<p>Cette enveloppe a \u00e9t\u00e9 vot\u00e9e par le conseil de la M\u00e9tropole de Lyon ce lundi 29 septembre, pour permettre l\u2019engagement de davantage de constructions de logements sociaux sur l\u2019ann\u00e9e 2025.<\/p>\n<p><\/a><\/p>\n<p>\t<a href=\"http:\/\/www.lyonpoleimmo.com\/2025\/09\/25\/92290\/accord-entre-lespi-et-la-federation-des-esh\/\" rel=\"bookmark noopener\" title=\"Lien Permanent vers Accord entre l\u2019ESPI et la f\u00e9d\u00e9ration des ESH\" target=\"_blank\">Accord entre l\u2019ESPI et la f\u00e9d\u00e9ration des ESH<\/a><\/p>\n<p>\t<a href=\"http:\/\/www.lyonpoleimmo.com\/2025\/09\/25\/92290\/accord-entre-lespi-et-la-federation-des-esh\/\" rel=\"bookmark noopener\" title=\"Lien Permanent vers Accord entre l\u2019ESPI et la f\u00e9d\u00e9ration des ESH\" target=\"_blank\"><\/p>\n<p>L\u2019ESPI et la F\u00e9d\u00e9ration des Entreprises Sociales pour l\u2019Habitat (ESH) ont sign\u00e9 un accord visant \u00e0 unir leurs expertises au service des m\u00e9tiers du logement social.<\/p>\n<p><\/a><\/p>\n<p>\t<a href=\"http:\/\/www.lyonpoleimmo.com\/2025\/09\/25\/92279\/les-logements-du-parc-social-tres-majoritairement-exposes-aux-fortes-chaleurs\/\" rel=\"bookmark noopener\" title=\"Lien Permanent vers Les logements du parc social tr\u00e8s majoritairement expos\u00e9s aux fortes chaleurs\" target=\"_blank\">Les logements du parc social tr\u00e8s majoritairement expos\u00e9s aux fortes chaleurs<\/a><\/p>\n<p>\t<a href=\"http:\/\/www.lyonpoleimmo.com\/2025\/09\/25\/92279\/les-logements-du-parc-social-tres-majoritairement-exposes-aux-fortes-chaleurs\/\" rel=\"bookmark noopener\" title=\"Lien Permanent vers Les logements du parc social tr\u00e8s majoritairement expos\u00e9s aux fortes chaleurs\" target=\"_blank\"><\/p>\n<p>Une nouvelle \u00e9tude de la FOPH et de la Banque des Territoires montre que 64% des logements du parc sont d\u00e9j\u00e0 expos\u00e9s aux fortes chaleurs, et que 94% pourraient l\u2019\u00eatre en 2100.<\/p>\n<p><\/a><\/p>\n<p>\t<a href=\"http:\/\/www.lyonpoleimmo.com\/2025\/09\/24\/92265\/logement-intermediaire-nouvelle-enveloppe-de-pret-de-500-millions-deuros\/\" rel=\"bookmark noopener\" title=\"Lien Permanent vers Logement interm\u00e9diaire : nouvelle enveloppe de pr\u00eat de 500 millions d\u2019euros\" target=\"_blank\">Logement interm\u00e9diaire : nouvelle enveloppe de pr\u00eat de 500 millions d\u2019euros<\/a><\/p>\n<p>\t<a href=\"http:\/\/www.lyonpoleimmo.com\/2025\/09\/24\/92265\/logement-intermediaire-nouvelle-enveloppe-de-pret-de-500-millions-deuros\/\" rel=\"bookmark noopener\" title=\"Lien Permanent vers Logement interm\u00e9diaire : nouvelle enveloppe de pr\u00eat de 500 millions d\u2019euros\" target=\"_blank\"><\/p>\n<p>La BEI et la Banque des Territoires annoncent cette nouvelle enveloppe de pr\u00eat pour accro\u00eetre l\u2019offre de financements en faveur de logements interm\u00e9diaires.<\/p>\n<p><\/a><\/p>\n<p>\t<a href=\"http:\/\/www.lyonpoleimmo.com\/2025\/09\/22\/92226\/ouverture-du-85e-congres-de-lunion-sociale-pour-lhabitat\/\" rel=\"bookmark noopener\" title=\"Lien Permanent vers Ouverture du 85e congr\u00e8s de l\u2019Union sociale pour l\u2019habitat\" target=\"_blank\">Ouverture du 85e congr\u00e8s de l\u2019Union sociale pour l\u2019habitat<\/a><\/p>\n<p>\t<a href=\"http:\/\/www.lyonpoleimmo.com\/2025\/09\/22\/92226\/ouverture-du-85e-congres-de-lunion-sociale-pour-lhabitat\/\" rel=\"bookmark noopener\" title=\"Lien Permanent vers Ouverture du 85e congr\u00e8s de l\u2019Union sociale pour l\u2019habitat\" target=\"_blank\"><\/p>\n<p>Ce congr\u00e8s s\u2019ouvre ce mardi pour trois jours, du 23 au 25 septembre, Porte de Versailles \u00e0 Paris. Plus de 25.000 visiteurs sont attendus.<\/p>\n<p><\/a><\/p>\n<p>\t<a href=\"http:\/\/www.lyonpoleimmo.com\/2025\/09\/22\/92229\/la-colline-inauguree-a-lyon-5\/\" rel=\"bookmark noopener\" title=\"Lien Permanent vers \u00ab La Colline \u00bb, inaugur\u00e9e \u00e0 Lyon 5\" target=\"_blank\">\u00ab La Colline \u00bb, inaugur\u00e9e \u00e0 Lyon 5<\/a><\/p>\n<p>\t<a href=\"http:\/\/www.lyonpoleimmo.com\/2025\/09\/22\/92229\/la-colline-inauguree-a-lyon-5\/\" rel=\"bookmark noopener\" title=\"Lien Permanent vers \u00ab La Colline \u00bb, inaugur\u00e9e \u00e0 Lyon 5\" target=\"_blank\"><\/p>\n<p><img decoding=\"async\" src=\"https:\/\/www.europesays.com\/fr\/wp-content\/uploads\/2025\/09\/La-Colline.jpg\" alt=\"null\" \/>Alliade Habitat, Action Logement et la M\u00e9tropole de Lyon ont inaugur\u00e9 lundi dernier cette initiative innovante au service de l\u2019habitat et de la solidarit\u00e9.<\/p>\n<p><\/a><\/p>\n<p>\t<a href=\"http:\/\/www.lyonpoleimmo.com\/2025\/09\/18\/92199\/inauguration-de-la-residence-les-jasmins-a-bron\/\" rel=\"bookmark noopener\" title=\"Lien Permanent vers Inauguration de la r\u00e9sidence \u00ab Les Jasmins \u00bb \u00e0 Bron\" target=\"_blank\">Inauguration de la r\u00e9sidence \u00ab Les Jasmins \u00bb \u00e0 Bron<\/a><\/p>\n<p>\t<a href=\"http:\/\/www.lyonpoleimmo.com\/2025\/09\/18\/92199\/inauguration-de-la-residence-les-jasmins-a-bron\/\" rel=\"bookmark noopener\" title=\"Lien Permanent vers Inauguration de la r\u00e9sidence \u00ab Les Jasmins \u00bb \u00e0 Bron\" target=\"_blank\"><\/p>\n<p><img decoding=\"async\" src=\"https:\/\/www.europesays.com\/fr\/wp-content\/uploads\/2025\/09\/Les-Jasmins.jpg\" alt=\"null\" \/>Cette nouvelle r\u00e9sidence pour accompagner le grand \u00e2ge a \u00e9t\u00e9 inaugur\u00e9e mercredi \u00e0 Bron.<\/p>\n<p><\/a><\/p>\n<p>\t<a href=\"http:\/\/www.lyonpoleimmo.com\/2025\/09\/17\/92185\/le-mouvement-hlm-alerte-sur-lampleur-et-la-gravite-de-la-crise-du-logement\/\" rel=\"bookmark noopener\" title=\"Lien Permanent vers Le Mouvement HLM alerte sur l\u2019ampleur et la gravit\u00e9 de la crise du logement\" target=\"_blank\">Le Mouvement HLM alerte sur l\u2019ampleur et la gravit\u00e9 de la crise du logement<\/a><\/p>\n<p>\t<a href=\"http:\/\/www.lyonpoleimmo.com\/2025\/09\/17\/92185\/le-mouvement-hlm-alerte-sur-lampleur-et-la-gravite-de-la-crise-du-logement\/\" rel=\"bookmark noopener\" title=\"Lien Permanent vers Le Mouvement HLM alerte sur l\u2019ampleur et la gravit\u00e9 de la crise du logement\" target=\"_blank\"><\/p>\n<p>Le Mouvement HLM appelle \u00e0 une rupture forte pour lancer une mobilisation urgente face \u00e0 la crise du logement.<\/p>\n<p><\/a><\/p>\n<p>\t<a href=\"http:\/\/www.lyonpoleimmo.com\/2025\/09\/16\/92164\/les-qpv-mis-a-lhonneur-des-journees-europeennes-du-patrimoine-2025\/\" rel=\"bookmark noopener\" title=\"Lien Permanent vers Les QPV mis \u00e0 l\u2019honneur des journ\u00e9es europ\u00e9ennes du patrimoine 2025\" target=\"_blank\">Les QPV mis \u00e0 l\u2019honneur des journ\u00e9es europ\u00e9ennes du patrimoine 2025<\/a><\/p>\n<p>\t<a href=\"http:\/\/www.lyonpoleimmo.com\/2025\/09\/16\/92164\/les-qpv-mis-a-lhonneur-des-journees-europeennes-du-patrimoine-2025\/\" rel=\"bookmark noopener\" title=\"Lien Permanent vers Les QPV mis \u00e0 l\u2019honneur des journ\u00e9es europ\u00e9ennes du patrimoine 2025\" target=\"_blank\"><\/p>\n<p>Les quartiers prioritaires de la politique de la ville du Rh\u00f4ne seront mis a l\u2019honneur ce week-end \u00e0 l\u2019occasion de cet \u00e9v\u00e8nement annuel.<\/p>\n<p><\/a><\/p>\n<p>\t<a href=\"http:\/\/www.lyonpoleimmo.com\/2025\/09\/15\/92154\/275-logements-de-la-cite-tony-garnier-ont-ete-rehabilites\/\" rel=\"bookmark noopener\" title=\"Lien Permanent vers 275 logements de la cit\u00e9 Tony Garnier ont \u00e9t\u00e9 r\u00e9habilit\u00e9s\" target=\"_blank\">275 logements de la cit\u00e9 Tony Garnier ont \u00e9t\u00e9 r\u00e9habilit\u00e9s<\/a><\/p>\n<p>\t<a href=\"http:\/\/www.lyonpoleimmo.com\/2025\/09\/15\/92154\/275-logements-de-la-cite-tony-garnier-ont-ete-rehabilites\/\" rel=\"bookmark noopener\" title=\"Lien Permanent vers 275 logements de la cit\u00e9 Tony Garnier ont \u00e9t\u00e9 r\u00e9habilit\u00e9s\" target=\"_blank\"><\/p>\n<p><img decoding=\"async\" src=\"https:\/\/www.europesays.com\/fr\/wp-content\/uploads\/2025\/09\/Cite-Tony-Garnier.jpg\" \/>GrandLyon Habitat organisait vendredi une visite de la Cit\u00e9 Tony Garnier, dans le 8e arrondissement de Lyon, en pr\u00e9sence d\u2019\u00e9lus de la Ville et de la M\u00e9tropole, et de la sous-pr\u00e9f\u00e8te charg\u00e9e de la politique de la ville.<\/p>\n<p><\/a><\/p>\n<p>\t<a href=\"http:\/\/www.lyonpoleimmo.com\/2025\/09\/14\/92131\/rehabilitation-ou-construction-le-difficile-choix-des-bailleurs-sociaux\/\" rel=\"bookmark noopener\" title=\"Lien Permanent vers R\u00e9habilitation ou construction\u00a0: le difficile choix des bailleurs sociaux\" target=\"_blank\">R\u00e9habilitation ou construction\u00a0: le difficile choix des bailleurs sociaux<\/a><\/p>\n<p>\t<a href=\"http:\/\/www.lyonpoleimmo.com\/2025\/09\/14\/92131\/rehabilitation-ou-construction-le-difficile-choix-des-bailleurs-sociaux\/\" rel=\"bookmark noopener\" title=\"Lien Permanent vers R\u00e9habilitation ou construction\u00a0: le difficile choix des bailleurs sociaux\" target=\"_blank\"><\/p>\n<p>C\u2019est ce que souligne la derni\u00e8re \u00e9tude \u00e9conomique et financi\u00e8re de la Banque des Territoires consacr\u00e9e au logement social, \u00abPerspectives\u00bb<\/p>\n<p><\/a><\/p>\n<p>\t<a href=\"http:\/\/www.lyonpoleimmo.com\/2025\/09\/01\/91954\/saint-genis-laval-vers-une-renovation-de-la-residence-autonomie-le-colombier\/\" rel=\"bookmark noopener\" title=\"Lien Permanent vers Saint-Genis-Laval\u00a0: vers une r\u00e9novation de la r\u00e9sidence autonomie \u00abLe Colombier\u00bb\" target=\"_blank\">Saint-Genis-Laval\u00a0: vers une r\u00e9novation de la r\u00e9sidence autonomie \u00abLe Colombier\u00bb<\/a><\/p>\n<p>\t<a href=\"http:\/\/www.lyonpoleimmo.com\/2025\/09\/01\/91954\/saint-genis-laval-vers-une-renovation-de-la-residence-autonomie-le-colombier\/\" rel=\"bookmark noopener\" title=\"Lien Permanent vers Saint-Genis-Laval\u00a0: vers une r\u00e9novation de la r\u00e9sidence autonomie \u00abLe Colombier\u00bb\" target=\"_blank\"><\/p>\n<p>CDC Habitat Auvergne-Rh\u00f4ne Alpes et la ville de Saint-Genis-Laval se sont engag\u00e9es dans une r\u00e9novation de la r\u00e9sidence autonomie \u00abLe Colombier\u00bb.<\/p>\n<p><\/a><\/p>\n<p>\t<a href=\"http:\/\/www.lyonpoleimmo.com\/2025\/08\/31\/91941\/grandlyon-habitat-facilite-linstallation-de-professionnels-de-sante\/\" rel=\"bookmark noopener\" title=\"Lien Permanent vers GrandLyon Habitat facilite l\u2019installation de professionnels de sant\u00e9\" target=\"_blank\">GrandLyon Habitat facilite l\u2019installation de professionnels de sant\u00e9<\/a><\/p>\n<p>\t<a href=\"http:\/\/www.lyonpoleimmo.com\/2025\/08\/31\/91941\/grandlyon-habitat-facilite-linstallation-de-professionnels-de-sante\/\" rel=\"bookmark noopener\" title=\"Lien Permanent vers GrandLyon Habitat facilite l\u2019installation de professionnels de sant\u00e9\" target=\"_blank\"><\/p>\n<p>GrandLyon Habitat s\u2019est engag\u00e9 aux cot\u00e9s de l\u2019ARS et de la CPAM, lors d\u2019une c\u00e9r\u00e9monie organis\u00e9e \u00e0 l\u2019H\u00f4tel de Ville de Lyon, \u00e0 faciliter l\u2019installation de professionnels de sant\u00e9 \u00e0 Lyon.<\/p>\n<p><\/a><\/p>\n<p>\t<a href=\"http:\/\/www.lyonpoleimmo.com\/2025\/08\/28\/91926\/une-1ere-residence-universitaire-geree-en-direct-par-lyon-metropole-habitat\/\" rel=\"bookmark noopener\" title=\"Lien Permanent vers Une 1\u00e8re r\u00e9sidence universitaire g\u00e9r\u00e9e en direct par Lyon M\u00e9tropole Habitat\" target=\"_blank\">Une 1\u00e8re r\u00e9sidence universitaire g\u00e9r\u00e9e en direct par Lyon M\u00e9tropole Habitat<\/a><\/p>\n<p>\t<a href=\"http:\/\/www.lyonpoleimmo.com\/2025\/08\/28\/91926\/une-1ere-residence-universitaire-geree-en-direct-par-lyon-metropole-habitat\/\" rel=\"bookmark noopener\" title=\"Lien Permanent vers Une 1\u00e8re r\u00e9sidence universitaire g\u00e9r\u00e9e en direct par Lyon M\u00e9tropole Habitat\" target=\"_blank\"><\/p>\n<p><img decoding=\"async\" src=\"https:\/\/www.europesays.com\/fr\/wp-content\/uploads\/2025\/09\/Clair-Tisseur.jpg\" alt=\"null\" \/>La r\u00e9sidence \u00abClair Tisseur\u00bb, dans le 7e arrondissement de Lyon, a accueilli ce jeudi ses premiers \u00e9tudiants.<\/p>\n<p><\/a><\/p>\n","protected":false},"excerpt":{"rendered":"Martin Revel, pr\u00e9sident du CECIM, et B\u00e9reng\u00e8re Bouvier, pr\u00e9sidente de la FPI r\u00e9gion lyonnaise (SdH\/LPI) La FPI r\u00e9gion&hellip;\n","protected":false},"author":2,"featured_media":435127,"comment_status":"","ping_status":"","sticky":false,"template":"","format":"standard","meta":{"footnotes":""},"categories":[1889],"tags":[5265,1111,11,2430,1777,674,1011,27,23563,16354,2428,12,25],"class_list":{"0":"post-435126","1":"post","2":"type-post","3":"status-publish","4":"format-standard","5":"has-post-thumbnail","7":"category-lyon","8":"tag-abonnes","9":"tag-actu","10":"tag-actualites","11":"tag-auvergne-rhone-alpes","12":"tag-eu","13":"tag-europe","14":"tag-fr","15":"tag-france","16":"tag-lactualite-du-neuf","17":"tag-logement-social","18":"tag-lyon","19":"tag-news","20":"tag-republique-francaise"},"share_on_mastodon":{"url":"https:\/\/pubeurope.com\/@fr\/115307938860321703","error":""},"_links":{"self":[{"href":"https:\/\/www.europesays.com\/fr\/wp-json\/wp\/v2\/posts\/435126","targetHints":{"allow":["GET"]}}],"collection":[{"href":"https:\/\/www.europesays.com\/fr\/wp-json\/wp\/v2\/posts"}],"about":[{"href":"https:\/\/www.europesays.com\/fr\/wp-json\/wp\/v2\/types\/post"}],"author":[{"embeddable":true,"href":"https:\/\/www.europesays.com\/fr\/wp-json\/wp\/v2\/users\/2"}],"replies":[{"embeddable":true,"href":"https:\/\/www.europesays.com\/fr\/wp-json\/wp\/v2\/comments?post=435126"}],"version-history":[{"count":0,"href":"https:\/\/www.europesays.com\/fr\/wp-json\/wp\/v2\/posts\/435126\/revisions"}],"wp:featuredmedia":[{"embeddable":true,"href":"https:\/\/www.europesays.com\/fr\/wp-json\/wp\/v2\/media\/435127"}],"wp:attachment":[{"href":"https:\/\/www.europesays.com\/fr\/wp-json\/wp\/v2\/media?parent=435126"}],"wp:term":[{"taxonomy":"category","embeddable":true,"href":"https:\/\/www.europesays.com\/fr\/wp-json\/wp\/v2\/categories?post=435126"},{"taxonomy":"post_tag","embeddable":true,"href":"https:\/\/www.europesays.com\/fr\/wp-json\/wp\/v2\/tags?post=435126"}],"curies":[{"name":"wp","href":"https:\/\/api.w.org\/{rel}","templated":true}]}}