{"id":435132,"date":"2025-10-03T02:47:17","date_gmt":"2025-10-03T02:47:17","guid":{"rendered":"https:\/\/www.europesays.com\/fr\/435132\/"},"modified":"2025-10-03T02:47:17","modified_gmt":"2025-10-03T02:47:17","slug":"hommage-rescapee-du-massacre-doradour-camille-senon-est-decedee","status":"publish","type":"post","link":"https:\/\/www.europesays.com\/fr\/435132\/","title":{"rendered":"Hommage. Rescap\u00e9e du massacre d\u2019Oradour, Camille Senon est d\u00e9c\u00e9d\u00e9e"},"content":{"rendered":"<p class=\"article__intro\">Elle a pass\u00e9 sa vie \u00e0 mener des combats : devoir de m\u00e9moire, lutte syndicale, d\u00e9fense du droit des femmes. Camille Senon est d\u00e9c\u00e9d\u00e9e \u00e0 l&rsquo;\u00e2ge de 100 ans. Retour sur le parcours de cette femme dont le destin a \u00e9t\u00e9 marqu\u00e9 par le drame d&rsquo;Oradour.<\/p>\n<p>\n      L\u2019actu des r\u00e9gions\n    <\/p>\n<p>\n      Chaque jour, un tour d\u2019horizon des principales infos de toutes les r\u00e9gions.\n    <\/p>\n<p>    France T\u00e9l\u00e9visions utilise votre adresse e-mail afin de vous envoyer la newsletter \u00ab\u00a0L\u2019actu des r\u00e9gions\u00a0\u00bb. Vous pouvez vous d\u00e9sinscrire \u00e0 tout moment via le lien en bas de cette newsletter. <a target=\"_blank\" href=\"https:\/\/www.francetelevisions.fr\/groupe\/confidentialite\/politique-de-confidentialite\/politique-de-confidentialite-de-france-televisions-6503\" rel=\"nofollow noopener\">Notre politique de confidentialit\u00e9<\/a><\/p>\n<p>L&rsquo;information nous a \u00e9t\u00e9 confirm\u00e9e par la mairie d&rsquo;Oradour et le syndicat CGT. Camille Senon est d\u00e9c\u00e9d\u00e9e ce jeudi 2 octobre \u00e0 l&rsquo;\u00e2ge de 100 ans.\u00a0<\/p>\n<p>N\u00e9e le 5 juin 1925, \u00e0 Oradour-sur-Glane (Haute-Vienne), Camille Senon a vu sa vie basculer le 10 juin 1944. Ce jour-l\u00e0, \u00e0 18h, gare des Charentes \u00e0 Limoges, elle prend le dernier tramway qui va l\u2019emmener vers son village, devenu village martyr.<\/p>\n<p>Elle sera stopp\u00e9e \u00e0 l\u2019entr\u00e9e de la commune et faite prisonni\u00e8re par les SS. C\u2019est dans un champ, avec l\u2019\u00e9picier du village, que la jeune femme apprendra l\u2019horreur du massacre : \u00ab\u00a0Emile Redon, il avait une fille de mon \u00e2ge et il s\u2019approche de moi et me dit en me montrant le SS, \u2018tu sais ce qu\u2019il vient de me dire celui-l\u00e0, il vient de me dire, les femmes et les enfants br\u00fblent dans l\u2019\u00e9glise\u2019. Nous, nous avions vu l\u2019\u00e9glise en flamme, mais comment imaginer que des femmes, des enfants, pouvaient br\u00fbler dans l\u2019\u00e9glise\u2026 C\u2019\u00e9tait impensable, c\u2019\u00e9tait inimaginable !\u00a0\u00bb<\/p>\n<p>Lib\u00e9r\u00e9e sans explications, la jeune femme qui travaillait \u00e0 Limoges, \u00e9tait venue voir sa famille et d\u00e9couvre alors le village apr\u00e8s le massacre : \u00ab\u00a0J\u2019avan\u00e7ais comme dans un cauchemar&#8230; Mais je me disais, \u2018je vais bien voir une maison intacte, je vais bien voir un visage familier\u2019, et plus j\u2019avan\u00e7ais, il n\u2019y avait que des ruines, que des ruines\u2026 Quelques chiens errants, c\u2019\u00e9tait tout ce qui \u00e9tait vivant.\u00a0\u00bb<\/p>\n<p>    dur\u00e9e de la vid\u00e9o : 00h03mn01s<\/p>\n<p>        <img decoding=\"async\" width=\"640\" height=\"426\" class=\"article-image not-lazy\" src=\"https:\/\/www.europesays.com\/fr\/wp-content\/uploads\/2025\/10\/974f73b4-fa5f-4c73-ac93-f653a761888a.jpg\" alt=\"\" fetchpriority=\"high\"\/><\/p>\n<p>              Voir la video\u00a0(3 minutes 1 secondes).\u00a0<br \/>\n                  3 min 1 s<\/p>\n<p>\n          Camille Senon a pass\u00e9 sa vie \u00e0 mener des combats : devoir de m\u00e9moire, lutte syndicale, d\u00e9fense du droit des femmes. Retour sur le parcours de cette femme dont le destin a \u00e9t\u00e9 marqu\u00e9 par le drame d&rsquo;Oradour.<\/p>\n<p>        \u2022<\/p>\n<p>              \u00a9Emmanuel Denanot &#8211; France 3 Limousin &#8211; France T\u00e9l\u00e9visions\n      <\/p>\n<p>En 1953, Camille Senon t\u00e9moignera au proc\u00e8s de Bordeaux. Mais dans cet apr\u00e8s-guerre, la femme de conviction consacrera sa vie au militantisme\u2026 Au Parti Communiste, et principalement \u00e0 la CGT. Elle est nomm\u00e9e aux ch\u00e8ques postaux de Paris, \u00e0 une \u00e9poque o\u00f9 le tractage et les prises de paroles syndicales ne sont pas encore autoris\u00e9s. Elle deviendra secr\u00e9taire g\u00e9n\u00e9rale CGT au sein de cette entreprise.<br \/>\u00a0\u00a0<\/p>\n<p>Syndicaliste jusqu\u2019au bout des doigts, mais \u00e9galement f\u00e9ministe, Camille Senon fait la une de l\u2019actualit\u00e9 en mai 2016. \u00c0 91 ans, elle refuse ouvertement la proposition du Premier ministre de l\u2019\u00e9poque, Manuel Valls : il souhaite la nommer commandeur de l\u2019ordre national du M\u00e9rite. \u00ab\u00a0Je suis, en tant que militante syndicale, en conflit avec Mr le Premier ministre sur le probl\u00e8me de la Loi travail. Je suis totalement solidaire des salari\u00e9s, des jeunes, des d\u00e9put\u00e9s qui se prononcent contre cette loi.\u00a0\u00bb, expliquait-elle alors.<\/p>\n<p><a data-article-figure=\"\" href=\"https:\/\/france3-regions.franceinfo.fr\/image\/O2vJzVBns2Kd7YYiNQAb0_CW7lU\/1920x1080\/regions\/2024\/08\/22\/necrologie-camille-senon-00-02-26-05-66c709998e4a2854557180.jpg\" data-pswp-width=\"1920\" data-pswp-height=\"1080\" target=\"_blank\" rel=\"nofollow noopener\"><\/p>\n<p>          <img width=\"600\" height=\"400\" class=\"article-image lazy\" data-src=\"https:\/\/www.europesays.com\/fr\/wp-content\/uploads\/2025\/10\/necrologie-camille-senon-00-02-26-05-66c709998e4a2854557180.jpg\" alt=\"Officier de la L\u00e9gion d'honneur, Camille Senon a lutt\u00e9 contre l\u2019oubli et transmis le douloureux r\u00e9cit du massacre d\u2019Oradour \u00e0 de tr\u00e8s nombreux jeunes tout au long de sa vie.\" fetchpriority=\"high\" as=\"image\"\/><\/p>\n<p>\n            Officier de la L\u00e9gion d&rsquo;honneur, Camille Senon a lutt\u00e9 contre l\u2019oubli et transmis le douloureux r\u00e9cit du massacre d\u2019Oradour \u00e0 de tr\u00e8s nombreux jeunes tout au long de sa vie.<br \/>\n                           \u2022<br \/>\n                                      \u00a9 France T\u00e9l\u00e9visions &#8211; France 3 Limousin\n                      <\/p>\n<p><\/a><\/p>\n<p>Parall\u00e8lement, la femme consacre son existence au devoir de m\u00e9moire\u2026 Raconter encore et encore le drame aux jeunes g\u00e9n\u00e9rations.<\/p>\n<p>Officier de la L\u00e9gion d&rsquo;honneur, Camille Senon a lutt\u00e9 contre l\u2019oubli et transmis le douloureux r\u00e9cit du massacre d\u2019Oradour \u00e0 de tr\u00e8s nombreux jeunes tout au long de sa vie.<\/p>\n<p>\u00ab\u00a0Il faut \u00eatre ouvert \u00e0 la jeunesse et essayer de leur donner de l\u2019espoir. Leur donner une confiance en l\u2019avenir et en l\u2019\u00eatre humain.\u00a0\u00bb<\/p>\n<p>\u00a0Le 5 juin 2025, Camille Senon avait eu 100 ans. Elle avait c\u00e9l\u00e9br\u00e9 cet anniversaire, entour\u00e9e de ses proches, un moment o\u00f9 il fut encore question de lutte contre l\u2019injustice et pour la libert\u00e9.<\/p>\n","protected":false},"excerpt":{"rendered":"Elle a pass\u00e9 sa vie \u00e0 mener des combats : devoir de m\u00e9moire, lutte syndicale, d\u00e9fense du droit&hellip;\n","protected":false},"author":2,"featured_media":435133,"comment_status":"","ping_status":"","sticky":false,"template":"","format":"standard","meta":{"footnotes":""},"categories":[1888],"tags":[1111,1928,11,1927,1777,674,1011,27,12,1926,626,1925,25],"class_list":{"0":"post-435132","1":"post","2":"type-post","3":"status-publish","4":"format-standard","5":"has-post-thumbnail","7":"category-paris","8":"tag-actu","9":"tag-actu-paris","10":"tag-actualites","11":"tag-actualites-paris","12":"tag-eu","13":"tag-europe","14":"tag-fr","15":"tag-france","16":"tag-news","17":"tag-news-paris","18":"tag-paris","19":"tag-paris-news","20":"tag-republique-francaise"},"share_on_mastodon":{"url":"https:\/\/pubeurope.com\/@fr\/115307954491941379","error":""},"_links":{"self":[{"href":"https:\/\/www.europesays.com\/fr\/wp-json\/wp\/v2\/posts\/435132","targetHints":{"allow":["GET"]}}],"collection":[{"href":"https:\/\/www.europesays.com\/fr\/wp-json\/wp\/v2\/posts"}],"about":[{"href":"https:\/\/www.europesays.com\/fr\/wp-json\/wp\/v2\/types\/post"}],"author":[{"embeddable":true,"href":"https:\/\/www.europesays.com\/fr\/wp-json\/wp\/v2\/users\/2"}],"replies":[{"embeddable":true,"href":"https:\/\/www.europesays.com\/fr\/wp-json\/wp\/v2\/comments?post=435132"}],"version-history":[{"count":0,"href":"https:\/\/www.europesays.com\/fr\/wp-json\/wp\/v2\/posts\/435132\/revisions"}],"wp:featuredmedia":[{"embeddable":true,"href":"https:\/\/www.europesays.com\/fr\/wp-json\/wp\/v2\/media\/435133"}],"wp:attachment":[{"href":"https:\/\/www.europesays.com\/fr\/wp-json\/wp\/v2\/media?parent=435132"}],"wp:term":[{"taxonomy":"category","embeddable":true,"href":"https:\/\/www.europesays.com\/fr\/wp-json\/wp\/v2\/categories?post=435132"},{"taxonomy":"post_tag","embeddable":true,"href":"https:\/\/www.europesays.com\/fr\/wp-json\/wp\/v2\/tags?post=435132"}],"curies":[{"name":"wp","href":"https:\/\/api.w.org\/{rel}","templated":true}]}}