{"id":43514,"date":"2025-04-22T08:36:08","date_gmt":"2025-04-22T08:36:08","guid":{"rendered":"https:\/\/www.europesays.com\/fr\/43514\/"},"modified":"2025-04-22T08:36:08","modified_gmt":"2025-04-22T08:36:08","slug":"atp-madrid-marin-cilic-tranche-entre-sinner-et-alcaraz-je-prefere-son-style","status":"publish","type":"post","link":"https:\/\/www.europesays.com\/fr\/43514\/","title":{"rendered":"ATP &#8211; Madrid > Marin Cilic tranche entre Sinner et Alcaraz : \u00ab\u00a0Je pr\u00e9f\u00e8re son style\u00a0\u00bb"},"content":{"rendered":"<p>Aujourd\u2019hui 109e mondial et fina\u00adliste du dernier Challenger dans la capi\u00adtale espa\u00adgnole, Marin Cilic pr\u00e9pare d\u00e9sor\u00admais le Masters 1000 de Madrid, o\u00f9 il affron\u00adtera le Fran\u00e7ais Benjamin Bonzi au premier tour.\u00a0<\/p>\n<p>Lors d\u2019une inter\u00adview accord\u00e9e \u00e0 <a href=\"https:\/\/www.puntodebreak.com\/2025\/04\/21\/cilic-juego-alcaraz-regalo-maldicion\" data-wpel-link=\"external\" target=\"_blank\" rel=\"nofollow external noopener\">Punto de Break<\/a>, le vain\u00adqueur de l\u2019US Open 2014 et ancien num\u00e9ro 3 mondial est revenu sur sa carri\u00e8re avant d\u2019\u00e9vo\u00adquer l\u2019ac\u00adtua\u00adlit\u00e9 du circuit. Il a notam\u00adment \u00e9t\u00e9 invit\u00e9 \u00e0 tran\u00adcher entre Carlos Alcaraz et Jannik Sinner.<\/p>\n<p><strong>\u00ab\u202fAlcaraz. Sans h\u00e9siter\u202f? Je pr\u00e9f\u00e8re son style, c\u2019est un joueur agressif, tr\u00e8s athl\u00e9\u00adtique et dot\u00e9 d\u2019une cr\u00e9a\u00adti\u00advit\u00e9 impres\u00adsion\u00adnante\u202f\u00bb<\/strong>, a r\u00e9pondu Cilic, d\u00e9ten\u00adteur d\u2019une wild\u2010card \u00e0 Madrid.\u00a0<\/p>\n<p class=\"post-published-date\" style=\"color: silver; font-size: 75%; text-align: left;\">Publi\u00e9 le mardi 22 avril 2025 \u00e0 09:55<\/p>\n","protected":false},"excerpt":{"rendered":"Aujourd\u2019hui 109e mondial et fina\u00adliste du dernier Challenger dans la capi\u00adtale espa\u00adgnole, Marin Cilic pr\u00e9pare d\u00e9sor\u00admais le Masters&hellip;\n","protected":false},"author":2,"featured_media":43515,"comment_status":"","ping_status":"","sticky":false,"template":"","format":"standard","meta":{"footnotes":""},"categories":[1415],"tags":[1744,1011,27,2127,60,1467],"class_list":{"0":"post-43514","1":"post","2":"type-post","3":"status-publish","4":"format-standard","5":"has-post-thumbnail","7":"category-tennis","8":"tag-alcaraz","9":"tag-fr","10":"tag-france","11":"tag-sinner","12":"tag-sports","13":"tag-tennis"},"share_on_mastodon":{"url":"https:\/\/pubeurope.com\/@fr\/114380707164992668","error":""},"_links":{"self":[{"href":"https:\/\/www.europesays.com\/fr\/wp-json\/wp\/v2\/posts\/43514","targetHints":{"allow":["GET"]}}],"collection":[{"href":"https:\/\/www.europesays.com\/fr\/wp-json\/wp\/v2\/posts"}],"about":[{"href":"https:\/\/www.europesays.com\/fr\/wp-json\/wp\/v2\/types\/post"}],"author":[{"embeddable":true,"href":"https:\/\/www.europesays.com\/fr\/wp-json\/wp\/v2\/users\/2"}],"replies":[{"embeddable":true,"href":"https:\/\/www.europesays.com\/fr\/wp-json\/wp\/v2\/comments?post=43514"}],"version-history":[{"count":0,"href":"https:\/\/www.europesays.com\/fr\/wp-json\/wp\/v2\/posts\/43514\/revisions"}],"wp:featuredmedia":[{"embeddable":true,"href":"https:\/\/www.europesays.com\/fr\/wp-json\/wp\/v2\/media\/43515"}],"wp:attachment":[{"href":"https:\/\/www.europesays.com\/fr\/wp-json\/wp\/v2\/media?parent=43514"}],"wp:term":[{"taxonomy":"category","embeddable":true,"href":"https:\/\/www.europesays.com\/fr\/wp-json\/wp\/v2\/categories?post=43514"},{"taxonomy":"post_tag","embeddable":true,"href":"https:\/\/www.europesays.com\/fr\/wp-json\/wp\/v2\/tags?post=43514"}],"curies":[{"name":"wp","href":"https:\/\/api.w.org\/{rel}","templated":true}]}}