{"id":435144,"date":"2025-10-03T02:53:11","date_gmt":"2025-10-03T02:53:11","guid":{"rendered":"https:\/\/www.europesays.com\/fr\/435144\/"},"modified":"2025-10-03T02:53:11","modified_gmt":"2025-10-03T02:53:11","slug":"la-fda-autorise-une-pilule-abortive-generique-les-conservateurs-enragent","status":"publish","type":"post","link":"https:\/\/www.europesays.com\/fr\/435144\/","title":{"rendered":"La FDA autorise une pilule abortive g\u00e9n\u00e9rique, les conservateurs enragent"},"content":{"rendered":"<p>Aux <a href=\"https:\/\/www.20minutes.fr\/monde\/etats-unis\/\" target=\"_blank\" class=\"c-link c-link--is-underlined\" rel=\"nofollow noopener\">Etats-Unis<\/a>, la FDA a autoris\u00e9 la mise sur le march\u00e9 d\u2019un nouveau g\u00e9n\u00e9rique de la mif\u00e9pristone, <a href=\"https:\/\/www.20minutes.fr\/sante\/pilule-abortive\/\" target=\"_blank\" class=\"c-link c-link--is-underlined\" rel=\"nofollow noopener\">pilule abortive<\/a> utilis\u00e9e dans la majorit\u00e9 des <a href=\"https:\/\/www.20minutes.fr\/dossier\/ivg\" target=\"_blank\" class=\"c-link c-link--is-underlined\" rel=\"nofollow noopener\">IVG<\/a> m\u00e9dicamenteuses depuis plus de 25 ans. Une d\u00e9cision de routine qui a aussit\u00f4t suscit\u00e9 la col\u00e8re des milieux conservateurs.<\/p>\n<p>\u00ab\u00a0C\u2019est une tache sur la pr\u00e9sidence <a href=\"https:\/\/www.20minutes.fr\/dossier\/donald_trump\" target=\"_blank\" class=\"c-link c-link--is-underlined\" rel=\"nofollow noopener\">Trump<\/a>\u00a0\u00bb, a fustig\u00e9 Kristan Hawkins, pr\u00e9sidente de l\u2019association Students for Life Action, d\u00e9non\u00e7ant une \u00ab\u00a0d\u00e9cision inconcevable\u00a0\u00bb. L\u2019ancien vice-pr\u00e9sident Mike Pence a lui aussi d\u00e9nonc\u00e9 \u00ab\u00a0une trahison totale du mouvement [\u2026] qui a \u00e9lu le pr\u00e9sident Trump\u00a0\u00bb.<\/p>\n<\/p>\n<p>Trump promet de faire r\u00e9\u00e9valuer la s\u00e9curit\u00e9 de la pilule<\/p>\n<p>Produit par le laboratoire Evita Solutions, ce <a href=\"https:\/\/www.20minutes.fr\/dossier\/medicament\" target=\"_blank\" class=\"c-link c-link--is-underlined\" rel=\"nofollow noopener\">g\u00e9n\u00e9rique<\/a> rejoint une autre version d\u00e9j\u00e0 approuv\u00e9e. Mais dans un climat politique tendu, les groupes anti-avortement r\u00e9clament d\u00e9sormais de nouvelles restrictions. Donald Trump a d\u2019ailleurs promis de r\u00e9\u00e9valuer la s\u00e9curit\u00e9 de la pilule, malgr\u00e9 le consensus scientifique qui la juge s\u00fbre et efficace.<\/p>\n<p><a href=\"https:\/\/www.20minutes.fr\/dossier\/avortement\" target=\"_blank\" class=\"c-link c-btn c-btn--primary\" rel=\"nofollow noopener\">Notre dossier sur l&rsquo;avortement<\/a><\/p>\n<p>Pour les associations pro-choix, cette approbation repr\u00e9sente au contraire un signe de continuit\u00e9 dans l\u2019acc\u00e8s \u00e0 l\u2019avortement m\u00e9dicamenteux. Elles redoutent toutefois que la pression politique croissante ne d\u00e9bouche sur un durcissement des conditions d\u2019acc\u00e8s, alors m\u00eame que la mif\u00e9pristone est consid\u00e9r\u00e9e par la communaut\u00e9 scientifique comme un traitement fiable et essentiel.<\/p>\n","protected":false},"excerpt":{"rendered":"Aux Etats-Unis, la FDA a autoris\u00e9 la mise sur le march\u00e9 d\u2019un nouveau g\u00e9n\u00e9rique de la mif\u00e9pristone, pilule&hellip;\n","protected":false},"author":2,"featured_media":435145,"comment_status":"","ping_status":"","sticky":false,"template":"","format":"standard","meta":{"footnotes":""},"categories":[1589],"tags":[47,11,475,75,73,1866,7085,225,74,12,56271,1864,1865,1863,308],"class_list":{"0":"post-435144","1":"post","2":"type-post","3":"status-publish","4":"format-standard","5":"has-post-thumbnail","7":"category-etats-unis","8":"tag-actualite","9":"tag-actualites","10":"tag-avortement","11":"tag-donald-trump","12":"tag-etats-unis","13":"tag-etats-unis-damerique","14":"tag-ivg","15":"tag-medicament","16":"tag-monde","17":"tag-news","18":"tag-pilule-abortive","19":"tag-united-states","20":"tag-united-states-of-america","21":"tag-us","22":"tag-usa"},"share_on_mastodon":{"url":"https:\/\/pubeurope.com\/@fr\/115307977474180033","error":""},"_links":{"self":[{"href":"https:\/\/www.europesays.com\/fr\/wp-json\/wp\/v2\/posts\/435144","targetHints":{"allow":["GET"]}}],"collection":[{"href":"https:\/\/www.europesays.com\/fr\/wp-json\/wp\/v2\/posts"}],"about":[{"href":"https:\/\/www.europesays.com\/fr\/wp-json\/wp\/v2\/types\/post"}],"author":[{"embeddable":true,"href":"https:\/\/www.europesays.com\/fr\/wp-json\/wp\/v2\/users\/2"}],"replies":[{"embeddable":true,"href":"https:\/\/www.europesays.com\/fr\/wp-json\/wp\/v2\/comments?post=435144"}],"version-history":[{"count":0,"href":"https:\/\/www.europesays.com\/fr\/wp-json\/wp\/v2\/posts\/435144\/revisions"}],"wp:featuredmedia":[{"embeddable":true,"href":"https:\/\/www.europesays.com\/fr\/wp-json\/wp\/v2\/media\/435145"}],"wp:attachment":[{"href":"https:\/\/www.europesays.com\/fr\/wp-json\/wp\/v2\/media?parent=435144"}],"wp:term":[{"taxonomy":"category","embeddable":true,"href":"https:\/\/www.europesays.com\/fr\/wp-json\/wp\/v2\/categories?post=435144"},{"taxonomy":"post_tag","embeddable":true,"href":"https:\/\/www.europesays.com\/fr\/wp-json\/wp\/v2\/tags?post=435144"}],"curies":[{"name":"wp","href":"https:\/\/api.w.org\/{rel}","templated":true}]}}