{"id":435160,"date":"2025-10-03T03:04:11","date_gmt":"2025-10-03T03:04:11","guid":{"rendered":"https:\/\/www.europesays.com\/fr\/435160\/"},"modified":"2025-10-03T03:04:11","modified_gmt":"2025-10-03T03:04:11","slug":"atp-shanghai-rinderknech-au-bord-de-lexplosion-face-a-medjedovic-vous-le-laissez-faire-ce-quil-veut-je-vais-devenir-fou","status":"publish","type":"post","link":"https:\/\/www.europesays.com\/fr\/435160\/","title":{"rendered":"ATP &#8211; Shanghai > Rinderknech, au bord de l&rsquo;explosion face \u00e0 Medjedovic : \u00ab\u00a0Vous le laissez faire ce qu&rsquo;il veut, je vais devenir fou\u00a0\u00bb"},"content":{"rendered":"<p>Oppos\u00e9 \u00e0 Hamad Medjedovic, ce jeudi au premier tour du Masters 1000 de Shanghai, Arthur Rinderknech a laiss\u00e9 \u00e9clater toute sa frus\u00adtra\u00adtion et sa col\u00e8re lorsque l\u2019ar\u00adbitre de chaise a d\u00e9cid\u00e9 de contourner le r\u00e8gle\u00adment en lais\u00adsant le Serbe se changer aux vestiaires \u00e0 l\u2019issue du 11e jeu du premier set, ce qui n\u2019est norma\u00adle\u00adment pas autoris\u00e9.<\/p>\n<p>Selon l\u2019of\u00adfi\u00adciel, Medjedovic trans\u00adpi\u00adrait telle\u00adment que cela rendait le court glis\u00adsant et poten\u00adtiel\u00adle\u00adment dange\u00adreux. Une raison qui n\u2019a pas vrai\u00adment plus au Fran\u00e7ais, s\u2019es\u00adti\u00admant\u00a0l\u00e9s\u00e9.<\/p>\n<blockquote class=\"twitter-tweet\">\n<p lang=\"en\" dir=\"ltr\">Arthur Rinderknech not happy with umpire letting Hamad Medjedovic to go off\u2010court to change his clothes due to swea\u00adting and making court wet. <\/p>\n<p>Rinderknech said\u00a0: \u2018You\u2019re letting him do what he wants, I\u2019m about to go nuts\u2019<\/p>\n<p>\u2018I got broken last game because of him taking extra time\u2019 <a href=\"https:\/\/t.co\/dGFHggJAbi\" data-wpel-link=\"external\" target=\"_blank\" rel=\"nofollow external noopener\">pic.twitter.com\/dGFHggJAbi<\/a><\/p>\n<p>\u2014 edgeAI (@edgeAIapp) <a href=\"https:\/\/twitter.com\/edgeAIapp\/status\/1973728247914668540?ref_src=twsrc%5Etfw\" data-wpel-link=\"external\" target=\"_blank\" rel=\"nofollow external noopener\">October 2,\u00a02025<\/a><\/p><\/blockquote>\n<p><strong>\u00ab\u202fVous le laissez faire ce qu\u2019il veut, je vais devenir fou. J\u2019ai \u00e9t\u00e9 break\u00e9 lors du dernier match parce qu\u2019il a pris plus de temps que pr\u00e9vu\u202f\u00bb<\/strong>, a lanc\u00e9 Arthur qui a m\u00eame \u00e9cop\u00e9 d\u2019un aver\u00adtis\u00adse\u00adment suite \u00e0 un \u00e9change assez houleux.\u00a0<\/p>\n<p>\u00c0 noter que les condi\u00adtions m\u00e9t\u00e9o\u00adro\u00adlo\u00adgiques sont parti\u00adcu\u00adli\u00e8\u00adre\u00adment compli\u00adqu\u00e9es \u00e0 Shanghai o\u00f9 le Fran\u00e7ais Terence Atmane a livr\u00e9 <a href=\"https:\/\/www.welovetennis.fr\/atp\/atp-shanghai\/le-temoignage-flippant-de-terence-atmane-apres-son-abandon-je-ne-pouvais-pas-respirer-il-metait-impossible-de-me-souvenir-ou-jetais-et-de-dire-quel-jour-de-la-semaine-nous-etions-mon-corps-m\" data-wpel-link=\"internal\" rel=\"nofollow noopener\" target=\"_blank\">un t\u00e9moi\u00adgnage assez pr\u00e9oc\u00adcu\u00adpant<\/a>. <\/p>\n<p class=\"post-published-date\" style=\"color: silver; font-size: 75%; text-align: left;\">Publi\u00e9 le jeudi 2 octobre 2025 \u00e0 15:01<\/p>\n<p><script async src=\"https:\/\/platform.twitter.com\/widgets.js\" charset=\"utf-8\"><\/script><\/p>\n","protected":false},"excerpt":{"rendered":"Oppos\u00e9 \u00e0 Hamad Medjedovic, ce jeudi au premier tour du Masters 1000 de Shanghai, Arthur Rinderknech a laiss\u00e9&hellip;\n","protected":false},"author":2,"featured_media":435161,"comment_status":"","ping_status":"","sticky":false,"template":"","format":"standard","meta":{"footnotes":""},"categories":[1415],"tags":[1011,27,60,1467],"class_list":{"0":"post-435160","1":"post","2":"type-post","3":"status-publish","4":"format-standard","5":"has-post-thumbnail","7":"category-tennis","8":"tag-fr","9":"tag-france","10":"tag-sports","11":"tag-tennis"},"share_on_mastodon":{"url":"https:\/\/pubeurope.com\/@fr\/115308020578061995","error":""},"_links":{"self":[{"href":"https:\/\/www.europesays.com\/fr\/wp-json\/wp\/v2\/posts\/435160","targetHints":{"allow":["GET"]}}],"collection":[{"href":"https:\/\/www.europesays.com\/fr\/wp-json\/wp\/v2\/posts"}],"about":[{"href":"https:\/\/www.europesays.com\/fr\/wp-json\/wp\/v2\/types\/post"}],"author":[{"embeddable":true,"href":"https:\/\/www.europesays.com\/fr\/wp-json\/wp\/v2\/users\/2"}],"replies":[{"embeddable":true,"href":"https:\/\/www.europesays.com\/fr\/wp-json\/wp\/v2\/comments?post=435160"}],"version-history":[{"count":0,"href":"https:\/\/www.europesays.com\/fr\/wp-json\/wp\/v2\/posts\/435160\/revisions"}],"wp:featuredmedia":[{"embeddable":true,"href":"https:\/\/www.europesays.com\/fr\/wp-json\/wp\/v2\/media\/435161"}],"wp:attachment":[{"href":"https:\/\/www.europesays.com\/fr\/wp-json\/wp\/v2\/media?parent=435160"}],"wp:term":[{"taxonomy":"category","embeddable":true,"href":"https:\/\/www.europesays.com\/fr\/wp-json\/wp\/v2\/categories?post=435160"},{"taxonomy":"post_tag","embeddable":true,"href":"https:\/\/www.europesays.com\/fr\/wp-json\/wp\/v2\/tags?post=435160"}],"curies":[{"name":"wp","href":"https:\/\/api.w.org\/{rel}","templated":true}]}}