{"id":435164,"date":"2025-10-03T03:07:14","date_gmt":"2025-10-03T03:07:14","guid":{"rendered":"https:\/\/www.europesays.com\/fr\/435164\/"},"modified":"2025-10-03T03:07:14","modified_gmt":"2025-10-03T03:07:14","slug":"la-fin-du-piratage-en-france-larcom-sattaque-aux-vpn","status":"publish","type":"post","link":"https:\/\/www.europesays.com\/fr\/435164\/","title":{"rendered":"La fin du piratage en France ? L&rsquo;ARCOM s&rsquo;attaque aux VPN"},"content":{"rendered":"<p class=\"ed__a-p ed__bdy__l\"><img loading=\"lazy\" decoding=\"async\" src=\"data:image\/svg+xml,%3Csvg xmlns='http:\/\/www.w3.org\/2000\/svg'%3E%3C\/svg%3E\" draggable=\"false\" width=\"2133\" height=\"1200\" class=\"ed__title-xxs\" alt=\"Les VPN dans le viseur de l'ARCOM\" style=\"background-color: #f2f2f2; aspect-ratio:2133\/1200;\"\/><\/p>\n<p>Les VPN dans le viseur de l&rsquo;ARCOM<\/p>\n<p>\u00a9 Shutterstock<\/p>\n<\/p>\n<p class=\"ed__a-p ed__bdy__l\">\u00c0 l\u2019initiative de Canal+ et beIN Sports<a href=\"https:\/\/www.lesnumeriques.com\/evenement-sportif\/operation-commando-contre-l-iptv-pirate-comment-l-arcom-a-tente-de-bloquer-le-classique-psg-om-n234359.html\" title=\"\u201cOp\u00e9ration commando contre l\u2019IPTV pirate\u201d : comment l\u2019Arcom a tent\u00e9 de bloquer le Classique PSG-OM\" target=\"_blank\" rel=\"noopener\">, l\u2019ARCOM intensifie sa lutte contre le piratage<\/a>, notamment sportif, en ciblant les services IPTV (des plateformes diffusant ill\u00e9galement des cha\u00eenes de t\u00e9l\u00e9vision en ligne) ainsi que les sites de streaming.<\/p>\n<p>            Publicit\u00e9, votre contenu continue ci-dessous<\/p>\n<p>        Publicit\u00e9<\/p>\n<p class=\"ed__a-p ed__bdy__l\">Le r\u00e9gulateur a demand\u00e9 \u00e0 plusieurs fournisseurs de VPN, comme NordVPN et Surfshark, de bloquer 295 sites diffusant sans droit la Formule 1, le MotoGP et le tennis<\/p>\n<blockquote class=\"ed__a-bq ed__bdy__l\">\n<p>\u00ab La priorit\u00e9 est de prot\u00e9ger le contenu l\u00e9gal tout en rendant le piratage plus difficile \u00bb.<\/p>\n<p>ARCOM<\/p><\/blockquote>\n<p class=\"ed__a-p ed__bdy__l\">Depuis le d\u00e9but de l\u2019ann\u00e9e, et surtout en mai, ce mouvement de blocage s\u2019est intensifi\u00e9 en France. On compterait d\u00e9j\u00e0 plus de <a href=\"https:\/\/www.lesnumeriques.com\/societe-numerique\/piratage-sur-internet-166-sites-bloques-depuis-fin-2022-selon-l-arcom-n209907.html\" title=\"Piratage sur Internet : 166 sites bloqu\u00e9s depuis fin 2022 selon l&#039;Arcom\" target=\"_blank\" rel=\"noopener\">5 000 serveurs mis hors service par l\u2019autorit\u00e9.<\/a> L\u2019Association pour la Protection des Programmes Sportifs (APPS), qui regroupe les principales ligues et diffuseurs, soutient cette strat\u00e9gie depuis plusieurs ann\u00e9es.<\/p>\n<p class=\"ed__a-p ed__bdy__l\"><img loading=\"lazy\" decoding=\"async\" src=\"data:image\/svg+xml,%3Csvg xmlns='http:\/\/www.w3.org\/2000\/svg'%3E%3C\/svg%3E\" draggable=\"false\" width=\"3840\" height=\"2160\" class=\"ed__title-xxs\" alt=\"Un homme regarde un match sur une t\u00e9l\u00e9vision\" style=\"background-color: #f2f2f2; aspect-ratio:3840\/2160;\"\/><\/p>\n<p>L&rsquo;arcom veut cesser le piratage de contenus sportifs<\/p>\n<p>\u00a9 Shutterstock<\/p>\n<\/p>\n<p class=\"ed__a-p ed__bdy__l\">Xavier Spender, son d\u00e9l\u00e9gu\u00e9 g\u00e9n\u00e9ral, explique que l\u2019objectif est de stopper le piratage directement \u00e0 la source, sur les serveurs principaux o\u00f9 passent les flux ill\u00e9gaux. Selon lui : \u00a0\u00bb Chaque serveur principal alimente un r\u00e9seau de revendeurs et de petites plateformes locales. En bloquant le sommet, on neutralise l\u2019ensemble.\u00a0\u00bb<\/p>\n<p class=\"ed__a-p ed__bdy__l\">Mais cette m\u00e9thode peut avoir des effets secondaires : en Italie et en Espagne, des sites l\u00e9gitimes ont parfois \u00e9t\u00e9 bloqu\u00e9s par erreur. En France, il faudra donc trouver un \u00e9quilibre entre efficacit\u00e9 et protection des services l\u00e9gaux.<\/p>\n<p>            Publicit\u00e9, votre contenu continue ci-dessous<\/p>\n<p>        Publicit\u00e9<\/p>\n<p>Les VPN dans la tourmente<\/p>\n<p class=\"ed__a-p ed__bdy__l\"><a href=\"https:\/\/www.lesnumeriques.com\/vpn\/vpn-ce-qu-il-est-permis-de-faire-et-les-frontieres-a-ne-pas-depasser-na242952.html\" title=\"VPN\u202f: ce qu\u2019il est permis de faire, et les fronti\u00e8res \u00e0 ne pas d\u00e9passer\" target=\"_blank\" rel=\"noopener\">Du c\u00f4t\u00e9 des VPN, c\u2019est un vrai casse-t\u00eate<\/a> car ces mesures sont contraires \u00e0 ce qu\u2019ils promettent : confidentialit\u00e9 et neutralit\u00e9. Cependant, ils comprennent l\u2019enjeu de freiner le piratage, mais refusent de devenir des censeurs.<\/p>\n<p class=\"ed__a-p ed__bdy__l\">Le printemps dernier, leurs avocats ont rappel\u00e9 que les r\u00e9seaux VPN, avec des serveurs partout dans le monde et des adresses partag\u00e9es, rendent les blocages pr\u00e9cis tr\u00e8s difficiles. Selon eux, le vrai probl\u00e8me vient des h\u00e9bergeurs de contenus ill\u00e9gaux et des circuits financiers, pas des simples relais de trafic.<\/p>\n<p class=\"ed__a-p ed__bdy__l\">Le secteur craint aussi un effet domino. Certains VPN, regroup\u00e9s dans l\u2019i2Coalition, pr\u00e9viennent qu\u2019un durcissement des r\u00e8gles pourrait les faire quitter la France, comme en Inde ou au Pakistan. Cela ne d\u00e9rangerait pas l\u2019<a href=\"https:\/\/www.lesnumeriques.com\/cine-svod\/l-arcom-tance-apple-qui-ne-depense-pas-assez-en-france-n211338.html\" title=\"L&#039;Arcom tance Apple, qui ne d\u00e9pense pas assez en France\" target=\"_blank\" rel=\"noopener\">ARCOM<\/a> ou les cha\u00eenes, mais \u00e7a limiterait l\u2019offre l\u00e9gale pour les internautes et leur vie priv\u00e9e.<\/p>\n<p class=\"ed__a-p ed__bdy__l\"><img loading=\"lazy\" decoding=\"async\" src=\"data:image\/svg+xml,%3Csvg xmlns='http:\/\/www.w3.org\/2000\/svg'%3E%3C\/svg%3E\" draggable=\"false\" width=\"2133\" height=\"1200\" class=\"ed__title-xxs\" alt=\"Surfshark vs Cyberghost\" style=\"background-color: #f2f2f2; aspect-ratio:2133\/1200;\"\/><\/p>\n<p>Les VPN dans une situation difficile<\/p>\n<p>\u00a9 Les Num\u00e9riques<\/p>\n<\/p>\n<p>Pourquoi les VPN ?<\/p>\n<p class=\"ed__a-p ed__bdy__l\">L&rsquo;utilisation de VPN n&rsquo;est pas toujours anodine . <a href=\"https:\/\/www.lesnumeriques.com\/societe-numerique\/chat-control-le-projet-de-loi-europeen-qui-menace-la-vie-privee-n242651.html\" title=\"Chat Control : le projet de loi europ\u00e9en qui menace la vie priv\u00e9e\" target=\"_blank\" rel=\"noopener\">Ils servent avant tout \u00e0 prot\u00e9ger la vie priv\u00e9e,<\/a> mais beaucoup sont utilis\u00e9s pour acc\u00e9der \u00e0 des catalogues \u00e9trangers, contourner des v\u00e9rifications d\u2019\u00e2ge ou justement suivre des \u00e9v\u00e9nements sportifs sans payer.<\/p>\n<p class=\"ed__a-p ed__bdy__l\">Si c&rsquo;est un avantage pour ses utilsateurs, cette fonction n&rsquo;est pas forc\u00e9ment assum\u00e9e par les constructeurs. Toutefois,  cela explique pourquoi l&rsquo;ARCOM les visent particuli\u00e8rement.<\/p>\n<p>            Publicit\u00e9, votre contenu continue ci-dessous<\/p>\n<p>        Publicit\u00e9<\/p>\n<p class=\"ed__a-p ed__bdy__l\">Envie de faire encore plus d&rsquo;\u00e9conomies ? D\u00e9couvrez <a href=\"https:\/\/www.lesnumeriques.com\/codes-promo.html\" target=\"_blank\" rel=\"noopener\">nos codes promo<\/a> s\u00e9lectionn\u00e9s pour vous.<\/p>\n","protected":false},"excerpt":{"rendered":"Les VPN dans le viseur de l&rsquo;ARCOM \u00a9 Shutterstock \u00c0 l\u2019initiative de Canal+ et beIN Sports, l\u2019ARCOM intensifie&hellip;\n","protected":false},"author":2,"featured_media":435165,"comment_status":"","ping_status":"","sticky":false,"template":"","format":"standard","meta":{"footnotes":""},"categories":[1412],"tags":[1451,1452,1453,1454,1455,1011,27,60],"class_list":{"0":"post-435164","1":"post","2":"type-post","3":"status-publish","4":"format-standard","5":"has-post-thumbnail","7":"category-f1","8":"tag-f1","9":"tag-formula-1","10":"tag-formula1","11":"tag-formule-1","12":"tag-formule1","13":"tag-fr","14":"tag-france","15":"tag-sports"},"share_on_mastodon":{"url":"https:\/\/pubeurope.com\/@fr\/115308032386587237","error":""},"_links":{"self":[{"href":"https:\/\/www.europesays.com\/fr\/wp-json\/wp\/v2\/posts\/435164","targetHints":{"allow":["GET"]}}],"collection":[{"href":"https:\/\/www.europesays.com\/fr\/wp-json\/wp\/v2\/posts"}],"about":[{"href":"https:\/\/www.europesays.com\/fr\/wp-json\/wp\/v2\/types\/post"}],"author":[{"embeddable":true,"href":"https:\/\/www.europesays.com\/fr\/wp-json\/wp\/v2\/users\/2"}],"replies":[{"embeddable":true,"href":"https:\/\/www.europesays.com\/fr\/wp-json\/wp\/v2\/comments?post=435164"}],"version-history":[{"count":0,"href":"https:\/\/www.europesays.com\/fr\/wp-json\/wp\/v2\/posts\/435164\/revisions"}],"wp:featuredmedia":[{"embeddable":true,"href":"https:\/\/www.europesays.com\/fr\/wp-json\/wp\/v2\/media\/435165"}],"wp:attachment":[{"href":"https:\/\/www.europesays.com\/fr\/wp-json\/wp\/v2\/media?parent=435164"}],"wp:term":[{"taxonomy":"category","embeddable":true,"href":"https:\/\/www.europesays.com\/fr\/wp-json\/wp\/v2\/categories?post=435164"},{"taxonomy":"post_tag","embeddable":true,"href":"https:\/\/www.europesays.com\/fr\/wp-json\/wp\/v2\/tags?post=435164"}],"curies":[{"name":"wp","href":"https:\/\/api.w.org\/{rel}","templated":true}]}}