{"id":435170,"date":"2025-10-03T03:10:16","date_gmt":"2025-10-03T03:10:16","guid":{"rendered":"https:\/\/www.europesays.com\/fr\/435170\/"},"modified":"2025-10-03T03:10:16","modified_gmt":"2025-10-03T03:10:16","slug":"elle-devoile-le-prenom-tres-symbolique-de-so","status":"publish","type":"post","link":"https:\/\/www.europesays.com\/fr\/435170\/","title":{"rendered":"elle d\u00e9voile le pr\u00e9nom tr\u00e8s symbolique de so &#8230;"},"content":{"rendered":"<p>EN BREF<\/p>\n<ul class=\"bloc_resume_post_list\">\n<li>Elsa Esnoult, 37 ans, et Alexis, 28 ans, accueillent leur<br \/>\npremier enfant le 1er octobre.<\/li>\n<li>Le couple annonce la naissance de leur fils Eden, un<br \/>\npr\u00e9nom symbolique et tendance.<\/li>\n<li>La maternit\u00e9 d\u00a0\u00bbElsa Esnoult marque une nouvelle \u00e9tape<br \/>\ndans sa vie personnelle et professionnelle.<\/li>\n<\/ul>\n<p>Grande <strong>\u00e9motion<\/strong>\u00a0pour <a href=\"https:\/\/www.telestar.fr\/people\/elsa-esnoult-maman-la-star-des-mysteres-de-lamour-a-donne-naissance-a-son-premier-enfant-1739741\" target=\"_blank\" rel=\"noopener\"><br \/>\nElsa Esnoult<\/a>. <a href=\"https:\/\/www.telestar.fr\/serie-tv\/les-mysteres-de-l-amour-elsa-esnoult-leve-le-voile-sur-son-avenir-dans-la-serie-704838\" target=\"_blank\" rel=\"noopener\"><br \/>\nL\u2019h\u00e9ro\u00efne des Myst\u00e8res de l\u2019amour<\/a> vient de devenir<br \/>\n<strong>maman<\/strong> pour la toute premi\u00e8re fois \u00e0 <strong>37<br \/>\nans.<\/strong> Elle partage sa vie avec <strong>Alexis<\/strong>, un<br \/>\ncoach sportif et pompier de 28 ans. Le couple vient d\u2019accueillir<br \/>\nson premier enfant. Tr\u00e8s attach\u00e9e \u00e0 sa communaut\u00e9, elle a choisi<br \/>\nd\u2019annoncer la nouvelle sur Instagram avec<br \/>\n<strong>plusieurs clich\u00e9s attendrissants<\/strong> ce 1er<br \/>\noctobre.<\/p>\n<p>La jeune maman y r\u00e9v\u00e8le non seulement <strong>l\u2019arriv\u00e9e<\/strong><br \/>\nde son fils mais aussi le <strong>choix<\/strong> de son<br \/>\n<strong>pr\u00e9nom<\/strong>. Un pr\u00e9nom lourd de <strong>sens<\/strong><br \/>\nqui a imm\u00e9diatement <strong>s\u00e9duit<\/strong> ses abonn\u00e9s, nombreux \u00e0<br \/>\nla f\u00e9liciter. Des milliers de messages ont salu\u00e9 cette annonce.<\/p>\n<p>Un pr\u00e9nom symbolique choisi avec soin par Elsa Esnoult<\/p>\n<p>Le petit gar\u00e7on s\u2019appelle <strong>Eden<\/strong>. Un pr\u00e9nom<br \/>\n<strong>\u00e9l\u00e9gant<\/strong> et <strong>intemporel<\/strong> qui<br \/>\nsignifie litt\u00e9ralement \u2018\u2018<strong>paradis<\/strong>.\u2019\u2019<br \/>\nDerri\u00e8re ce choix se cache une v\u00e9ritable <strong>d\u00e9claration<br \/>\nd\u2019amour<\/strong>. En l\u00e9gende de sa publication, <a href=\"https:\/\/www.telestar.fr\/actu-tv\/autres-emissions\/elsa-esnoult-danse-avec-les-stars-2019-se-confie-apres-son-elimination-malg-472548\" target=\"_blank\" rel=\"noopener\"><br \/>\nl\u2019actrice Elsa Esnoult<\/a> en a dit plus.<br \/>\n\u2018\u2018<strong>EDEN<\/strong>\u2026 Mon fils. Ton pr\u00e9nom n\u2019a <strong>pas<br \/>\n\u00e9t\u00e9 choisi par hasard<\/strong>. Il vient de loin, de<br \/>\n<strong>l\u2019origine du monde<\/strong>, de ce <strong>jardin<\/strong><br \/>\no\u00f9 la <strong>paix<\/strong>, la <strong>beaut\u00e9<\/strong> et la<br \/>\n<strong>lumi\u00e8re<\/strong> r\u00e9gnaient sans fin\u2026 Mon fils, si tu<br \/>\nt\u2019appelles Eden, c\u2019est parce que tu es pour moi <strong>tout cela \u00e0<br \/>\nla fois.<\/strong> Parce que tu es mon <strong>Paradis<\/strong>, et<br \/>\ncelui de ton papa.\u2019\u2019<\/p>\n<p>Un pr\u00e9nom <strong>tendance<\/strong> \u00e9galement. Le pr\u00e9nom de<br \/>\n<a href=\"https:\/\/www.telestar.fr\/people\/elsa-esnoult-enceinte-la-star-des-mysteres-de-lamour-devoile-le-sexe-de-son-premier-enfant-1727179\" target=\"_blank\" rel=\"noopener\"><br \/>\nl\u2019enfant d\u2019Elsa Esnoult<\/a> figure dans le <strong>top 20 des<br \/>\npr\u00e9noms masculins<\/strong> les plus donn\u00e9s en France en 2024. Avec<br \/>\ncette annonce, la com\u00e9dienne a une nouvelle fois conquis ses fans,<br \/>\ntouch\u00e9s par sa <strong>sinc\u00e9rit\u00e9<\/strong> et par la<br \/>\n<strong>profondeur<\/strong> de ce choix.<\/p>\n<p>Une nouvelle \u00e9tape pour le couple de<br \/>\nl\u2019actrice des Myst\u00e8res de l\u2019amour<\/p>\n<p>Si Elsa Esnoult est d\u2019ordinaire tr\u00e8s <strong>discr\u00e8te<\/strong><br \/>\nsur sa vie priv\u00e9e, cette <strong>maternit\u00e9<\/strong> marque une<br \/>\n\u00e9tape qu\u2019elle a souhait\u00e9 partager. Depuis plus d\u2019un an, elle vit<br \/>\nune belle <strong>histoire d\u2019amour avec Alexis Jacquemin, coach<br \/>\nsportif et pompier<\/strong> \u00e0 la Brigade de Paris. Le couple avait<br \/>\n<strong>officialis\u00e9<\/strong> sa relation en <strong>avril<br \/>\n2025<\/strong> par une d\u00e9claration pleine de tendresse.<br \/>\n\u2018\u2018<strong>Parce que c\u2019est toi\u2026 Je vous pr\u00e9sente<br \/>\nAlexis.<\/strong>\u2019\u2019 avait \u00e9crit la com\u00e9dienne sur<br \/>\nInstagram.<\/p>\n<p>Quelques semaines plus tard, la star annon\u00e7ait d\u00e9j\u00e0 un<br \/>\n<strong>heureux \u00e9v\u00e9nement<\/strong> \u00e0 l\u2019occasion de la f\u00eate des<br \/>\nM\u00e8res : la future <strong>naissance de son premier enfant \u00e0 37<br \/>\nans<\/strong>. Aujourd\u2019hui, avec l\u2019arriv\u00e9e d\u2019Eden, c\u2019est une toute<br \/>\nnouvelle aventure qui commence pour <a href=\"https:\/\/www.telestar.fr\/people\/elsa-esnoult-enceinte-la-star-des-mysteres-de-lamour-devoile-son-ventre-tres-arrondi-avec-le-futur-papa-1724256\" target=\"_blank\" rel=\"noopener\"><br \/>\nElsa Esnoult et son compagnon Alexis<\/a>.<\/p>\n","protected":false},"excerpt":{"rendered":"EN BREF Elsa Esnoult, 37 ans, et Alexis, 28 ans, accueillent leur premier enfant le 1er octobre. Le&hellip;\n","protected":false},"author":2,"featured_media":435171,"comment_status":"","ping_status":"","sticky":false,"template":"","format":"standard","meta":{"footnotes":""},"categories":[1359],"tags":[548,58,59,1011,27,38060,973],"class_list":{"0":"post-435170","1":"post","2":"type-post","3":"status-publish","4":"format-standard","5":"has-post-thumbnail","7":"category-people","8":"tag-article-simple","9":"tag-divertissement","10":"tag-entertainment","11":"tag-fr","12":"tag-france","13":"tag-les-mysteres-de-lamour","14":"tag-people"},"share_on_mastodon":{"url":"https:\/\/pubeurope.com\/@fr\/115308044843580932","error":""},"_links":{"self":[{"href":"https:\/\/www.europesays.com\/fr\/wp-json\/wp\/v2\/posts\/435170","targetHints":{"allow":["GET"]}}],"collection":[{"href":"https:\/\/www.europesays.com\/fr\/wp-json\/wp\/v2\/posts"}],"about":[{"href":"https:\/\/www.europesays.com\/fr\/wp-json\/wp\/v2\/types\/post"}],"author":[{"embeddable":true,"href":"https:\/\/www.europesays.com\/fr\/wp-json\/wp\/v2\/users\/2"}],"replies":[{"embeddable":true,"href":"https:\/\/www.europesays.com\/fr\/wp-json\/wp\/v2\/comments?post=435170"}],"version-history":[{"count":0,"href":"https:\/\/www.europesays.com\/fr\/wp-json\/wp\/v2\/posts\/435170\/revisions"}],"wp:featuredmedia":[{"embeddable":true,"href":"https:\/\/www.europesays.com\/fr\/wp-json\/wp\/v2\/media\/435171"}],"wp:attachment":[{"href":"https:\/\/www.europesays.com\/fr\/wp-json\/wp\/v2\/media?parent=435170"}],"wp:term":[{"taxonomy":"category","embeddable":true,"href":"https:\/\/www.europesays.com\/fr\/wp-json\/wp\/v2\/categories?post=435170"},{"taxonomy":"post_tag","embeddable":true,"href":"https:\/\/www.europesays.com\/fr\/wp-json\/wp\/v2\/tags?post=435170"}],"curies":[{"name":"wp","href":"https:\/\/api.w.org\/{rel}","templated":true}]}}