{"id":435176,"date":"2025-10-03T03:13:12","date_gmt":"2025-10-03T03:13:12","guid":{"rendered":"https:\/\/www.europesays.com\/fr\/435176\/"},"modified":"2025-10-03T03:13:12","modified_gmt":"2025-10-03T03:13:12","slug":"quotidien-jeudi-2-octobre-2025-les-invites-recus-par-yann-barthes-sur-tmc","status":"publish","type":"post","link":"https:\/\/www.europesays.com\/fr\/435176\/","title":{"rendered":"\u00ab\u00a0Quotidien\u00a0\u00bb jeudi 2 octobre 2025, les invit\u00e9s re\u00e7us par Yann Barth\u00e8s sur TMC"},"content":{"rendered":"<p>Yann Barth\u00e8s vous donne rendez-vous ce jeudi 2 octobre 2025 \u00e0 19:15 sur TMC pour un nouveau num\u00e9ro du magazine \u00ab\u00a0Quotidien\u00a0\u00bb. Voici les invit\u00e9s qui seront re\u00e7us ce soir dans l&rsquo;\u00e9mission.<\/p>\n<p>Diffus\u00e9 du lundi au vendredi \u00e0 19:25 sur <strong>TMC,<\/strong>\u00a0le magazine \u00ab\u00a0<strong>Quotidien\u00a0\u00bb<\/strong> propose une grande session d&rsquo;information qui m\u00eale humour et impertinence.<\/p>\n<p>Politique fran\u00e7aise et internationale, m\u00e9dias, culture, sport : tous les sujets sont pass\u00e9s en revue dans \u00ab\u00a0<strong>Quotidien\u00a0\u00bb<\/strong>.<\/p>\n<p>\u00c0 chaque \u00e9mission, l&rsquo;\u00e9quipe a carte blanche pour traiter l&rsquo;actualit\u00e9 \u00e0 sa fa\u00e7on.<\/p>\n<p><strong>Les invit\u00e9s re\u00e7us jeudi 2 octobre 2025 :<\/strong><\/p>\n<p><strong>Nora Hamzawi<\/strong>, pour son livre <a href=\"https:\/\/www.seuil.com\/ouvrage\/couple-splendeurs-et-miseres-de-la-vie-a-deux-nora-hamzawi\/9782021563283\" target=\"_blank\" rel=\"noopener nofollow\" style=\"color: #008000;\"><strong>\u00ab\u00a0Couple, splendeur et mis\u00e8res de la vie \u00e0 deux\u00a0\u00bb<\/strong><\/a> aux \u00e9ditions du Seuil et sa tourn\u00e9e dans toute la France.<\/p>\n<p><strong>Hugo Cl\u00e9ment<\/strong>, pour son livre <a href=\"https:\/\/www.dargaud.com\/bd\/le-paradoxe-de-labondance-bda5616360\" target=\"_blank\" rel=\"noopener nofollow\" style=\"color: #008000;\"><strong>\u00ab\u00a0Le paradoxe de l&rsquo;abondance\u00a0\u00bb<\/strong><\/a> aux \u00e9ditions Dargaud.<\/p>\n<p><strong>Lyas<\/strong>, cr\u00e9ateur de contenu mode.<\/p>\n","protected":false},"excerpt":{"rendered":"Yann Barth\u00e8s vous donne rendez-vous ce jeudi 2 octobre 2025 \u00e0 19:15 sur TMC pour un nouveau num\u00e9ro&hellip;\n","protected":false},"author":2,"featured_media":435177,"comment_status":"","ping_status":"","sticky":false,"template":"","format":"standard","meta":{"footnotes":""},"categories":[1356],"tags":[58,59,1011,27,252,1364],"class_list":{"0":"post-435176","1":"post","2":"type-post","3":"status-publish","4":"format-standard","5":"has-post-thumbnail","7":"category-television","8":"tag-divertissement","9":"tag-entertainment","10":"tag-fr","11":"tag-france","12":"tag-television","13":"tag-tv"},"share_on_mastodon":{"url":"https:\/\/pubeurope.com\/@fr\/115308056035517112","error":""},"_links":{"self":[{"href":"https:\/\/www.europesays.com\/fr\/wp-json\/wp\/v2\/posts\/435176","targetHints":{"allow":["GET"]}}],"collection":[{"href":"https:\/\/www.europesays.com\/fr\/wp-json\/wp\/v2\/posts"}],"about":[{"href":"https:\/\/www.europesays.com\/fr\/wp-json\/wp\/v2\/types\/post"}],"author":[{"embeddable":true,"href":"https:\/\/www.europesays.com\/fr\/wp-json\/wp\/v2\/users\/2"}],"replies":[{"embeddable":true,"href":"https:\/\/www.europesays.com\/fr\/wp-json\/wp\/v2\/comments?post=435176"}],"version-history":[{"count":0,"href":"https:\/\/www.europesays.com\/fr\/wp-json\/wp\/v2\/posts\/435176\/revisions"}],"wp:featuredmedia":[{"embeddable":true,"href":"https:\/\/www.europesays.com\/fr\/wp-json\/wp\/v2\/media\/435177"}],"wp:attachment":[{"href":"https:\/\/www.europesays.com\/fr\/wp-json\/wp\/v2\/media?parent=435176"}],"wp:term":[{"taxonomy":"category","embeddable":true,"href":"https:\/\/www.europesays.com\/fr\/wp-json\/wp\/v2\/categories?post=435176"},{"taxonomy":"post_tag","embeddable":true,"href":"https:\/\/www.europesays.com\/fr\/wp-json\/wp\/v2\/tags?post=435176"}],"curies":[{"name":"wp","href":"https:\/\/api.w.org\/{rel}","templated":true}]}}