{"id":435188,"date":"2025-10-03T03:19:12","date_gmt":"2025-10-03T03:19:12","guid":{"rendered":"https:\/\/www.europesays.com\/fr\/435188\/"},"modified":"2025-10-03T03:19:12","modified_gmt":"2025-10-03T03:19:12","slug":"elle-est-legere-et-tres-pratique-reprenez-le-sport-en-douceur-tele-star","status":"publish","type":"post","link":"https:\/\/www.europesays.com\/fr\/435188\/","title":{"rendered":"&quot;Elle est l\u00e9g\u00e8re et tr\u00e8s pratique&quot; : reprenez le sport en douceur &#8230; &#8211; T\u00e9l\u00e9 Star"},"content":{"rendered":"<ol>\n<li><a href=\"https:\/\/news.google.com\/rss\/articles\/CBMi-AFBVV95cUxOOC1ybkloLVpGOEhtN1VqRGNFaTR0SnVxT1NvZDdPaEpZVEVQMjlWbThyQklRYTdpMHRUNnZJUEkwekdhZ0JIVGdCNDg1R1FGMmVDS2V6ZlJxeklXQTZ0UFpsV2pmdVVIcU9XS0ZCaU5aRDduNkNxZXZ2bFhYUlBWcGNzTFNtTHhCRnFfTmFrOVlvYWYtcGFha2t6akhrN3JnUHhoXzUzbGVWb3Fyck9WU0JfYmc5YzdFal9RWldLaDdLSTA0eDRZSFRkV1RpSFRiaVppRWdPdks3WTl0azdpbXc3a2w2MXVIWXVhRnBRU2swN1pZQjljNg?oc=5\" target=\"_blank\" rel=\"nofollow noopener\">\u00ab\u00a0Elle est l\u00e9g\u00e8re et tr\u00e8s pratique\u00a0\u00bb : reprenez le sport en douceur &#8230;<\/a>&nbsp;&nbsp;T\u00e9l\u00e9 Star<\/li>\n<li><a href=\"https:\/\/news.google.com\/rss\/articles\/CBMi4AFBVV95cUxQWERoQV9Qdl9TdkR0UmR4ejdoZk9CNGUyRUowQmRELTl6cW1ZLVdlX0RoSC0yZzkyRGRfalNOV093WHRMTTFseUlvazlDUTQ0SjNaYUhfNkJTaDlOZkhpNjlVZVdnQVpLODdyemZiakhDWTVCY1Q3cHo2ZnVmSHRNbEJiZV9kN19xNHE0Z1ZmWFR5aFF1cW52amFLVFlXTzBkRWlsNzlpekFNTEJKZHFJNmg3Rl9vSmlZbnpRY1dlM1VOUjB3UHJpNnRMTFZfenltODF2Y280cC1PbmsxUnJzSw?oc=5\" target=\"_blank\" rel=\"nofollow noopener\">Ce n&rsquo;est pas un r\u00eave, cette montre Garmin atteint un prix inattendu pour ce d\u00e9but de mois<\/a>&nbsp;&nbsp;BFMTV<\/li>\n<li><a href=\"https:\/\/news.google.com\/rss\/articles\/CBMiuAFBVV95cUxNT1RMbDc1WEE2XzRHQ0dhQUVxYlptRmZTdzYwNU5QNmZWRllKXzdDdDdZUEtKUkRDbnlHcDJvT01CS0J2Z1dsRjJjbDUyYzRvTUp1TXliUFotdkY5RXpHSmdMNTVJQUlwSkQyY0swNzJfX283V2xFZHNaMzFfcWp6WGt1RUlOeXM3LW0tcElGRFEycXprbzVCZEZuYXA4TE1zVk5LdjY4ZG9QV3h5Rm42TEowRUw5aHRv?oc=5\" target=\"_blank\" rel=\"nofollow noopener\">A ce prix, la Garmin Forerunner 55 va vite dispara\u00eetre des stocks<\/a>&nbsp;&nbsp;20 Minutes<\/li>\n<li><a href=\"https:\/\/news.google.com\/rss\/articles\/CBMi3wFBVV95cUxQTm9kc3NwSGJDeWtQUEZDcTJIUW5lbEVtZHNFcnk5REFwUWYxOHZUWFBWWW9FMGVXbndGVllvZk1tZVhsdmV1S2wxT1VtbnJ6c3lIRUx4SEVUYnBoQ0lxbXV5SVlDeWhCSFlIeFdvSDQ1QTJ1VVhiaDctejZydno5MXFKck5VNGc2cmYzcEdhOVRRTkRWbmpiNzh3TjF6RGlpenhyaU1jVHJBa1ZQbWRyQ04zYTJmTmdHX253akFrZnQxXzcyNXJJV01nOG5id3Zjbm1ZeE9rZEFQOE1ocEpn?oc=5\" target=\"_blank\" rel=\"nofollow noopener\">Sans pr\u00e9venir, Auchan brade le prix de cette montre connect\u00e9e Garmin parfaite pour le running<\/a>&nbsp;&nbsp;Le Figaro<\/li>\n<li><a href=\"https:\/\/news.google.com\/rss\/articles\/CBMi1AFBVV95cUxOR2UwakVtV1E3aHdvYzFhNmQ5VGJfZFZOZ1VBT3c0bmJfemJ5dXd4cWg1MGY2NTZVX2JxbkR6bUJHcnFlMVFNWWQteFNmRXNKalMxdjJJSWlNV0hyNHZNLWFiV1FrS3J1d2Jma3JCQmpCQW1sTDJiTDJMcGRTVExkWElITGR3WlBhNTY2YjljWmNHc0taeURwNEExTkVKdGowUHUxcHExX1Vjd1R3ZDRGZmhKSnNDdjlfcXFQdmlSYlJLaWxpa045SE1Bb3RwWHRZRlVrcA?oc=5\" target=\"_blank\" rel=\"nofollow noopener\">Bon plan \u2013 La montre connect\u00e9e Garmin Epix Pro (Gen 2) &#8211; 47 mm \u00ab\u00a05 \u00e9toiles\u00a0\u00bb \u00e0 499,00 \u20ac (-17%)<\/a>&nbsp;&nbsp;Les Num\u00e9riques<\/li>\n<\/ol>\n","protected":false},"excerpt":{"rendered":"\u00ab\u00a0Elle est l\u00e9g\u00e8re et tr\u00e8s pratique\u00a0\u00bb : reprenez le sport en douceur &#8230;&nbsp;&nbsp;T\u00e9l\u00e9 Star Ce n&rsquo;est pas un&hellip;\n","protected":false},"author":2,"featured_media":395849,"comment_status":"","ping_status":"","sticky":false,"template":"","format":"standard","meta":{"footnotes":""},"categories":[7],"tags":[1011,27,43,40,41,39,42,44],"class_list":{"0":"post-435188","1":"post","2":"type-post","3":"status-publish","4":"format-standard","5":"has-post-thumbnail","7":"category-sciences-et-technologies","8":"tag-fr","9":"tag-france","10":"tag-science","11":"tag-science-and-technology","12":"tag-sciences","13":"tag-sciences-et-technologies","14":"tag-technologies","15":"tag-technology"},"share_on_mastodon":{"url":"https:\/\/pubeurope.com\/@fr\/115308079599142580","error":""},"_links":{"self":[{"href":"https:\/\/www.europesays.com\/fr\/wp-json\/wp\/v2\/posts\/435188","targetHints":{"allow":["GET"]}}],"collection":[{"href":"https:\/\/www.europesays.com\/fr\/wp-json\/wp\/v2\/posts"}],"about":[{"href":"https:\/\/www.europesays.com\/fr\/wp-json\/wp\/v2\/types\/post"}],"author":[{"embeddable":true,"href":"https:\/\/www.europesays.com\/fr\/wp-json\/wp\/v2\/users\/2"}],"replies":[{"embeddable":true,"href":"https:\/\/www.europesays.com\/fr\/wp-json\/wp\/v2\/comments?post=435188"}],"version-history":[{"count":0,"href":"https:\/\/www.europesays.com\/fr\/wp-json\/wp\/v2\/posts\/435188\/revisions"}],"wp:featuredmedia":[{"embeddable":true,"href":"https:\/\/www.europesays.com\/fr\/wp-json\/wp\/v2\/media\/395849"}],"wp:attachment":[{"href":"https:\/\/www.europesays.com\/fr\/wp-json\/wp\/v2\/media?parent=435188"}],"wp:term":[{"taxonomy":"category","embeddable":true,"href":"https:\/\/www.europesays.com\/fr\/wp-json\/wp\/v2\/categories?post=435188"},{"taxonomy":"post_tag","embeddable":true,"href":"https:\/\/www.europesays.com\/fr\/wp-json\/wp\/v2\/tags?post=435188"}],"curies":[{"name":"wp","href":"https:\/\/api.w.org\/{rel}","templated":true}]}}