{"id":435193,"date":"2025-10-03T03:22:12","date_gmt":"2025-10-03T03:22:12","guid":{"rendered":"https:\/\/www.europesays.com\/fr\/435193\/"},"modified":"2025-10-03T03:22:12","modified_gmt":"2025-10-03T03:22:12","slug":"jugee-trop-bruyante-la-cour-de-recreation-restera-interdite-ont-decide-les-juges-en-appel","status":"publish","type":"post","link":"https:\/\/www.europesays.com\/fr\/435193\/","title":{"rendered":"Jug\u00e9e \u00ab\u00a0trop bruyante\u00a0\u00bb, la cour de r\u00e9cr\u00e9ation restera interdite, ont d\u00e9cid\u00e9 les juges en appel"},"content":{"rendered":"<p>C\u2019est toujours non. Les enfants de l\u2019\u00e9cole Montessori \u00ab\u00a0Les Rayons de Soleil\u00a0\u00bb ne retourneront pas dans leur cour,<a href=\"https:\/\/www.20minutes.fr\/societe\/4174483-20250923-yvelines-eleves-vraiment-prives-recreation-car-juges-trop-bruyants-voisinage#:~:text=L&#039;essentiel,apr%C3%A8s%20des%20plaintes%20des%20voisins.\" class=\"c-link c-link--is-underlined\" rel=\"nofollow noopener\" target=\"_blank\"> jug\u00e9e trop bruyante par le voisinage<\/a>, a estim\u00e9 la cour d\u2019appel de Versailles, saisie apr\u00e8s la d\u00e9cision rendue le 15\u00a0mai au sujet de cette \u00e9cole priv\u00e9e de Maisons-Laffitte (Yvelines).<\/p>\n<p>La cour restera interdite d\u2019acc\u00e8s le temps d\u2019une m\u00e9diation entre l\u2019\u00e9tablissement et des habitants du quartier. \u00ab\u00a0Les parties ont accept\u00e9 de recourir \u00e0 une m\u00e9diation afin de r\u00e9soudre \u00e0 l\u2019amiable le litige les opposant\u00a0\u00bb, a indiqu\u00e9 la juridiction dans un communiqu\u00e9.<\/p>\n<p>Un cahier des charges datant de\u2026 1834<\/p>\n<p>Depuis la rentr\u00e9e, la centaine d\u2019enfants de cette structure bilingue priv\u00e9e, dont les classes vont de la maternelle au CM2, ne peut plus acc\u00e9der \u00e0 cette cour. Dans sa d\u00e9cision rendue le 15\u00a0mai, le tribunal judiciaire de Versailles avait indiqu\u00e9 que l\u2019\u00e9cole n\u2019avait justifi\u00e9 \u00ab\u00a0d\u2019aucune d\u00e9marche\u00a0\u00bb afin de faire cesser les <a href=\"https:\/\/www.20minutes.fr\/dossier\/nuisances_sonores\" class=\"c-link c-link--is-underlined\" rel=\"nofollow noopener\" target=\"_blank\">nuisances sonores<\/a>. Le tribunal avait donn\u00e9 raison \u00e0 un syndicat de copropri\u00e9taires en s\u2019appuyant notamment sur un cahier des charges datant de\u2026 1834.<\/p>\n<p>L\u2019\u00e9tablissement avait ensuite fait appel et demand\u00e9 en r\u00e9f\u00e9r\u00e9 (proc\u00e9dure d\u2019urgence) l\u2019arr\u00eat de l\u2019ex\u00e9cution provisoire de la d\u00e9cision de premi\u00e8re instance.<\/p>\n<\/p>\n<p>\u00ab\u00a0No kids\u00a0\u00bb<\/p>\n<p>\u00ab\u00a0Je ne commente pas une d\u00e9cision de justice\u00a0\u00bb, mais cette affaire \u00ab\u00a0pose un certain nombre de questions\u00a0\u00bb, a r\u00e9agi aupr\u00e8s de l\u2019AFP la haute-commissaire \u00e0 l\u2019Enfance, Sarah El\u00a0Ha\u00efry. \u00ab\u00a0Comment peut-on, en\u00a02025, consid\u00e9rer que les bruits joyeux de la r\u00e9cr\u00e9ation sont une nuisance \u00e0 bannir\u00a0?\u00a0\u00bb, s\u2019est-elle interrog\u00e9e.<\/p>\n<p>\u00ab\u00a0\u00c0 force de c\u00e9der \u00e0 la logique du <a href=\"https:\/\/www.20minutes.fr\/societe\/4155928-20250602-no-kids-hotels-restaurants-interdire-certains-etablissements-enfants-legal\" class=\"c-link c-link--is-underlined\" rel=\"nofollow noopener\" target=\"_blank\">&lsquo;No Kids&rsquo;,<\/a> on construit une soci\u00e9t\u00e9 qui veut des enfants silencieux, invisibles, aseptis\u00e9s\u00a0\u00bb, a-t-elle poursuivi, avant d\u2019en appeler \u00e0 \u00ab\u00a0une solution rapide, respectueuse des enfants et des riverains\u00a0\u00bb.<\/p>\n","protected":false},"excerpt":{"rendered":"C\u2019est toujours non. Les enfants de l\u2019\u00e9cole Montessori \u00ab\u00a0Les Rayons de Soleil\u00a0\u00bb ne retourneront pas dans leur cour,&hellip;\n","protected":false},"author":2,"featured_media":435194,"comment_status":"","ping_status":"","sticky":false,"template":"","format":"standard","meta":{"footnotes":""},"categories":[4],"tags":[47,11,9372,1057,1011,27,303,12,25,104],"class_list":{"0":"post-435193","1":"post","2":"type-post","3":"status-publish","4":"format-standard","5":"has-post-thumbnail","7":"category-france","8":"tag-actualite","9":"tag-actualites","10":"tag-bruit","11":"tag-education","12":"tag-fr","13":"tag-france","14":"tag-justice","15":"tag-news","16":"tag-republique-francaise","17":"tag-societe"},"share_on_mastodon":{"url":"https:\/\/pubeurope.com\/@fr\/115308091377367926","error":""},"_links":{"self":[{"href":"https:\/\/www.europesays.com\/fr\/wp-json\/wp\/v2\/posts\/435193","targetHints":{"allow":["GET"]}}],"collection":[{"href":"https:\/\/www.europesays.com\/fr\/wp-json\/wp\/v2\/posts"}],"about":[{"href":"https:\/\/www.europesays.com\/fr\/wp-json\/wp\/v2\/types\/post"}],"author":[{"embeddable":true,"href":"https:\/\/www.europesays.com\/fr\/wp-json\/wp\/v2\/users\/2"}],"replies":[{"embeddable":true,"href":"https:\/\/www.europesays.com\/fr\/wp-json\/wp\/v2\/comments?post=435193"}],"version-history":[{"count":0,"href":"https:\/\/www.europesays.com\/fr\/wp-json\/wp\/v2\/posts\/435193\/revisions"}],"wp:featuredmedia":[{"embeddable":true,"href":"https:\/\/www.europesays.com\/fr\/wp-json\/wp\/v2\/media\/435194"}],"wp:attachment":[{"href":"https:\/\/www.europesays.com\/fr\/wp-json\/wp\/v2\/media?parent=435193"}],"wp:term":[{"taxonomy":"category","embeddable":true,"href":"https:\/\/www.europesays.com\/fr\/wp-json\/wp\/v2\/categories?post=435193"},{"taxonomy":"post_tag","embeddable":true,"href":"https:\/\/www.europesays.com\/fr\/wp-json\/wp\/v2\/tags?post=435193"}],"curies":[{"name":"wp","href":"https:\/\/api.w.org\/{rel}","templated":true}]}}