{"id":435214,"date":"2025-10-03T03:37:12","date_gmt":"2025-10-03T03:37:12","guid":{"rendered":"https:\/\/www.europesays.com\/fr\/435214\/"},"modified":"2025-10-03T03:37:12","modified_gmt":"2025-10-03T03:37:12","slug":"municipales-2026-a-vern-sur-seiche-nouvelle-polemique-autour-dune-salle-communale","status":"publish","type":"post","link":"https:\/\/www.europesays.com\/fr\/435214\/","title":{"rendered":"Municipales 2026 \u00e0 Vern-sur-Seiche\u00a0: nouvelle pol\u00e9mique autour d\u2019une salle communale"},"content":{"rendered":"<p>\u00c0 <a href=\"https:\/\/rennes.maville.com\/bretagne\/ille-et-vilaine\/vern-sur-seiche\/\" target=\"_blank\" rel=\"noopener\">Vern-sur-Seiche<\/a> (<a href=\"https:\/\/www.ouest-france.fr\/bretagne\/ille-et-vilaine\/\" target=\"_blank\" rel=\"noopener\">Ille-et-Vilaine<\/a>), les tensions se multiplient \u00e0 l\u2019approche des \u00e9lections municipales 2026. Il y a plusieurs mois d\u00e9j\u00e0, l\u2019association Vern Avenir, dans laquelle se trouvent des membres de la minorit\u00e9, a d\u00e9nonc\u00e9 le refus du maire, St\u00e9phane Labb\u00e9, de <a href=\"https:\/\/rennes.maville.com\/actu\/actudet_-ille-et-vilaine.-reunions-politiques-les-elus-s-echarpent-sur-l-usage-de-locaux-municipaux-_53511-6886093_actu.Htm\" target=\"_blank\" rel=\"noopener\">mettre \u00e0 disposition une salle communale<\/a> pour l\u2019organisation d\u2019une r\u00e9union publique.<\/p>\n<p>Le tribunal administratif de Rennes doit se prononcer sur l\u2019affaire d\u2019ici quelques jours. Mais c\u2019est d\u00e9sormais <a href=\"https:\/\/rennes.maville.com\/actu\/actudet_-municipales-2026-a-vern-sur-seiche-thierry-martineau-menera-une-liste-de-gauche-_7-6974030_actu.Htm\" target=\"_blank\" rel=\"noopener\">Thierry Martineau,<\/a> candidat aux \u00e9lections municipales d\u2019un autre collectif de gauche, qui d\u00e9plore une situation similaire.<\/p>\n<p><strong>Lire aussi\u00a0: <\/strong> <a href=\"https:\/\/rennes.maville.com\/bretagne\/ille-et-vilaine\/vern-sur-seiche\/mise-a-disposition-des-salles-communales-a-vern-sur-seiche-une-association-saisit-le-tribunal-de2b5f3c-9e0b-11f0-bf1a-3bcb4c47ce60\" target=\"_blank\" rel=\"noopener\">Mise \u00e0 disposition des salles communales \u00e0 Vern-sur-Seiche\u00a0: une association saisit le tribunal<\/a><\/p>\n<p>\u00ab\u00a0Du th\u00e9\u00e2tre politique\u00a0\u00bb<\/p>\n<p><strong>\u00ab\u00a0En juillet, la mairie a accept\u00e9 par courrier que l\u2019on utilise la salle du Champ-Loisel le 26\u00a0septembre pour une r\u00e9union. Et le jour J, \u00e0 14\u00a0h, quelques heures avant l\u2019\u00e9v\u00e9nement, on nous l\u2019a finalement refus\u00e9\u00a0\u00bb,<\/strong> assure-t-il.<\/p>\n<p>Le motif invoqu\u00e9 serait que l\u2019\u00e9v\u00e9nement avait \u00e9t\u00e9 annonc\u00e9 comme \u00e9tant une simple r\u00e9union interne et non une r\u00e9union publique. <strong>\u00ab\u00a0Un tel d\u00e9lai n\u2019est pas raisonnable\u00a0\u00bb,<\/strong> fustige Thierry Martineau, pour qui <strong>\u00ab\u00a0la d\u00e9mocratie n\u2019est pas respect\u00e9e\u00a0\u00bb<\/strong>. <strong>\u00ab\u00a0Ce ne sont pas de bonnes conditions pour mener une campagne, nous avons besoin d\u2019un climat calme et serein\u00a0\u00bb, <\/strong>enjoint-il.<\/p>\n<p>Contact\u00e9, le maire, St\u00e9phane Labb\u00e9, <a href=\"https:\/\/rennes.maville.com\/actu\/actudet_--six-ans-c-est-trop-court-le-maire-de-vern-sur-seiche-vise-2026-_7-6737941_actu.Htm\" target=\"_blank\" rel=\"noopener\">candidat \u00e0 sa r\u00e9\u00e9lection,<\/a> d\u00e9nonce de son c\u00f4t\u00e9 de la <strong>\u00ab\u00a0manipulation\u00a0\u00bb<\/strong> et du <strong>\u00ab\u00a0th\u00e9\u00e2tre politique\u00a0\u00bb<\/strong>. <strong>\u00ab\u00a0Tout \u00e9tait orchestr\u00e9, je pense qu\u2019ils ont voulu nous pi\u00e9ger en nous parlant que \u201cde r\u00e9union\u201d\u00a0\u00bb,<\/strong> l\u00e2che-t-il.<\/p>\n<p>En effet, un r\u00e8glement municipal mis en place en 2019 par la pr\u00e9c\u00e9dente majorit\u00e9 n\u2019autorise pas la mise \u00e0 disposition de salles communales pour des r\u00e9unions publiques politiques. <strong>\u00ab\u00a0On manque de salles, on doit donc limiter pour ne pas bloquer nos associations\u00a0\u00bb,<\/strong> ajoute-t-il.<\/p>\n<p>\u00a0<\/p>\n","protected":false},"excerpt":{"rendered":"\u00c0 Vern-sur-Seiche (Ille-et-Vilaine), les tensions se multiplient \u00e0 l\u2019approche des \u00e9lections municipales 2026. Il y a plusieurs mois&hellip;\n","protected":false},"author":2,"featured_media":435215,"comment_status":"","ping_status":"","sticky":false,"template":"","format":"standard","meta":{"footnotes":""},"categories":[2821],"tags":[5734,1111,11,7051,829,56273,1777,674,1011,27,3554,12,2043,1062,3086,584,25,8878,9310],"class_list":{"0":"post-435214","1":"post","2":"type-post","3":"status-publish","4":"format-standard","5":"has-post-thumbnail","7":"category-rennes","8":"tag-5734","9":"tag-actu","10":"tag-actualites","11":"tag-autour","12":"tag-bretagne","13":"tag-communale","14":"tag-eu","15":"tag-europe","16":"tag-fr","17":"tag-france","18":"tag-municipales","19":"tag-news","20":"tag-nouvelle","21":"tag-polemique","22":"tag-redon","23":"tag-rennes","24":"tag-republique-francaise","25":"tag-salle","26":"tag-vern-sur-seiche"},"share_on_mastodon":{"url":"https:\/\/pubeurope.com\/@fr\/115308150328789272","error":""},"_links":{"self":[{"href":"https:\/\/www.europesays.com\/fr\/wp-json\/wp\/v2\/posts\/435214","targetHints":{"allow":["GET"]}}],"collection":[{"href":"https:\/\/www.europesays.com\/fr\/wp-json\/wp\/v2\/posts"}],"about":[{"href":"https:\/\/www.europesays.com\/fr\/wp-json\/wp\/v2\/types\/post"}],"author":[{"embeddable":true,"href":"https:\/\/www.europesays.com\/fr\/wp-json\/wp\/v2\/users\/2"}],"replies":[{"embeddable":true,"href":"https:\/\/www.europesays.com\/fr\/wp-json\/wp\/v2\/comments?post=435214"}],"version-history":[{"count":0,"href":"https:\/\/www.europesays.com\/fr\/wp-json\/wp\/v2\/posts\/435214\/revisions"}],"wp:featuredmedia":[{"embeddable":true,"href":"https:\/\/www.europesays.com\/fr\/wp-json\/wp\/v2\/media\/435215"}],"wp:attachment":[{"href":"https:\/\/www.europesays.com\/fr\/wp-json\/wp\/v2\/media?parent=435214"}],"wp:term":[{"taxonomy":"category","embeddable":true,"href":"https:\/\/www.europesays.com\/fr\/wp-json\/wp\/v2\/categories?post=435214"},{"taxonomy":"post_tag","embeddable":true,"href":"https:\/\/www.europesays.com\/fr\/wp-json\/wp\/v2\/tags?post=435214"}],"curies":[{"name":"wp","href":"https:\/\/api.w.org\/{rel}","templated":true}]}}