{"id":435218,"date":"2025-10-03T03:39:12","date_gmt":"2025-10-03T03:39:12","guid":{"rendered":"https:\/\/www.europesays.com\/fr\/435218\/"},"modified":"2025-10-03T03:39:12","modified_gmt":"2025-10-03T03:39:12","slug":"cette-vieille-centrale-va-fournir-de-lenergie-verte-a-25-000-logements-en-2026-voici-comment","status":"publish","type":"post","link":"https:\/\/www.europesays.com\/fr\/435218\/","title":{"rendered":"cette vieille centrale va fournir de l&rsquo;\u00e9nergie verte \u00e0 25 000 logements en 2026, voici comment"},"content":{"rendered":"<p>            Par<br \/>\n        <strong><br \/>\n            <a href=\"https:\/\/actu.fr\/auteur\/thomas-blanc\" title=\"Consulter tous les articles de Thomas Blanc\" target=\"_blank\" rel=\"noopener\">Thomas Blanc<\/a><br \/>\n        <\/strong><\/p>\n<p>        Publi\u00e9 le<\/p>\n<p>            2 oct. 2025 \u00e0 18h25        <\/p>\n<p>L\u2019<a href=\"https:\/\/actu.fr\/tag\/eurometropole-de-strasbourg\" target=\"_blank\" rel=\"noopener\">Eurom\u00e9tropole de Strasbourg<\/a> a mandat\u00e9 Engie pour que la <strong>centrale \u00e0 gaz de Hautepierre<\/strong>, construite dans les ann\u00e9es 1970, passe sous le pavillon des <strong>\u00e9nergies renouvelables<\/strong> (ENR). Les travaux lanc\u00e9s dans ce but vont bon train et les <strong>chaudi\u00e8res \u00e0 biomasse<\/strong> qui produiront la chaleur n\u00e9cessaire pour chauffer les logements aliment\u00e9s par le <a href=\"https:\/\/actu.fr\/grand-est\/strasbourg_67482\/reseaux-de-chaleur-a-strasbourg-un-enorme-chantier-de-plusieurs-annees-va-bientot-demarrer_63230419.html\" target=\"_blank\" rel=\"noopener\">r\u00e9seau de chaleur ouest<\/a> sont en train d\u2019\u00eatre install\u00e9es. Elles seront mises en service <strong>dans les prochains mois<\/strong>.<\/p>\n<p>    <a href=\"https:\/\/www.google.com\/maps\/embed?pb=!1m18!1m12!1m3!1d6505.601193878061!2d7.701967311727884!3d48.58923821858748!2m3!1f0!2f0!3f0!3m2!1i1024!2i768!4f13.1!3m3!1m2!1s0x4796b7d15111242b%3A0x601b2bd5bef7cc98!2sChaleur%20Hautepierre!5e0!3m2!1sfr!2sfr!4v1759416714822!5m2!1sfr!2sfr\" title=\"Ouvrie le lien\" target=\"_blank\" rel=\"noopener\">Cliquez ici pour visualiser le contenu<\/a><\/p>\n<p>La centrale thermique de Hautepierre passe aux \u00e9nergies renouvelables en 2026<\/p>\n<p class=\" wall-content\">L\u2019objectif annonc\u00e9 pour cette centrale qui tourne aujourd\u2019hui \u00e0 100\u2009% aux \u00e9nergies fossiles est de produire <strong>88\u2009% de sa chaleur gr\u00e2ce \u00e0 des ENR<\/strong>.<\/p>\n<p class=\" wall-content\">Cela permettra de raccorder <strong>25\u2009000 logements des quartiers de l\u2019ouest strasbourgeois<\/strong> \u00ab\u2009\u00e0 un syst\u00e8me de chauffage d\u00e9carbon\u00e9 et moins cher\u2009\u00bb, comme l\u2019explique Marc Hoffsess, adjoint \u00e0 la maire de Strasbourg en charge des \u00e9nergies.<\/p>\n<p class=\" wall-content\">Dans ces 88\u2009%, la moiti\u00e9 proviendra des <strong>pompes \u00e0 chaleur<\/strong>, plac\u00e9es dans le b\u00e2timent historique de la centrale, r\u00e9nov\u00e9 pour l\u2019occasion\u2009; l\u2019autre moiti\u00e9 sera cr\u00e9\u00e9e gr\u00e2ce aux chaudi\u00e8res \u00e0 biomasse en cours d\u2019installation. Tout cela sera op\u00e9rationnel <strong>d\u00e8s le printemps 2026<\/strong>.<\/p>\n<p>La biomasse c\u2019est quoi\u2009?<\/p>\n<p class=\" wall-content\">La biomasse, ce terme un petit flou devient beaucoup plus clair dans la bouche de <strong>Matthieu Bonvoisin<\/strong>, directeur d\u2019Evos, la filiale d\u2019Engie en charge du r\u00e9seau de chaleur ouest de Strasbourg.<\/p>\n<blockquote class=\"ac-article-quote wall-content\">\n<p>On fait br\u00fbler du bois et de la mati\u00e8re organique qui ne sont pas valoris\u00e9s par la fili\u00e8re. En br\u00fblant, une chaleur est cr\u00e9\u00e9e, elle va chauffer de l&rsquo;eau que l&rsquo;on envoie ensuite dans les logements pour le chauffage.<\/p>\n<p>    <strong>Matthieu Bonvoisin<\/strong><br \/>\n        Directeur du territoire Nord-Est d&rsquo;Engie et pr\u00e9sident d&rsquo;Evos    <\/p><\/blockquote>\n<p>Votre r\u00e9gion, votre actu !<\/p>\n<p>Recevez chaque jour les infos qui comptent pour vous.<\/p>\n<p>\t<a href=\"https:\/\/actu.fr\/newsletter\" class=\"ac-btn ac-btn--corner ac-btn--medium ac-btn--blue800\" target=\"_blank\" rel=\"noopener\">S&rsquo;incrire<\/a><\/p>\n<p class=\" wall-content\">Les d\u00e9chets organiques utilis\u00e9s \u00e0 la centrale viendront \u00ab\u2009d\u2019un rayon de <strong>100 km autour de la centrale<\/strong> et au maximum de la r\u00e9gion Grand Est\u2009\u00bb, promet Lise Damien, en charge du r\u00e9seau de chaleur ouest.<\/p>\n<p>    <img   decoding=\"async\" loading=\"lazy\" src=\"https:\/\/www.europesays.com\/fr\/wp-content\/uploads\/2025\/10\/chaudiere-a-biomasse-hautepierre-strasbourg-960x640.jpg\" alt=\"Une chaudi\u00e8re \u00e0 biomasse (en rouge), en cours d'installation dans le nouveau b\u00e2timent de la centrale encore en travaux. \" width=\"960\" height=\"640\"\/><br \/>\n    Une chaudi\u00e8re \u00e0 biomasse (en rouge), en cours d\u2019installation dans le nouveau b\u00e2timent de la centrale encore en travaux. (\u00a9Thomas Blanc \/ Actu Strasbourg)Et les fum\u00e9es alors\u2009?<\/p>\n<p class=\" wall-content\">Les chaudi\u00e8res \u00e0 biomasse, install\u00e9es ce jeudi 2\u00a0octobre 2025 sous les yeux de Pia Imbs, pr\u00e9sidente de l\u2019Eurom\u00e9tropole, Marc Hoffsess et la presse r\u00e9unie pour l\u2019occasion ont une mauvaise r\u00e9putation. En cause, la<strong> fum\u00e9e qu\u2019elles d\u00e9gagent est connue pour d\u00e9grader la qualit\u00e9 de l\u2019air<\/strong>.<\/p>\n<p class=\" wall-content\">Lise Damien balaie cela d\u2019un revers de main en expliquant que \u00ab\u2009les chaudi\u00e8res install\u00e9es \u00e0 Hautepierre sont <strong>tr\u00e8s performantes<\/strong> en termes de rendement \u00e9nerg\u00e9tique mais \u00e9galement sur la qualit\u00e9 des fum\u00e9es qui s\u2019en \u00e9chappent\u2009\u00bb.<\/p>\n<p class=\" wall-content\">Pour assurer cela, <strong>les fum\u00e9es subiront cinq niveaux de traitement<\/strong> avant d\u2019\u00eatre rel\u00e2ch\u00e9es dans l\u2019atmosph\u00e8re strasbourgeoise. \u00ab\u2009Evos se veut exemplaire de ce point de vue\u2009\u00bb, conclut la cheffe de projet.<\/p>\n<p class=\" wall-content\">Personnalisez votre actualit\u00e9 en ajoutant vos villes et m\u00e9dias en favori avec <a href=\"https:\/\/moncompte.actu.fr\" title=\"D\u00e9couvez Mon Actu\" rel=\"nofollow noopener\" data-trk=\"{&quot;cta&quot;:{&quot;action&quot;:&quot;https:\\\/\\\/moncompte.actu.fr&quot;,&quot;category&quot;:&quot;mon compte&quot;,&quot;from&quot;:&quot;article footer&quot;,&quot;name&quot;:&quot;Mon actu&quot;,&quot;type&quot;:&quot;cta&quot;}}\" target=\"_blank\">Mon Actu<\/a>.<\/p>\n","protected":false},"excerpt":{"rendered":"Par Thomas Blanc Publi\u00e9 le 2 oct. 2025 \u00e0 18h25 L\u2019Eurom\u00e9tropole de Strasbourg a mandat\u00e9 Engie pour que&hellip;\n","protected":false},"author":2,"featured_media":435219,"comment_status":"","ping_status":"","sticky":false,"template":"","format":"standard","meta":{"footnotes":""},"categories":[2820],"tags":[1111,11,51,1777,674,1011,27,775,12,25,104,640,4426],"class_list":{"0":"post-435218","1":"post","2":"type-post","3":"status-publish","4":"format-standard","5":"has-post-thumbnail","7":"category-strasbourg","8":"tag-actu","9":"tag-actualites","10":"tag-ecologie","11":"tag-eu","12":"tag-europe","13":"tag-fr","14":"tag-france","15":"tag-grand-est","16":"tag-news","17":"tag-republique-francaise","18":"tag-societe","19":"tag-strasbourg","20":"tag-transition-energetique"},"share_on_mastodon":{"url":"https:\/\/pubeurope.com\/@fr\/115308158588621267","error":""},"_links":{"self":[{"href":"https:\/\/www.europesays.com\/fr\/wp-json\/wp\/v2\/posts\/435218","targetHints":{"allow":["GET"]}}],"collection":[{"href":"https:\/\/www.europesays.com\/fr\/wp-json\/wp\/v2\/posts"}],"about":[{"href":"https:\/\/www.europesays.com\/fr\/wp-json\/wp\/v2\/types\/post"}],"author":[{"embeddable":true,"href":"https:\/\/www.europesays.com\/fr\/wp-json\/wp\/v2\/users\/2"}],"replies":[{"embeddable":true,"href":"https:\/\/www.europesays.com\/fr\/wp-json\/wp\/v2\/comments?post=435218"}],"version-history":[{"count":0,"href":"https:\/\/www.europesays.com\/fr\/wp-json\/wp\/v2\/posts\/435218\/revisions"}],"wp:featuredmedia":[{"embeddable":true,"href":"https:\/\/www.europesays.com\/fr\/wp-json\/wp\/v2\/media\/435219"}],"wp:attachment":[{"href":"https:\/\/www.europesays.com\/fr\/wp-json\/wp\/v2\/media?parent=435218"}],"wp:term":[{"taxonomy":"category","embeddable":true,"href":"https:\/\/www.europesays.com\/fr\/wp-json\/wp\/v2\/categories?post=435218"},{"taxonomy":"post_tag","embeddable":true,"href":"https:\/\/www.europesays.com\/fr\/wp-json\/wp\/v2\/tags?post=435218"}],"curies":[{"name":"wp","href":"https:\/\/api.w.org\/{rel}","templated":true}]}}