{"id":435226,"date":"2025-10-03T03:44:41","date_gmt":"2025-10-03T03:44:41","guid":{"rendered":"https:\/\/www.europesays.com\/fr\/435226\/"},"modified":"2025-10-03T03:44:41","modified_gmt":"2025-10-03T03:44:41","slug":"une-nouvelle-equipe-pour-la-societe-pepite-ose-immuno-basee-a-nantes-et-paris-2","status":"publish","type":"post","link":"https:\/\/www.europesays.com\/fr\/435226\/","title":{"rendered":"Une nouvelle \u00e9quipe pour la soci\u00e9t\u00e9 p\u00e9pite Ose Immuno, bas\u00e9e \u00e0 Nantes et Paris"},"content":{"rendered":"<p>L\u2019op\u00e9ration port\u00e9e par trois actionnaires historiques d\u2019Ose Immunotherapeutics \u2013 \u00c9mile Loria ; Dominique Costantini, cofondatrice de la soci\u00e9t\u00e9, et Alexis Peyroles, ancien dirigeant \u2013 a port\u00e9 ses fruits. Leur r\u00e9solution a \u00e9t\u00e9 adopt\u00e9e \u00e0 la majorit\u00e9 lors de l\u2019assembl\u00e9e g\u00e9n\u00e9rale, qui a eu lieu mardi 30\u00a0septembre. R\u00e9sultat, l\u2019ensemble du conseil d\u2019administration est renouvel\u00e9.<\/p>\n<p>Didier Hoch, le pr\u00e9sident du conseil d\u2019administration, a perdu de facto son poste et a \u00e9t\u00e9 remplac\u00e9 par Markus Cappel, nouvel administrateur de la soci\u00e9t\u00e9, tout comme Pascale Briand, Jonathan Cool, Marc Le Bozec, Shihong Nicolaou, Alexis Peyroles. Caroline Mary est aussi administratrice, en tant que repr\u00e9sentante des actionnaires salari\u00e9s. L\u2019Allemand Markus Cappel a plus de trente\u00a0ans d\u2019exp\u00e9rience dans le secteur des biotechnologies, en particulier aux \u00c9tats-Unis.<\/p>\n<p>\t<img decoding=\"async\" src=\"https:\/\/www.europesays.com\/fr\/wp-content\/uploads\/2025\/10\/P35495902D7000856G_px_640_.jpg\" alt=\"photo markus cappel est le nouveau pr\u00e9sident du conseil d\u2019administration d\u2019ose immunotherapeutics.  \u00a9  d. r.\" width=\"640\" title=\" Markus Cappel est le nouveau pr\u00e9sident du conseil d\u2019administration d\u2019Ose Immunotherapeutics.   D. R. \"\/><\/p>\n<p class=\"elmt-legende\"> Markus Cappel est le nouveau pr\u00e9sident du conseil d\u2019administration d\u2019Ose Immunotherapeutics.   D. R. <\/p>\n<p>Le directeur Nicolas Poirier a \u00e9t\u00e9 r\u00e9voqu\u00e9 de son r\u00f4le d\u2019administrateur. Il demeure directeur, mais jusqu\u2019\u00e0 quand\u00a0? Le conseil d\u2019administration doit l\u2019entendre ce jeudi 2 octobre, ainsi que le directeur financier.<\/p>\n<p>Les d\u00e9cisions de l\u2019assembl\u00e9e g\u00e9n\u00e9rale ont \u00e9t\u00e9 salu\u00e9es par la bourse. Le titre a bondi de plus de 20\u00a0% en deux jours, pour s\u2019\u00e9tablir \u00e0 7,3\u00a0\u20ac.<\/p>\n<p>Ose immunotherapeutics, une p\u00e9pite de la biotech, \u00e9tait secou\u00e9e depuis plusieurs mois par<a href=\"https:\/\/nantes.maville.com\/actu\/actudet_-bras-de-fer-de-groupes-d-actionnaires-pour-prendre-le-controle-de-la-pepite-nantaise-de-la-biotech-_52716-6994692_actu.Htm\" target=\"_self\" rel=\"noopener\"> une bataille entre actionnaires<\/a>. La soci\u00e9t\u00e9 bas\u00e9e \u00e0 Nantes et Paris emploie pr\u00e8s de 70\u00a0salari\u00e9s.<\/p>\n<p>Elle a beaucoup avanc\u00e9 en particulier sur Tedopi, un vaccin th\u00e9rapeutique contre les cancers (en particulier du poumon et du pancr\u00e9as). Il y a aussi, entre autres, le\u00a0Lusvertikimab, un traitement contre les maladies inflammatoires chroniques de l\u2019intestin, en particulier la rectocolite h\u00e9morragique.<\/p>\n<p>Des divergences sur la strat\u00e9gie pour poursuivre le d\u00e9veloppement de ce m\u00e9dicament sont \u00e0 l\u2019origine du bras de fer entre actionnaires. La recherche de partenaires pharmaceutiques pour limiter les risques financiers est clairement prioris\u00e9e par la\u00a0nouvelle \u00e9quipe. Cette m\u00e9thode, celle des fondateurs\u00a0depuis la cr\u00e9ation de la soci\u00e9t\u00e9 en 2016, semblait avoir \u00e9t\u00e9 remise en cause par les dirigeants mis en minorit\u00e9.<\/p>\n<p>\u00a0<\/p>\n","protected":false},"excerpt":{"rendered":"L\u2019op\u00e9ration port\u00e9e par trois actionnaires historiques d\u2019Ose Immunotherapeutics \u2013 \u00c9mile Loria ; Dominique Costantini, cofondatrice de la soci\u00e9t\u00e9,&hellip;\n","protected":false},"author":2,"featured_media":431915,"comment_status":"","ping_status":"","sticky":false,"template":"","format":"standard","meta":{"footnotes":""},"categories":[2818],"tags":[1111,11,1438,26738,2263,1777,674,1011,27,55981,766,12,2043,55980,626,2636,54879,25,104],"class_list":{"0":"post-435226","1":"post","2":"type-post","3":"status-publish","4":"format-standard","5":"has-post-thumbnail","7":"category-nantes","8":"tag-actu","9":"tag-actualites","10":"tag-angers","11":"tag-basee","12":"tag-equipe","13":"tag-eu","14":"tag-europe","15":"tag-fr","16":"tag-france","17":"tag-immuno","18":"tag-nantes","19":"tag-news","20":"tag-nouvelle","21":"tag-ose","22":"tag-paris","23":"tag-pays-de-la-loire","24":"tag-pepite","25":"tag-republique-francaise","26":"tag-societe"},"share_on_mastodon":{"url":"https:\/\/pubeurope.com\/@fr\/115308177951626130","error":""},"_links":{"self":[{"href":"https:\/\/www.europesays.com\/fr\/wp-json\/wp\/v2\/posts\/435226","targetHints":{"allow":["GET"]}}],"collection":[{"href":"https:\/\/www.europesays.com\/fr\/wp-json\/wp\/v2\/posts"}],"about":[{"href":"https:\/\/www.europesays.com\/fr\/wp-json\/wp\/v2\/types\/post"}],"author":[{"embeddable":true,"href":"https:\/\/www.europesays.com\/fr\/wp-json\/wp\/v2\/users\/2"}],"replies":[{"embeddable":true,"href":"https:\/\/www.europesays.com\/fr\/wp-json\/wp\/v2\/comments?post=435226"}],"version-history":[{"count":0,"href":"https:\/\/www.europesays.com\/fr\/wp-json\/wp\/v2\/posts\/435226\/revisions"}],"wp:featuredmedia":[{"embeddable":true,"href":"https:\/\/www.europesays.com\/fr\/wp-json\/wp\/v2\/media\/431915"}],"wp:attachment":[{"href":"https:\/\/www.europesays.com\/fr\/wp-json\/wp\/v2\/media?parent=435226"}],"wp:term":[{"taxonomy":"category","embeddable":true,"href":"https:\/\/www.europesays.com\/fr\/wp-json\/wp\/v2\/categories?post=435226"},{"taxonomy":"post_tag","embeddable":true,"href":"https:\/\/www.europesays.com\/fr\/wp-json\/wp\/v2\/tags?post=435226"}],"curies":[{"name":"wp","href":"https:\/\/api.w.org\/{rel}","templated":true}]}}