{"id":435229,"date":"2025-10-03T03:46:25","date_gmt":"2025-10-03T03:46:25","guid":{"rendered":"https:\/\/www.europesays.com\/fr\/435229\/"},"modified":"2025-10-03T03:46:25","modified_gmt":"2025-10-03T03:46:25","slug":"le-plus-grand-tour-de-france-de-ramassage-de-dechets-passe-a-bordeaux","status":"publish","type":"post","link":"https:\/\/www.europesays.com\/fr\/435229\/","title":{"rendered":"Le plus grand tour de France de ramassage de d\u00e9chets passe \u00e0 Bordeaux !"},"content":{"rendered":"<p>Si tu t\u2019inqui\u00e8tes de l\u2019\u00e9tat de notre plan\u00e8te et que tu as envie d\u2019agir concr\u00e8tement, tu vas adorer ce qui se pr\u00e9pare \u00e0 Bordeaux du 6 au 12 octobre. Hugo et No\u00e9my, deux jeunes engag\u00e9s pour la nature, viennent avec leur projet in\u00e9dit : <a href=\"https:\/\/www.instagram.com\/hugoetnonovoyage\/\" target=\"_blank\" rel=\"noreferrer noopener nofollow\">le Grand D\u00e9ch\u2019Tour<\/a>, le plus grand tour de France de ramassage de d\u00e9chets jamais organis\u00e9.<\/p>\n<p style=\"font-size:16px\">Leur mission est simple mais ambitieuse : montrer qu\u2019ensemble, on peut transformer une bonne id\u00e9e en un <strong>mouvement citoyen puissant et positif<\/strong>. Chaque jour, des tonnes de d\u00e9chets sont abandonn\u00e9s dans nos rues, nos campagnes et nos plages. Cela d\u00e9truit les paysages, menace la biodiversit\u00e9 et banalise des comportements dangereux. Hugo et Nono refusent d\u2019\u00eatre spectateurs. Avec cam\u00e9ra en main, ils veulent sensibiliser, mobiliser et inspirer chacun \u00e0 changer ses habitudes.<\/p>\n<p><img fetchpriority=\"high\" decoding=\"async\" width=\"819\" height=\"1024\" src=\"https:\/\/www.europesays.com\/fr\/wp-content\/uploads\/2025\/10\/image-38-819x1024.png\" alt=\"\" class=\"wp-image-84570\" style=\"width:402px;height:auto\"  \/><\/p>\n<p style=\"font-size:16px\">Le projet s\u2019appuie sur une <strong>dynamique digitale forte<\/strong> : avec plus de 130 000 abonn\u00e9s sur les r\u00e9seaux sociaux, ils touchent en priorit\u00e9 un public jeune. Les vid\u00e9os courtes, ludiques et authentiques qu\u2019ils diffusent permettent de cr\u00e9er une prise de conscience massive, bien au-del\u00e0 des villes travers\u00e9es. Ici, pas de culpabilisation, mais une \u00e9nergie positive qui donne envie de participer.<\/p>\n<p style=\"font-size:16px\">Sur le terrain, chaque \u00e9tape se transforme en <strong>action concr\u00e8te<\/strong> : ramassage de d\u00e9chets, ateliers de sensibilisation dans les \u00e9coles, interventions avec les associations et les mairies. Le message est clair : <strong>ensemble, on peut changer les choses<\/strong>. Et ce n\u2019est pas tout, <a href=\"https:\/\/www.instagram.com\/hugoetnonovoyage\/\" target=\"_blank\" rel=\"noreferrer noopener nofollow\">le Grand D\u00e9ch\u2019Tour<\/a> valorise aussi les initiatives locales et les producteurs engag\u00e9s rencontr\u00e9s sur la route. L\u2019id\u00e9e est de montrer qu\u2019une autre mani\u00e8re de consommer et de vivre est possible.<\/p>\n<p><img loading=\"lazy\" decoding=\"async\" width=\"1024\" height=\"1024\" data-id=\"84573\" src=\"https:\/\/www.europesays.com\/fr\/wp-content\/uploads\/2025\/10\/IMG_4220-1024x1024.jpeg\" alt=\"\" class=\"wp-image-84573\"  \/><\/p>\n<p><img loading=\"lazy\" decoding=\"async\" width=\"1024\" height=\"1024\" data-id=\"84574\" src=\"https:\/\/www.europesays.com\/fr\/wp-content\/uploads\/2025\/10\/IMG_4221-1024x1024.jpeg\" alt=\"\" class=\"wp-image-84574\"  \/><\/p>\n<p style=\"font-size:16px\">Bordeaux sera donc l\u2019une des <strong>10 grandes \u00e9tapes fran\u00e7aises<\/strong> de ce parcours de plus de 3 000 km. C\u2019est le moment de te joindre au mouvement et de participer \u00e0 des op\u00e9rations de ramassage qui auront un impact direct sur ta ville. Que tu viennes avec des amis, en famille ou seul, ton engagement compte.<\/p>\n<p style=\"font-size:16px\"><a href=\"https:\/\/www.tiktok.com\/@hugoetnonovoyage\" target=\"_blank\" rel=\"noreferrer noopener nofollow\">Le Grand D\u00e9ch\u2019Tour<\/a> n\u2019est pas seulement un projet \u00e9cologique : c\u2019est <strong>une aventure citoyenne, fun et inspirante<\/strong>. Alors si tu veux voir ton action faire la diff\u00e9rence et inspirer les autres, note bien la date : <strong>du 6 au 12 octobre \u00e0 Bordeaux, Hugo et Nono t\u2019attendent pour ramasser, sensibiliser et transformer la ville<\/strong>. Rejoins le mouvement, partage ton \u00e9nergie et deviens acteur du changement !<\/p>\n<p style=\"font-size:16px\">\u00c0 lire aussi : <a href=\"https:\/\/www.bougerabordeaux.com\/decouvrir\/sortir\/une-nouvelle-adresse-sucree-et-respectueuse-des-saisons-ouvre-ses-portes-a-bordeaux\/\" target=\"_blank\" rel=\"noreferrer noopener nofollow\">Une nouvelle adresse sucr\u00e9e et respectueuse des saisons ouvre ses portes \u00e0 Bordeaux !<\/a><\/p>\n<p>\t\t<script async src=\"\/\/www.instagram.com\/embed.js\"><\/script><script async src=\"\/\/www.tiktok.com\/embed.js\"><\/script><\/p>\n","protected":false},"excerpt":{"rendered":"Si tu t\u2019inqui\u00e8tes de l\u2019\u00e9tat de notre plan\u00e8te et que tu as envie d\u2019agir concr\u00e8tement, tu vas adorer&hellip;\n","protected":false},"author":2,"featured_media":435230,"comment_status":"","ping_status":"","sticky":false,"template":"","format":"standard","meta":{"footnotes":""},"categories":[2817],"tags":[1111,11,1997,1777,674,1011,27,12,2219,25],"class_list":{"0":"post-435229","1":"post","2":"type-post","3":"status-publish","4":"format-standard","5":"has-post-thumbnail","7":"category-bordeaux","8":"tag-actu","9":"tag-actualites","10":"tag-bordeaux","11":"tag-eu","12":"tag-europe","13":"tag-fr","14":"tag-france","15":"tag-news","16":"tag-nouvelle-aquitaine","17":"tag-republique-francaise"},"share_on_mastodon":{"url":"https:\/\/pubeurope.com\/@fr\/115308186043610043","error":""},"_links":{"self":[{"href":"https:\/\/www.europesays.com\/fr\/wp-json\/wp\/v2\/posts\/435229","targetHints":{"allow":["GET"]}}],"collection":[{"href":"https:\/\/www.europesays.com\/fr\/wp-json\/wp\/v2\/posts"}],"about":[{"href":"https:\/\/www.europesays.com\/fr\/wp-json\/wp\/v2\/types\/post"}],"author":[{"embeddable":true,"href":"https:\/\/www.europesays.com\/fr\/wp-json\/wp\/v2\/users\/2"}],"replies":[{"embeddable":true,"href":"https:\/\/www.europesays.com\/fr\/wp-json\/wp\/v2\/comments?post=435229"}],"version-history":[{"count":0,"href":"https:\/\/www.europesays.com\/fr\/wp-json\/wp\/v2\/posts\/435229\/revisions"}],"wp:featuredmedia":[{"embeddable":true,"href":"https:\/\/www.europesays.com\/fr\/wp-json\/wp\/v2\/media\/435230"}],"wp:attachment":[{"href":"https:\/\/www.europesays.com\/fr\/wp-json\/wp\/v2\/media?parent=435229"}],"wp:term":[{"taxonomy":"category","embeddable":true,"href":"https:\/\/www.europesays.com\/fr\/wp-json\/wp\/v2\/categories?post=435229"},{"taxonomy":"post_tag","embeddable":true,"href":"https:\/\/www.europesays.com\/fr\/wp-json\/wp\/v2\/tags?post=435229"}],"curies":[{"name":"wp","href":"https:\/\/api.w.org\/{rel}","templated":true}]}}