{"id":435257,"date":"2025-10-03T04:02:15","date_gmt":"2025-10-03T04:02:15","guid":{"rendered":"https:\/\/www.europesays.com\/fr\/435257\/"},"modified":"2025-10-03T04:02:15","modified_gmt":"2025-10-03T04:02:15","slug":"la-declaration-de-guerre-du-chancelier-merz-a-la-russie","status":"publish","type":"post","link":"https:\/\/www.europesays.com\/fr\/435257\/","title":{"rendered":"La d\u00e9claration de guerre du chancelier Merz \u00e0 la Russie"},"content":{"rendered":"<p><img decoding=\"async\" class=\"db relative center\" loading=\"lazy\" src=\"https:\/\/www.europesays.com\/fr\/wp-content\/uploads\/2025\/10\/d6e74c85-0608-4b80-b62c-fe01a68649bb\" style=\"max-height:100%\"\/>Le chancelier Friedrich Merz lors de pr\u00e9sentation de la brigade blind\u00e9e de la Bundeswehr en Lituanie [Photo by Bundesregierug \/ Guido Bergman]<\/p>\n<p>\u00abNous ne sommes pas en guerre, mais nous ne sommes plus en paix non plus\u00bb, a d\u00e9clar\u00e9 lundi le chancelier Friedrich Merz lors d&rsquo;un \u00e9v\u00e9nement organis\u00e9 par le quotidien r\u00e9gional Rheinische Post \u00e0 D\u00fcsseldorf<\/p>\n<p>Ces propos, prononc\u00e9s par le chef du gouvernement de la troisi\u00e8me \u00e9conomie mondiale, doivent \u00eatre interpr\u00e9t\u00e9s non comme un avertissement, mais comme une d\u00e9claration de guerre. Depuis des semaines, des personnalit\u00e9s politiques allemandes et d&rsquo;autres puissances europ\u00e9ennes intensifient leur propagande belliqueuse contre la Russie et font de la mer Baltique un futur th\u00e9\u00e2tre de guerre.<\/p>\n<p>Les incidents qui \u00e9taient jadis r\u00e9gl\u00e9s par des protestations diplomatiques \u2013 comme la pr\u00e9tendue violation de l\u2019espace a\u00e9rien polonais par des avions de chasse russes au-dessus des eaux baltes ou l\u2019observation de drones d\u2019origine inconnue au-dessus du Danemark \u2013 servent d\u00e9sormais de pr\u00e9texte \u00e0 une escalade rh\u00e9torique et militaire dirig\u00e9e contre la Russie.<\/p>\n<p>\u00ab La Russie repr\u00e9sente un danger croissant pour l&rsquo;OTAN \u00bb, a d\u00e9clar\u00e9 le ministre allemand de la D\u00e9fense, Boris Pistorius, ce week-end, lors du Forum sur la s\u00e9curit\u00e9 de Varsovie, devant 2\u00a0500 participants de haut rang venus de 90 pays. Il a ajout\u00e9 que le pr\u00e9sident russe Poutine cherchait \u00e0 provoquer l&rsquo;OTAN et \u00e0 sonder ses vuln\u00e9rabilit\u00e9s. Ce qu&rsquo;il fallait, a-t-il affirm\u00e9, c&rsquo;\u00e9tait l&rsquo;unit\u00e9, la clart\u00e9 d&rsquo;action et la coop\u00e9ration.<\/p>\n<p><img decoding=\"async\" class=\"db relative center\" loading=\"lazy\" src=\"https:\/\/www.europesays.com\/fr\/wp-content\/uploads\/2025\/10\/feaa41c7-52e0-4831-bd27-e01cf14947f3\" style=\"max-height:100%\"\/>Le ministre de la D\u00e9fense Boris Pistorius au Forum sur la s\u00e9curit\u00e9 de Varsovie  [Photo by WSF]<\/p>\n<p>Le ministre allemand des Affaires \u00e9trang\u00e8res Johann Wadephul a affirm\u00e9 sans la moindre preuve que les violations de l&rsquo;espace a\u00e9rien de l&rsquo;OTAN par Moscou n&rsquo;\u00e9taient \u00ab pas des erreurs, mais des attaques d\u00e9lib\u00e9r\u00e9es en zone grise \u00bb visant \u00e0 \u00ab tester notre d\u00e9termination \u00bb. \u00ab Nous ne laissons aucun doute sur notre d\u00e9termination et notre capacit\u00e9 \u00e0 repousser ensemble toute menace \u00bb, a-t-il soulign\u00e9.<\/p>\n<p>D\u2019autres dirigeants politiques, comme le porte-parole de la politique \u00e9trang\u00e8re du parti chr\u00e9tien-d\u00e9mocrate (CDU\/CSU) et membre du comit\u00e9 ex\u00e9cutif de la CDU, J\u00fcrgen Hardt, et le ministre d\u2019\u00c9tat au minist\u00e8re des Affaires \u00e9trang\u00e8res, Florian Hahn (CSU), appellent d\u00e9j\u00e0 \u00e0 \u00ab\u00a0r\u00e9pondre \u00e0 chaque violation militaire des fronti\u00e8res par des moyens militaires\u00bb, ainsi qu\u2019\u00e0 \u00ab\u00a0abattre des avions de combat russes au-dessus du territoire de l\u2019OTAN\u00bb, ce qui conduirait \u00e0 une guerre ouverte avec la puissance nucl\u00e9aire russe.<\/p>\n<p>Le pr\u00e9sident ukrainien Volodymyr Zelensky a m\u00eame propos\u00e9 un blocus naval contre la Russie. Il affirme que la Russie utilise ses p\u00e9troliers pour faire voler des drones dans l&rsquo;espace a\u00e9rien des \u00c9tats membres de l&rsquo;OTAN. Par cons\u00e9quent, affirme-t-il, l&rsquo;Europe a le droit de fermer les voies maritimes aux navires russes.<\/p>\n<p>Le Premier ministre polonais Donald Tusk a appel\u00e9 \u00e0 l&rsquo;unit\u00e9 face \u00e0 \u00abl&rsquo;agression russe\u00bb. Cette \u00ab\u00a0guerre est aussi la n\u00f4tre\u00bb, a-t-il d\u00e9clar\u00e9 lors du Forum sur la s\u00e9curit\u00e9 de Varsovie. La guerre d&rsquo;agression men\u00e9e par la Russie contre l&rsquo;Ukraine, a-t-il affirm\u00e9, s&rsquo;inscrit dans un projet politique visant \u00e0 soumettre d&rsquo;autres peuples. \u00abSi nous perdons cette guerre, les cons\u00e9quences affecteront non seulement notre g\u00e9n\u00e9ration, mais aussi la g\u00e9n\u00e9ration suivante en Pologne, en Europe, aux \u00c9tats-Unis et partout dans le monde.\u00bb<\/p>\n<p>En Pologne m\u00eame, une v\u00e9ritable hyst\u00e9rie de guerre r\u00e8gne d\u00e9sormais, aliment\u00e9e par le gouvernement. L&rsquo;\u00e9mission \u00ab\u00a0Pologne s\u00fbre\u00a0\u00bb, une initiative conjointe de la cha\u00eene publique TVP et du gouvernement, dispense chaque matin de 9 h \u00e0 midi des conseils sur la conduite \u00e0 tenir en cas de guerre. Les sacs \u00e0 dos de survie remplis de rations sp\u00e9ciales, de boissons \u00e9nergisantes en poudre, de filtres \u00e0 eau, de lampes de poche, de boussoles et d&rsquo;autres articles de survie en temps de guerre sont en rupture de stock. Avec un budget militaire de 4,7\u00a0pour cent du PIB, la Pologne se classe au premier rang europ\u00e9en.<\/p>\n<p>La campagne de guerre visant la Russie s&rsquo;accompagne d&rsquo;une acc\u00e9l\u00e9ration du r\u00e9armement et de la transformation de la mer Baltique en zone de combat. L&rsquo;Allemagne, en particulier, y joue un r\u00f4le de premier plan. Les cr\u00e9dits de guerre d&rsquo;un montant total de mille milliards d&rsquo;euros, approuv\u00e9s par le nouveau gouvernement, visent non seulement \u00e0 reconstituer les stocks d&rsquo;armes et de munitions et \u00e0 rendre les infrastructures allemandes aptes \u00e0 la guerre, mais aussi \u00e0 r\u00e9organiser la Bundeswehr (forces arm\u00e9es) et \u00e0 l&rsquo;orienter vers une guerre contre la Russie.<\/p>\n<p>L&rsquo;historien militaire S\u00f6nke Neitzel, depuis des ann\u00e9es un des porte-parole du militarisme allemand, a publi\u00e9 ce week-end un article programmatique dans le quotidient Frankfurter Allgemeine Zeitung (FAZ) intitul\u00e9 \u00ab\u00a0Lib\u00e9rez la Bundeswehr\u00a0\u00bb. Citant le g\u00e9n\u00e9ral Scharnhorst, qui a r\u00e9organis\u00e9 l&rsquo;arm\u00e9e prussienne apr\u00e8s les d\u00e9faites face aux forces napol\u00e9oniennes, Neitzel appelle \u00e0 une \u00ab\u00a0r\u00e9forme profonde\u00a0\u00bb et \u00e0 un \u00ab\u00a0changement culturel\u00a0\u00bb au sein de la Bundeswehr.<\/p>\n<p>\u00c0 la place d&rsquo;une \u00abculture de d\u00e9lib\u00e9ration excessive, d&rsquo;h\u00e9sitations et de retards d\u00e9lib\u00e9r\u00e9s\u00bb, affirme-t-il, le \u00abprincipe \u00e9prouv\u00e9 de la prise de d\u00e9cision rapide et autonome\u00bb doit pr\u00e9valoir. Tous les processus doivent \u00eatre \u00aborient\u00e9s vers des r\u00e9sultats militaires tangibles dans le cadre de la mission principale\u00bb. Le \u00abmeilleur r\u00e9sultat militaire possible\u00bb doit \u00eatre favoris\u00e9, \u00e9crit Neitzel.<\/p>\n<p>La pr\u00e9sidente de la Commission europ\u00e9enne, Ursula von der Leyen, pr\u00f4ne la construction d&rsquo;un \u00abmur de drones\u00bb contre la Russie, comme le pr\u00e9conisent les \u00c9tats baltes. L&rsquo;UE pr\u00e9voit d&rsquo;y consacrer des milliards d&rsquo;euros. Comme le r\u00e9sume le FAZ\u00a0: la guerre du futur \u00ab\u00a0ne peut plus \u00eatre men\u00e9e avec les armes du pass\u00e9\u00a0: chars, artillerie lourde, avions de combat [\u2026] L&rsquo;utilisation des drones a tout chang\u00e9\u00a0\u00bb.<\/p>\n<p>Ce plan est soutenu par le secr\u00e9taire g\u00e9n\u00e9ral de l&rsquo;OTAN, Mark Rutte, et par le commandant supr\u00eame des forces alli\u00e9es en Europe, le g\u00e9n\u00e9ral Alexus Grynkewich. Roderich Kiesewetter, membre de la CDU et responsable de la D\u00e9fense, appelle m\u00eame \u00e0 la d\u00e9claration officielle d&rsquo;un \u00e9tat de tension afin d&rsquo;acc\u00e9l\u00e9rer l&rsquo;acquisition de drones et d&rsquo;autres armements et de donner \u00e0 la Bundeswehr davantage de moyens pour contrer des drones au-dessus de l&rsquo;Allemagne.<\/p>\n<p>Dans la Baltique m\u00eame, les exercices de l&rsquo;OTAN dirig\u00e9s contre la Russie se succ\u00e8dent. Lors de l&rsquo;exercice Quadriga actuellement en cours, 8\u00a0000 soldats allemands et 400 soldats d&rsquo;autres pays de l&rsquo;OTAN s&rsquo;entra\u00eenent au \u00ab\u00a0red\u00e9ploiement massif de forces\u00a0\u00bb en Lituanie. Tous les moyens sont mobilis\u00e9s\u00a0: de l&rsquo;implication d&rsquo;organismes civils et des transports routiers, ferroviaires et maritimes aux op\u00e9rations de combat et de sabotage.<\/p>\n<p>Dans le cadre de l&rsquo;Op\u00e9ration Eastern Sentry, lanc\u00e9e le 12\u00a0septembre, l&rsquo;OTAN a renforc\u00e9 le contr\u00f4le de l&rsquo;espace a\u00e9rien au-dessus de la mer Baltique et d&rsquo;autres pays situ\u00e9s le long de son flanc oriental. L&rsquo;Allemagne, la France, le Danemark et le Royaume-Uni ont d\u00e9ploy\u00e9 des avions de chasse suppl\u00e9mentaires \u00e0 cette fin.<\/p>\n<p>Des unit\u00e9s militaires sont \u00e9galement d\u00e9ploy\u00e9es \u00e0 des fins pr\u00e9tendument civiles. Par exemple, la marine allemande a envoy\u00e9 la fr\u00e9gate Hamburg \u00e0 Copenhague pour prot\u00e9ger un sommet informel de l&rsquo;UE contre les drones russes.<\/p>\n<p>Les pr\u00e9paratifs de guerre dirig\u00e9s contre la Russie n&rsquo; ont rien \u00e0 voir avec la \u00ab\u00a0d\u00e9fense\u00a0\u00bb. Pr\u00e9tendre que la Russie souhaite soumettre militairement toute l&rsquo;Europe rel\u00e8ve de la propagande, comparable aux r\u00e9cits qui ont pr\u00e9par\u00e9 la Premi\u00e8re et la Seconde Guerre mondiale. La guerre de Moscou contre l&rsquo;Ukraine est une r\u00e9ponse r\u00e9actionnaire \u00e0 l&rsquo;encerclement de la Russie par l&rsquo;OTAN, per\u00e7u par le r\u00e9gime de Poutine comme une menace existentielle. Incapable de faire appel aux masses ukrainiennes, le r\u00e9gime oligarchique du Kremlin esp\u00e9rait contraindre l&rsquo;OTAN \u00e0 reculer par une \u00ab\u00a0op\u00e9ration militaire sp\u00e9ciale\u00a0\u00bb \u2013 un mauvais calcul catastrophique.<\/p>\n<p>Le v\u00e9ritable moteur de l&rsquo;offensive militaire contre la Russie est la profonde crise du capitalisme mondial. Comme au cours de la premi\u00e8re moiti\u00e9 du XXe si\u00e8cle, les puissances imp\u00e9rialistes tentent de r\u00e9soudre cette crise par la guerre et la dictature. Aux \u00c9tats-Unis, le pr\u00e9sident Trump instaure une dictature militaro-polici\u00e8re\u00a0; il fait pr\u00eater aux militaires serment de loyaut\u00e9 au \u00abF\u00fchrer\u00bb et menace le monde entier de taxes douani\u00e8res punitives et de recours \u00e0 la force militaire.<\/p>\n<p>L&rsquo;Allemagne et les puissances europ\u00e9ennes suivent la m\u00eame voie. Avec son contr\u00f4le sur l&rsquo;Ukraine et son offensive contre la Russie, l&rsquo;Allemagne poursuit les m\u00eames vis\u00e9es expansionnistes et imp\u00e9rialistes que lors de la Premi\u00e8re et de la Seconde Guerre mondiale.<\/p>\n<p>Lors de plusieurs interventions r\u00e9centes devant des associations patronales, le chancelier Merz a soulign\u00e9 que le r\u00e9armement ne servait pas seulement \u00e0 l&rsquo;offensive contre la Russie, mais visait \u00e9galement \u00e0 permettre \u00e0 l&rsquo;imp\u00e9rialisme allemand de d\u00e9fendre ses int\u00e9r\u00eats ind\u00e9pendamment des \u00c9tats-Unis. Son message \u00e9tait que les relations entre l&rsquo;UE, l&rsquo;Allemagne et les \u00c9tats-Unis resteraient difficiles \u00e0 long terme. \u00abNous devons parvenir \u00e0 une plus grande ind\u00e9pendance de l&rsquo;Europe vis-\u00e0-vis de la Russie, de la Chine et, bien s\u00fbr, de l&rsquo;Am\u00e9rique\u00bb, a-t-il d\u00e9clar\u00e9 la semaine derni\u00e8re lors d&rsquo;un \u00e9v\u00e9nement de l&rsquo;Association patronale de l\u2019industrie chimique VCI \u00e0 Berlin.<\/p>\n<p>Vendredi, Merz a de nouveau vivement critiqu\u00e9 les \u00c9tats-Unis lors d&rsquo;un \u00e9v\u00e9nement organis\u00e9 par la [holding] Schwarz Group. Avec une fortune d&rsquo;un peu moins de 50 milliards de dollars, Dieter Schwarz est consid\u00e9r\u00e9 comme l&rsquo;homme le plus riche d&rsquo;Allemagne. Il a b\u00e2ti sa fortune gr\u00e2ce aux cha\u00eenes de distribution Lidl et Kaufland, mais la Schwarz Gruppe est \u00e9galement active dans l&rsquo;informatique depuis plusieurs ann\u00e9es. Schwarz Digits \u0153uvre \u00e0 la construction d&rsquo;un \u00abcloud souverain pour l&rsquo;Europe\u00bb afin de rendre le continent ind\u00e9pendant des fournisseurs de cloud am\u00e9ricains.<\/p>\n<p>Merz partage cet objectif. Tout comme Trump aime appara\u00eetre en compagnie des multimilliardaires am\u00e9ricains, Merz se frotte aux oligarques allemands. Il a invit\u00e9 Gerd Chrzanowski, patron de Schwarz Group, comme conf\u00e9rencier invit\u00e9 \u00e0 la premi\u00e8re retraite \u00e0 huis clos de la coalition au pouvoir, qui vient de se tenir \u00e0 la Villa Borsig de Berlin.<\/p>\n<p>L&rsquo;alliance imp\u00e9rialiste guerri\u00e8re entre le gouvernement et les oligarques ne peut \u00eatre stopp\u00e9e que par un mouvement international de la classe ouvri\u00e8re, qui doit porter le co\u00fbt de la guerre et du militarisme. Ce mouvement doit associer la lutte contre la guerre, la dictature, les coupes sociales, le ch\u00f4mage et le nationalisme \u00e0 une perspective socialiste pour renverser le capitalisme. C&rsquo;est la perspective pour laquelle se battent le Sozialistische Gleichheitspartei (Parti de l\u2019\u00e9galit\u00e9 socialiste) et la Quatri\u00e8me Internationale.<\/p>\n<p>(Article paru en anglais le 2 octobre 2025)<\/p>\n","protected":false},"excerpt":{"rendered":"Le chancelier Friedrich Merz lors de pr\u00e9sentation de la brigade blind\u00e9e de la Bundeswehr en Lituanie [Photo by&hellip;\n","protected":false},"author":2,"featured_media":435258,"comment_status":"","ping_status":"","sticky":false,"template":"","format":"standard","meta":{"footnotes":""},"categories":[1591],"tags":[11,672,56278,2024,56280,1887,56277,56279,7436,12,136,10512,1885,1886,132],"class_list":{"0":"post-435257","1":"post","2":"type-post","3":"status-publish","4":"format-standard","5":"has-post-thumbnail","7":"category-russie","8":"tag-actualites","9":"tag-allemagne","10":"tag-chancelier-merz","11":"tag-drones","12":"tag-faz","13":"tag-federation-de-russie","14":"tag-guerre-contre-russie","15":"tag-lhistorien-militaire-sonke-neitzel","16":"tag-mer-baltique","17":"tag-news","18":"tag-otan","19":"tag-propagande","20":"tag-russia","21":"tag-russian-federation","22":"tag-russie"},"share_on_mastodon":{"url":"https:\/\/pubeurope.com\/@fr\/115308249111100715","error":""},"_links":{"self":[{"href":"https:\/\/www.europesays.com\/fr\/wp-json\/wp\/v2\/posts\/435257","targetHints":{"allow":["GET"]}}],"collection":[{"href":"https:\/\/www.europesays.com\/fr\/wp-json\/wp\/v2\/posts"}],"about":[{"href":"https:\/\/www.europesays.com\/fr\/wp-json\/wp\/v2\/types\/post"}],"author":[{"embeddable":true,"href":"https:\/\/www.europesays.com\/fr\/wp-json\/wp\/v2\/users\/2"}],"replies":[{"embeddable":true,"href":"https:\/\/www.europesays.com\/fr\/wp-json\/wp\/v2\/comments?post=435257"}],"version-history":[{"count":0,"href":"https:\/\/www.europesays.com\/fr\/wp-json\/wp\/v2\/posts\/435257\/revisions"}],"wp:featuredmedia":[{"embeddable":true,"href":"https:\/\/www.europesays.com\/fr\/wp-json\/wp\/v2\/media\/435258"}],"wp:attachment":[{"href":"https:\/\/www.europesays.com\/fr\/wp-json\/wp\/v2\/media?parent=435257"}],"wp:term":[{"taxonomy":"category","embeddable":true,"href":"https:\/\/www.europesays.com\/fr\/wp-json\/wp\/v2\/categories?post=435257"},{"taxonomy":"post_tag","embeddable":true,"href":"https:\/\/www.europesays.com\/fr\/wp-json\/wp\/v2\/tags?post=435257"}],"curies":[{"name":"wp","href":"https:\/\/api.w.org\/{rel}","templated":true}]}}