{"id":435275,"date":"2025-10-03T04:11:10","date_gmt":"2025-10-03T04:11:10","guid":{"rendered":"https:\/\/www.europesays.com\/fr\/435275\/"},"modified":"2025-10-03T04:11:10","modified_gmt":"2025-10-03T04:11:10","slug":"les-syndicats-ratent-leur-nouvelle-mobilisation","status":"publish","type":"post","link":"https:\/\/www.europesays.com\/fr\/435275\/","title":{"rendered":"les syndicats \u201cratent\u201d leur nouvelle mobilisation"},"content":{"rendered":"\n<p>La France a connu jeudi \u201cson troisi\u00e8me jour de manifestations en un mois contre le gouvernement et les coupes budg\u00e9taires, alors que nouveau Premier ministre S\u00e9bastien Lecornu n\u2019a toujours pas nomm\u00e9 le nouveau gouvernement ni pr\u00e9sent\u00e9 son budget\u201d, <a class=\"ithalc\" data-ithal=\"lien_externe\" data-ithalc=\"[nav_article]\" target=\"_blank\" href=\"https:\/\/elpais.com\/internacional\/2025-10-02\/mas-de-medio-millon-de-personas-se-movilizan-en-francia-en-la-tercera-jornada-de-protestas-contra-los-recortes.html\" rel=\"noopener\">constate <strong>El Pa\u00eds<\/strong><\/a>.<\/p>\n<p>Les syndicats fran\u00e7ais tentent de \u201cmaintenir la pression\u201d sur M. Lecornu, \u201cafin qu\u2019il revoie les coupes budg\u00e9taires et envisage une forme d\u2019imp\u00f4t sur la fortune pour les ultra-riches\u201d, <a class=\"ithalc\" data-ithal=\"lien_externe\" data-ithalc=\"[nav_article]\" target=\"_blank\" href=\"https:\/\/www.theguardian.com\/world\/2025\/oct\/02\/france-strikes-unions-new-pm\" rel=\"noopener\">r\u00e9sume pour sa part <strong>The Guardian<\/strong>.<\/a><\/p>\n<p>Mais si les d\u00e9fil\u00e9s du 18\u00a0septembre avaient rassembl\u00e9 entre 500\u00a0000\u00a0et un million de manifestants, la gr\u00e8ve de jeudi et ses 240\u00a0cort\u00e8ges \u00e0 travers la France ont \u00e9t\u00e9 \u201csensiblement plus modestes\u201d, et les transports et \u00e9coles ont \u00e9t\u00e9 \u201cmoins perturb\u00e9s\u201d, note le quotidien britannique. La CGT a compt\u00e9 600\u00a0000 participants \u2013 un chiffre ramen\u00e9 \u00e0 195\u00a0000\u00a0par la police.<\/p>\n<p>                    \u201cConcessions\u201d insuffisantes       <\/p>\n<p>Pour sa \u201cdeuxi\u00e8me journ\u00e9e de mobilisation de la rentr\u00e9e, la tr\u00e8s puissante intersyndicale r\u00e9unissant pratiquement toutes les organisations, des plus mod\u00e9r\u00e9es au plus radicales\u201d, n\u2019a pas r\u00e9ussi \u00e0 \u201cprovoquer autant de perturbations\u201d que le 18\u00a0septembre dernier, <a class=\"ithalc\" data-ithal=\"lien_externe\" data-ithalc=\"[nav_article]\" target=\"_blank\" href=\"https:\/\/www.letemps.ch\/monde\/les-syndicats-francais-ratent-leur-nouvelle-journee-de-mobilisation-contre-l-austerite\" rel=\"noopener\">pointe \u00e9galement <strong>Le Temps<\/strong><\/a>, qui consid\u00e8re que les syndicats ont \u201crat\u00e9\u201d leur nouvelle mobilisation.<\/p>\n<p><a class=\"ithalc\" data-ithal=\"lien_externe\" data-ithalc=\"[nav_article]\" target=\"_blank\" href=\"https:\/\/www.bloomberg.com\/news\/articles\/2025-10-02\/french-unions-hold-fresh-protests-to-pressure-lecornu-on-budget?embedded-checkout=true\" rel=\"noopener\"><strong>Bloomberg<\/strong> observe<\/a> que les organisations syndicales avaient appel\u00e9 \u00e0 cette nouvelle journ\u00e9e d\u2019action \u201capr\u00e8s avoir rencontr\u00e9 Lecornu la semaine derni\u00e8re\u201d et estim\u00e9 que \u201cles discussions n\u2019avaient apport\u00e9 aucune pr\u00e9cision sur les concessions qu\u2019il \u00e9tait pr\u00eat \u00e0 faire dans son projet de budget\u201d.<\/p>\n<p><a class=\"ithalc\" data-ithal=\"lien_externe\" data-ithalc=\"[nav_article]\" target=\"_blank\" href=\"https:\/\/www.elperiodico.com\/es\/internacional\/20251002\/protesta-francia-medidas-austeridad-gobierno-macron-122198551\" rel=\"noopener\">Selon <strong>El Peri\u00f3dico<\/strong><\/a>, le Premier ministre avait envoy\u00e9 mercredi soir une lettre aux syndicats, dans laquelle il \u00e9voquait \u201ccertaines concessions dans la r\u00e9forme des retraites\u201d, comme \u201cl\u2019am\u00e9lioration des prestations pour les femmes, qui avaient \u00e9t\u00e9 affect\u00e9es par la derni\u00e8re r\u00e9forme\u201d.<\/p>\n<p>M.\u00a0Lecornu y d\u00e9clarait en outre \u00eatre \u201cpleinement conscient des pr\u00e9occupations et des inqui\u00e9tudes des travailleurs du pays\u201d et exprimait sa volont\u00e9 d\u2019\u201caccueillir\u201d rapidement les syndicats. \u201cMais ce geste ne suffit pas aux organisations de travailleurs, qui restent sur le pied de guerre\u201d, commente le quotidien catalan.<\/p>\n<p>               Paralysie politique       <\/p>\n<p>Jeudi encore, \u201cface \u00e0 la mobilisation\u201d, l\u2019entourage du Premier ministre a annonc\u00e9 qu\u2019il \u00e9tudiait \u201cplusieurs mesures de baisse d\u2019imp\u00f4ts pour les salari\u00e9s\u201d, notamment pour les couples gagnant l\u00e9g\u00e8rement plus que le salaire minimum, <a class=\"ithalc\" data-ithal=\"lien_externe\" data-ithalc=\"[nav_article]\" target=\"_blank\" href=\"https:\/\/www.clarin.com\/mundo\/francia-vuelve-calles-medidas-austeridad-gobierno-encabezan-marcha-empleados-stellantis-crisis_0_CRwygoimOR.html#google_vignette\" rel=\"noopener\">rapporte <strong>Clar\u00edn<\/strong> en Argentine.<\/a> Mais l\u00e0 encore, la proposition est jug\u00e9e insuffisante par les syndicats et l\u2019opposition socialiste.<\/p>\n<p>L\u2019insatisfaction restant visiblement forte, Le Temps s\u2019interroge sur l\u2019essoufflement du mouvement et la \u201classitude\u201d observ\u00e9e dans les cort\u00e8ges. \u201cLa premi\u00e8re journ\u00e9e \u00e9tait bien plus m\u00e9diatis\u00e9e. Et on gagne tellement peu que renoncer \u00e0 un jour de salaire, ce n\u2019est pas neutre\u201d, a expliqu\u00e9 au quotidien suisse Jean-S\u00e9bastien, prof d\u2019histoire-g\u00e9o \u00e0 Vincennes.<\/p>\n<p><a class=\"ithalc\" data-ithal=\"lien_externe\" data-ithalc=\"[nav_article]\" target=\"_blank\" href=\"https:\/\/www.aljazeera.com\/news\/2025\/10\/2\/french-unions-strike-demand-end-to-austerity-and-macrons-spending-cuts\" rel=\"noopener\">Pour <strong>Al-Jazeera<\/strong><\/a>, \u201cl\u2019impasse actuelle refl\u00e8te une paralysie politique plus large\u201d\u00a0: gouvernement et opposition \u201cs\u2019accordent sur la n\u00e9cessit\u00e9 de plafonner les d\u00e9penses, mais pas sur la fa\u00e7on de r\u00e9partir le fardeau\u201d.<\/p>\n","protected":false},"excerpt":{"rendered":"La France a connu jeudi \u201cson troisi\u00e8me jour de manifestations en un mois contre le gouvernement et les&hellip;\n","protected":false},"author":2,"featured_media":435276,"comment_status":"","ping_status":"","sticky":false,"template":"","format":"standard","meta":{"footnotes":""},"categories":[4],"tags":[11,674,1011,27,1272,12,316,25,4409,2542],"class_list":{"0":"post-435275","1":"post","2":"type-post","3":"status-publish","4":"format-standard","5":"has-post-thumbnail","7":"category-france","8":"tag-actualites","9":"tag-europe","10":"tag-fr","11":"tag-france","12":"tag-manifestations","13":"tag-news","14":"tag-politique","15":"tag-republique-francaise","16":"tag-ru00e9veil","17":"tag-u00e9conomie"},"share_on_mastodon":{"url":"https:\/\/pubeurope.com\/@fr\/115308283975398806","error":""},"_links":{"self":[{"href":"https:\/\/www.europesays.com\/fr\/wp-json\/wp\/v2\/posts\/435275","targetHints":{"allow":["GET"]}}],"collection":[{"href":"https:\/\/www.europesays.com\/fr\/wp-json\/wp\/v2\/posts"}],"about":[{"href":"https:\/\/www.europesays.com\/fr\/wp-json\/wp\/v2\/types\/post"}],"author":[{"embeddable":true,"href":"https:\/\/www.europesays.com\/fr\/wp-json\/wp\/v2\/users\/2"}],"replies":[{"embeddable":true,"href":"https:\/\/www.europesays.com\/fr\/wp-json\/wp\/v2\/comments?post=435275"}],"version-history":[{"count":0,"href":"https:\/\/www.europesays.com\/fr\/wp-json\/wp\/v2\/posts\/435275\/revisions"}],"wp:featuredmedia":[{"embeddable":true,"href":"https:\/\/www.europesays.com\/fr\/wp-json\/wp\/v2\/media\/435276"}],"wp:attachment":[{"href":"https:\/\/www.europesays.com\/fr\/wp-json\/wp\/v2\/media?parent=435275"}],"wp:term":[{"taxonomy":"category","embeddable":true,"href":"https:\/\/www.europesays.com\/fr\/wp-json\/wp\/v2\/categories?post=435275"},{"taxonomy":"post_tag","embeddable":true,"href":"https:\/\/www.europesays.com\/fr\/wp-json\/wp\/v2\/tags?post=435275"}],"curies":[{"name":"wp","href":"https:\/\/api.w.org\/{rel}","templated":true}]}}