{"id":435317,"date":"2025-10-03T04:36:17","date_gmt":"2025-10-03T04:36:17","guid":{"rendered":"https:\/\/www.europesays.com\/fr\/435317\/"},"modified":"2025-10-03T04:36:17","modified_gmt":"2025-10-03T04:36:17","slug":"le-maire-de-cette-commune-veut-armer-sa-police-municipale","status":"publish","type":"post","link":"https:\/\/www.europesays.com\/fr\/435317\/","title":{"rendered":"le maire de cette commune veut armer sa police municipale"},"content":{"rendered":"<p>            Par<br \/>\n        <strong><br \/>\n            <a href=\"https:\/\/actu.fr\/auteur\/mathias-souteyrat\" title=\"Consulter tous les articles de Mathias Souteyrat\" target=\"_blank\" rel=\"noopener\">Mathias Souteyrat<\/a><br \/>\n        <\/strong><\/p>\n<p>        Publi\u00e9 le<\/p>\n<p>            3 oct. 2025 \u00e0 6h02        <\/p>\n<p>Si la p\u00e9riode pr\u00e9-\u00e9lectorale contraint les municipalit\u00e9s \u00e0 mettre en pause les gros projets, cela n\u2019emp\u00eache pas les maires de poser les premiers jalons de leur programme pour les \u00e9lections municipales 2026.<br \/>Pour la fin de son second mandat, Eric Berlivet, l\u2019\u00e9dile de <a href=\"https:\/\/actu.fr\/auvergne-rhone-alpes\/roche-la-moliere_42189\" target=\"_blank\" rel=\"noopener\">Roche-la-Moli\u00e8re<\/a> (Loire), commune de 10\u2009000\u00a0habitants, \u00e0 c\u00f4t\u00e9 de <a href=\"https:\/\/actu.fr\/auvergne-rhone-alpes\/saint-etienne_42218\" target=\"_blank\" rel=\"noopener\">Saint-Etienne<\/a>, souhaite armer sa police municipale. Il nous explique pourquoi.<\/p>\n<p>6 \u00e0 8 policiers municipaux et 4 ASVP<\/p>\n<p class=\" wall-content\">Selon lui, \u00ab\u2009apr\u00e8s la r\u00e9novation et le d\u00e9sendettement, place \u00e0 la s\u00e9curisation de la commune\u2009\u00bb.<\/p>\n<p class=\" wall-content\">La mairie poss\u00e8de actuellement deux policiers municipaux. Trop peu pour lui. En 2026, le maire souhaite embaucher des agents et avoir des \u00e9quipements suppl\u00e9mentaires, dont des armes l\u00e9tales.<\/p>\n<p class=\" wall-content\">\u00c0 terme, Eric Berlivet souhaite recruter six \u00e0 huit policiers municipaux et quatre ASVP (Agent de surveillance de la voie publique) \u00ab\u00a0pour avoir la bonne densit\u00e9 pour travailler\u00a0\u00bb.<\/p>\n<p>\u00ab\u2009Je n\u2019ai pas envie que \u00e7a (la d\u00e9linquance) glisse sur la commune\u2009\u00bb<\/p>\n<p class=\" wall-content\">Pourquoi maintenant\u2009? \u00ab\u2009Car nous n\u2019avions pas les moyens avant\u2009\u00bb, glisse l\u2019\u00e9lu.<\/p>\n<blockquote class=\"ac-article-quote wall-content\">\n<p>Il n&rsquo;y a pas de question concernant l&rsquo;armement. Je vois l&rsquo;obligation d&rsquo;armer la police avec une arme l\u00e9tale, le contrevenant et la personne malveillante ne font pas la diff\u00e9rence entre la police nationale et municipale. Je n&rsquo;ai pas envie que \u00e7a (la d\u00e9linquance) glisse sur la commune, et anticiper les d\u00e9fiances des populations.<\/p>\n<p>    <strong>Eric Berlivet<\/strong><br \/>\n        Maire de Roche-la-Moli\u00e8re    <\/p><\/blockquote>\n<p class=\" wall-content\">Les locaux de la police municipale sont en cours d\u2019am\u00e9nagement avec la cr\u00e9ation notamment d\u2019une salle s\u00e9curis\u00e9e pour pouvoir accueillir des agents arm\u00e9s. Viendra ensuite le temps du recrutement et de la formation.<\/p>\n<p>Votre r\u00e9gion, votre actu !<\/p>\n<p>Recevez chaque jour les infos qui comptent pour vous.<\/p>\n<p>\t<a href=\"https:\/\/actu.fr\/newsletter\" class=\"ac-btn ac-btn--corner ac-btn--medium ac-btn--blue800\" target=\"_blank\" rel=\"noopener\">S&rsquo;incrire<\/a><\/p>\n<p class=\" wall-content\">Le maire, s\u2019il est r\u00e9\u00e9lu, esp\u00e8re \u00ab\u2009<strong>que tout sera op\u00e9rationnel avant l\u2019\u00e9t\u00e9 2026<\/strong>\u2009\u00bb.<\/p>\n<p>L\u2019opposition contre<\/p>\n<p class=\" wall-content\">La mesure ne fait pas que des heureux. \u00ab\u2009Lundi soir, lors du conseil municipal, ma coll\u00e8gue de l\u2019opposition socialiste \u2013 que je respecte et estime \u2013 s\u2019est exprim\u00e9e, \u00e0 l\u2019occasion d\u2019une d\u00e9lib\u00e9ration relative \u00e0 une demande de subvention pour les \u00e9quipements de la police municipale. Elle a pris position contre l\u2019armement l\u00e9tal de la police, en d\u00e9clarant\u2009: <strong>\u00ab\u2009Armer la police, c\u2019est armer les d\u00e9linquants\u2009\u00bb<\/strong>. Cette phrase m\u2019a profond\u00e9ment choqu\u00e9.\u2009\u00bb<\/p>\n<p class=\" wall-content\">Face \u00e0 ces oppositions, le maire parle \u00ab\u2009d\u2019une m\u00e9connaissance du terrain. La police municipale g\u00e8re la tranquillit\u00e9 publique, comme les conflits intra-familiaux, la s\u00e9curit\u00e9 routi\u00e8re ou la petite d\u00e9linquance. La police nationale est l\u00e0 pour la s\u00e9curit\u00e9.\u2009\u00bb<\/p>\n<p>Un budget cons\u00e9quent<\/p>\n<p>Combien \u00e7a coute ? Un policier \u00ab\u2009co\u00fbte\u2009\u00bb 50\u2009000\u00a0euros par an\u2009; un ASVP 30\u2009000\u00a0\u20ac\u2009; 35\u2009000\u00a0\u20ac pour un v\u00e9hicule, 5\/4\u2009000\u00a0\u20ac pour un taser et 2\u2009000\u00a0\u20ac pour une arme l\u00e9tale.<\/p>\n<p class=\" wall-content\">\u00ab\u00a0La prochaine \u00e9tape sera de garantir, le mieux possible, \u00e0 chacun la tranquillit\u00e9 et la s\u00e9curit\u00e9, mais chaque chose doit se faire en son temps\u00a0\u00bb, temp\u00e8re l\u2019\u00e9lu.<\/p>\n<p class=\" wall-content\">Personnalisez votre actualit\u00e9 en ajoutant vos villes et m\u00e9dias en favori avec <a href=\"https:\/\/moncompte.actu.fr\" title=\"D\u00e9couvez Mon Actu\" rel=\"nofollow noopener\" data-trk=\"{&quot;cta&quot;:{&quot;action&quot;:&quot;https:\\\/\\\/moncompte.actu.fr&quot;,&quot;category&quot;:&quot;mon compte&quot;,&quot;from&quot;:&quot;article footer&quot;,&quot;name&quot;:&quot;Mon actu&quot;,&quot;type&quot;:&quot;cta&quot;}}\" target=\"_blank\">Mon Actu<\/a>.<\/p>\n","protected":false},"excerpt":{"rendered":"Par Mathias Souteyrat Publi\u00e9 le 3 oct. 2025 \u00e0 6h02 Si la p\u00e9riode pr\u00e9-\u00e9lectorale contraint les municipalit\u00e9s \u00e0&hellip;\n","protected":false},"author":2,"featured_media":435318,"comment_status":"","ping_status":"","sticky":false,"template":"","format":"standard","meta":{"footnotes":""},"categories":[9653],"tags":[1111,11,2430,1777,674,1011,27,12,1072,25,4001,104],"class_list":{"0":"post-435317","1":"post","2":"type-post","3":"status-publish","4":"format-standard","5":"has-post-thumbnail","7":"category-saint-etienne","8":"tag-actu","9":"tag-actualites","10":"tag-auvergne-rhone-alpes","11":"tag-eu","12":"tag-europe","13":"tag-fr","14":"tag-france","15":"tag-news","16":"tag-police","17":"tag-republique-francaise","18":"tag-saint-etienne","19":"tag-societe"},"share_on_mastodon":{"url":"https:\/\/pubeurope.com\/@fr\/115308382506140720","error":""},"_links":{"self":[{"href":"https:\/\/www.europesays.com\/fr\/wp-json\/wp\/v2\/posts\/435317","targetHints":{"allow":["GET"]}}],"collection":[{"href":"https:\/\/www.europesays.com\/fr\/wp-json\/wp\/v2\/posts"}],"about":[{"href":"https:\/\/www.europesays.com\/fr\/wp-json\/wp\/v2\/types\/post"}],"author":[{"embeddable":true,"href":"https:\/\/www.europesays.com\/fr\/wp-json\/wp\/v2\/users\/2"}],"replies":[{"embeddable":true,"href":"https:\/\/www.europesays.com\/fr\/wp-json\/wp\/v2\/comments?post=435317"}],"version-history":[{"count":0,"href":"https:\/\/www.europesays.com\/fr\/wp-json\/wp\/v2\/posts\/435317\/revisions"}],"wp:featuredmedia":[{"embeddable":true,"href":"https:\/\/www.europesays.com\/fr\/wp-json\/wp\/v2\/media\/435318"}],"wp:attachment":[{"href":"https:\/\/www.europesays.com\/fr\/wp-json\/wp\/v2\/media?parent=435317"}],"wp:term":[{"taxonomy":"category","embeddable":true,"href":"https:\/\/www.europesays.com\/fr\/wp-json\/wp\/v2\/categories?post=435317"},{"taxonomy":"post_tag","embeddable":true,"href":"https:\/\/www.europesays.com\/fr\/wp-json\/wp\/v2\/tags?post=435317"}],"curies":[{"name":"wp","href":"https:\/\/api.w.org\/{rel}","templated":true}]}}