{"id":435321,"date":"2025-10-03T04:38:17","date_gmt":"2025-10-03T04:38:17","guid":{"rendered":"https:\/\/www.europesays.com\/fr\/435321\/"},"modified":"2025-10-03T04:38:17","modified_gmt":"2025-10-03T04:38:17","slug":"plus-aucune-date-nest-annoncee-pour-sa-reconstruction","status":"publish","type":"post","link":"https:\/\/www.europesays.com\/fr\/435321\/","title":{"rendered":"plus aucune date n\u2019est annonc\u00e9e pour sa reconstruction"},"content":{"rendered":"<p>  Au budget primitif 2025<\/p>\n<p>\u00ab\u00a0\u00c0 cette heure, je n\u2019ai pas les moyens de donner un calendrier, mais je ne perds pas de vue l\u2019objectif de <a href=\"https:\/\/www.estrepublicain.fr\/culture-loisirs\/2024\/07\/27\/future-piscine-de-gentilly-un-bassin-olympique-pour-ne-pas-dire-adieu-au-haut-niveau-et-mieux-accueillir-tout-le-monde\" target=\"_blank\" rel=\"noopener\">reconstruire une nouvelle piscine olympique,<\/a> a alors expliqu\u00e9 le pr\u00e9sident de la M\u00e9tropole. Il faudra trouver des co-financements, des partenaires priv\u00e9s. Donc, l\u2019engagement demeure, mais il n\u2019est pas grav\u00e9 dans le temps \u00e0 l\u2019heure o\u00f9 je parle.\u00a0\u00bb En clair\u00a0: rendez-vous quand les comptes iront mieux.<\/p>\n<p>Elle figurait dans les autorisations de programmes du budget primitif m\u00e9tropolitain de 2025 (600\u00a0000\u00a0\u20ac pour l\u2019\u00e9tude pr\u00e9alable, le budget total de la r\u00e9habilitation \u00e9tant chiffr\u00e9 \u00e0 38\u00a0216\u00a0969\u00a0\u20ac pr\u00e9cis\u00e9ment\u2026). Mais <a href=\"https:\/\/www.estrepublicain.fr\/sport\/2023\/11\/28\/quand-la-piscine-de-gentilly-accueillait-les-stars-de-la-natation-francaise\" target=\"_blank\" rel=\"noopener\">cette piscine avec bassin de 50\u00a0m\u00e8tres, zone ludique et fosse de plongeon,<\/a> ouverte en 1970 sur le plateau de Haye, replonge donc dans le flou. Une mauvaise nouvelle pour le sport de haut niveau et les joueuses de water-polo du Grand Nancy Aquatique Club, qui disputent leurs matchs de coupe d\u2019Europe \u00e0 Vittel faute d\u2019infrastructure adapt\u00e9e\u00a0: toutes les piscines m\u00e9tropolitaines ne font que 25\u00a0m\u00e8tres et <a href=\"https:\/\/www.estrepublicain.fr\/culture-loisirs\/2024\/05\/18\/le-bassin-olympique-de-nancy-thermal-reste-ferme\" target=\"_blank\" rel=\"noopener\">le bassin de 50\u00a0m\u00e8tres de Nancy Thermal n\u2019est pas non plus aux normes.<\/a><\/p>\n<p>  Le haut niveau p\u00e9nalis\u00e9<\/p>\n<p>\u00ab\u00a0Tout cela est tr\u00e8s dommageable pour le sport et pour la p\u00e9rennit\u00e9 des clubs locaux de water-polo, m\u00eame si ce n\u2019est qu\u2019un microcosme\u00a0\u00bb, estime ce Nanc\u00e9ien, ancien entra\u00eeneur et cadre f\u00e9d\u00e9ral. Remarquant par ailleurs que le Grand Nancy devrait rester pendant un moment encore \u00ab\u00a0la seule M\u00e9tropole fran\u00e7aise sans bassin olympique\u00a0\u00bb.<\/p>\n<p>Un grand bassin qui serait pr\u00e9cieux \u00e0 la pratique en club, certes, mais \u00ab\u00a0pour la pratique populaire et les scolaires, la m\u00e9tropole n\u2019est pas sous-dot\u00e9e en piscines, temp\u00e8re Pierre Christophe, membre de l\u2019association des Usagers des Piscines du Grand Nancy. M\u00eame si multiplier les \u00e9quipements est toujours bien pour favoriser l\u2019apprentissage de la natation, on peut comprendre que vu la situation financi\u00e8re, et notamment <a href=\"https:\/\/www.estrepublicain.fr\/politique\/2025\/09\/25\/nancy-thermal-les-bus-et-les-abris-a-velos-entre-autres-sujets-en-conseil-de-metropole\" target=\"_blank\" rel=\"noopener\">le d\u00e9ficit de Nancy Thermal \u00e0 absorber,<\/a> c\u2019est d\u00e9licat de se lancer dans la construction d\u2019une nouvelle piscine\u2026\u00a0\u00bb Reste que, si elle n\u2019est pas sp\u00e9cialement tendue pour l\u2019instant, la situation dans les bassins pourrait se compliquer \u00ab\u00a0quand Vand\u0153uvre sera ferm\u00e9e\u00a0\u00bb.<\/p>\n<p><a href=\"https:\/\/www.estrepublicain.fr\/culture-loisirs\/2025\/09\/04\/la-piscine-de-tomblaine-sera-fermee-pour-travaux-l-ete-prochain-celle-de-vandoeuvre-pendant-18-mois-au-moins-des-2027\" target=\"_blank\" rel=\"noopener\">\u00c0 compter de 2027 et pour un an et demi au moins, la piscine vandop\u00e9rienne doit en effet \u00eatre en travaux<\/a> \u00a0pour un vaste chantier de r\u00e9novation \u00e9nerg\u00e9tique et d\u2019am\u00e9lioration globale.<\/p>\n","protected":false},"excerpt":{"rendered":"Au budget primitif 2025 \u00ab\u00a0\u00c0 cette heure, je n\u2019ai pas les moyens de donner un calendrier, mais je&hellip;\n","protected":false},"author":2,"featured_media":435322,"comment_status":"","ping_status":"","sticky":false,"template":"","format":"standard","meta":{"footnotes":""},"categories":[9635],"tags":[1111,11,4749,1687,33,1704,1777,674,1011,27,775,1702,1703,12,25,517,1700,7488],"class_list":{"0":"post-435321","1":"post","2":"type-post","3":"status-publish","4":"format-standard","5":"has-post-thumbnail","7":"category-nancy","8":"tag-actu","9":"tag-actualites","10":"tag-btp-et-chantiers","11":"tag-culture-loisirs","12":"tag-economie","13":"tag-edition-nancy-et-agglomeration","14":"tag-eu","15":"tag-europe","16":"tag-fr","17":"tag-france","18":"tag-grand-est","19":"tag-nancy","20":"tag-nancy-ville-54b","21":"tag-news","22":"tag-republique-francaise","23":"tag-sport","24":"tag-sport-lorrain","25":"tag-water-polo"},"share_on_mastodon":{"url":"https:\/\/pubeurope.com\/@fr\/115308390197757931","error":""},"_links":{"self":[{"href":"https:\/\/www.europesays.com\/fr\/wp-json\/wp\/v2\/posts\/435321","targetHints":{"allow":["GET"]}}],"collection":[{"href":"https:\/\/www.europesays.com\/fr\/wp-json\/wp\/v2\/posts"}],"about":[{"href":"https:\/\/www.europesays.com\/fr\/wp-json\/wp\/v2\/types\/post"}],"author":[{"embeddable":true,"href":"https:\/\/www.europesays.com\/fr\/wp-json\/wp\/v2\/users\/2"}],"replies":[{"embeddable":true,"href":"https:\/\/www.europesays.com\/fr\/wp-json\/wp\/v2\/comments?post=435321"}],"version-history":[{"count":0,"href":"https:\/\/www.europesays.com\/fr\/wp-json\/wp\/v2\/posts\/435321\/revisions"}],"wp:featuredmedia":[{"embeddable":true,"href":"https:\/\/www.europesays.com\/fr\/wp-json\/wp\/v2\/media\/435322"}],"wp:attachment":[{"href":"https:\/\/www.europesays.com\/fr\/wp-json\/wp\/v2\/media?parent=435321"}],"wp:term":[{"taxonomy":"category","embeddable":true,"href":"https:\/\/www.europesays.com\/fr\/wp-json\/wp\/v2\/categories?post=435321"},{"taxonomy":"post_tag","embeddable":true,"href":"https:\/\/www.europesays.com\/fr\/wp-json\/wp\/v2\/tags?post=435321"}],"curies":[{"name":"wp","href":"https:\/\/api.w.org\/{rel}","templated":true}]}}