{"id":435340,"date":"2025-10-03T04:49:15","date_gmt":"2025-10-03T04:49:15","guid":{"rendered":"https:\/\/www.europesays.com\/fr\/435340\/"},"modified":"2025-10-03T04:49:15","modified_gmt":"2025-10-03T04:49:15","slug":"strasbourg-melenchon-a-guichets-fermes-a-la-librairie-kleber-ce-vendredi","status":"publish","type":"post","link":"https:\/\/www.europesays.com\/fr\/435340\/","title":{"rendered":"Strasbourg. M\u00e9lenchon \u00e0 guichets ferm\u00e9s \u00e0 la librairie Kl\u00e9ber ce vendredi"},"content":{"rendered":"<p>Le leader de la France insoumise <a href=\"https:\/\/www.dna.fr\/p\/jean-luc-melenchon\" target=\"_blank\" rel=\"nofollow noopener\">Jean-Luc M\u00e9lenchon<\/a> sera ce vendredi \u00e0 la Librairie Kl\u00e9ber \u00e0 Strasbourg \u00e0 partir de 18\u00a0h, dans le cadre d\u2019une rencontre consacr\u00e9e \u00e0 la publication par l\u2019Institut La Bo\u00e9tie du livre Nouveau peuple, nouvelle gauche (\u00c9ditions Amsterdam). La rencontre et la s\u00e9ance de d\u00e9dicaces qui suivra se feront \u00e0 guichets ferm\u00e9s. Le rendez-vous \u00e9tant complet, les r\u00e9servations sont closes.<\/p>\n","protected":false},"excerpt":{"rendered":"Le leader de la France insoumise Jean-Luc M\u00e9lenchon sera ce vendredi \u00e0 la Librairie Kl\u00e9ber \u00e0 Strasbourg \u00e0&hellip;\n","protected":false},"author":2,"featured_media":435341,"comment_status":"","ping_status":"","sticky":false,"template":"","format":"standard","meta":{"footnotes":""},"categories":[2820],"tags":[1111,11,2389,1777,674,107,1011,27,775,2338,12,316,25,640],"class_list":{"0":"post-435340","1":"post","2":"type-post","3":"status-publish","4":"format-standard","5":"has-post-thumbnail","7":"category-strasbourg","8":"tag-actu","9":"tag-actualites","10":"tag-alsace","11":"tag-eu","12":"tag-europe","13":"tag-fil-info","14":"tag-fr","15":"tag-france","16":"tag-grand-est","17":"tag-la-france-insoumise","18":"tag-news","19":"tag-politique","20":"tag-republique-francaise","21":"tag-strasbourg"},"share_on_mastodon":{"url":"https:\/\/pubeurope.com\/@fr\/115308433612828109","error":""},"_links":{"self":[{"href":"https:\/\/www.europesays.com\/fr\/wp-json\/wp\/v2\/posts\/435340","targetHints":{"allow":["GET"]}}],"collection":[{"href":"https:\/\/www.europesays.com\/fr\/wp-json\/wp\/v2\/posts"}],"about":[{"href":"https:\/\/www.europesays.com\/fr\/wp-json\/wp\/v2\/types\/post"}],"author":[{"embeddable":true,"href":"https:\/\/www.europesays.com\/fr\/wp-json\/wp\/v2\/users\/2"}],"replies":[{"embeddable":true,"href":"https:\/\/www.europesays.com\/fr\/wp-json\/wp\/v2\/comments?post=435340"}],"version-history":[{"count":0,"href":"https:\/\/www.europesays.com\/fr\/wp-json\/wp\/v2\/posts\/435340\/revisions"}],"wp:featuredmedia":[{"embeddable":true,"href":"https:\/\/www.europesays.com\/fr\/wp-json\/wp\/v2\/media\/435341"}],"wp:attachment":[{"href":"https:\/\/www.europesays.com\/fr\/wp-json\/wp\/v2\/media?parent=435340"}],"wp:term":[{"taxonomy":"category","embeddable":true,"href":"https:\/\/www.europesays.com\/fr\/wp-json\/wp\/v2\/categories?post=435340"},{"taxonomy":"post_tag","embeddable":true,"href":"https:\/\/www.europesays.com\/fr\/wp-json\/wp\/v2\/tags?post=435340"}],"curies":[{"name":"wp","href":"https:\/\/api.w.org\/{rel}","templated":true}]}}