{"id":435350,"date":"2025-10-03T04:57:25","date_gmt":"2025-10-03T04:57:25","guid":{"rendered":"https:\/\/www.europesays.com\/fr\/435350\/"},"modified":"2025-10-03T04:57:25","modified_gmt":"2025-10-03T04:57:25","slug":"barbara-carlotti-marraine-du-festival-courant-dairs-a-bordeaux","status":"publish","type":"post","link":"https:\/\/www.europesays.com\/fr\/435350\/","title":{"rendered":"Barbara Carlotti marraine du festival Courant d\u2019airs \u00e0 Bordeaux"},"content":{"rendered":"<p>La chanteuse <a href=\"https:\/\/www.barbara-carlotti.com\" target=\"_blank\" rel=\"noreferrer noopener nofollow\">Barbara Carlotti <\/a>sera la marraine de la 22e \u00e9dition du festival\u00a0Courant d\u2019airs, organis\u00e9 par le collectif\u00a0Bordeaux Chanson. L\u2019\u00e9v\u00e9nement se d\u00e9roulera les 9, 10 et 11 octobre prochains \u00e0 la salle de l\u2019Inox, au c\u0153ur de Bordeaux.<\/p>\n<p style=\"font-size:16px\">Depuis ses d\u00e9buts, <strong>Barbara Carlotti trace un chemin singulier dans la chanson fran\u00e7aise<\/strong>. <strong>Sept albums <\/strong>jalonnent sa carri\u00e8re.<br \/>Son dernier opus,\u00a0<strong>\u00ab <a href=\"https:\/\/www.youtube.com\/watch?v=2KwhhfYFdIE\" target=\"_blank\" rel=\"noreferrer noopener nofollow\">Ch\u00e9ris ton futur<\/a> \u00bb<\/strong>, <strong>sorti en mars 2025<\/strong>, rayonne par sa chaleur et ses m\u00e9lodies lumineuses. La chanteuse y <strong>c\u00e9l\u00e8bre la vie,<\/strong> ses \u00e9lans et ses contradictions, dans une d\u00e9claration d\u2019amour \u00e0 l\u2019existence malgr\u00e9 les temp\u00eates.<\/p>\n<p><img fetchpriority=\"high\" decoding=\"async\" width=\"900\" height=\"900\" src=\"https:\/\/www.europesays.com\/fr\/wp-content\/uploads\/2025\/10\/channels4_profile.jpeg\" alt=\"\" class=\"wp-image-84519\"  \/>Barbara Carlotti, marraine du festival Courant d\u2019airs 2025, se produira le 11 octobre \u00e0 Bordeaux.\u00a9Youtube<\/p>\n<p style=\"font-size:16px\">Le festival <strong>Courant d\u2019airs<\/strong> est depuis<strong> plus de vingt ans un rendez-vous d\u00e9di\u00e9<\/strong> \u00e0 la\u00a0<strong>\u00ab chanson d\u2019\u00e9coute \u00bb<\/strong>, celle qui se savoure dans l\u2019intimit\u00e9 d\u2019une salle et qui laisse la place aux mots comme aux \u00e9motions. Cette <strong>22e<\/strong> \u00e9dition<strong> proposera trois soir\u00e9es<\/strong> <strong>de d\u00e9couvertes <\/strong>avant le concert de cl\u00f4ture de Barbara Carlotti.<\/p>\n<ul class=\"wp-block-list\">\n<li style=\"font-size:16px\"><strong>Jeudi 9 octobre<\/strong>\u00a0: la sensibilit\u00e9 intranquille et singuli\u00e8re de\u00a0<strong>C\u00e9lestin<\/strong>.<\/li>\n<li style=\"font-size:16px\"><strong>Vendredi 10 octobre<\/strong>\u00a0: la po\u00e9sie intense de\u00a0<strong>Guilhem Valay\u00e9<\/strong>, accompagn\u00e9e de la douceur cuivr\u00e9e du Bordelais\u00a0<strong>Vincent Bestaven<\/strong>.<\/li>\n<li style=\"font-size:16px\"><strong>Samedi 11 octobre<\/strong>\u00a0: le groove engag\u00e9 de\u00a0<strong>Melba<\/strong>\u00a0ouvrira la soir\u00e9e, avant que Barbara Carlotti ne monte sur sc\u00e8ne pour un concert tr\u00e8s attendu.<\/li>\n<\/ul>\n<p style=\"font-size:16px\">\u00c0 travers ce festival, le <strong>collectif Bordeaux<\/strong> Chanson poursuit sa mission : <strong>d\u00e9fendre et faire d\u00e9couvrir des artistes qui placent la chanson au service de l\u2019\u00e9motion et de l\u2019authenticit\u00e9.<\/strong> La pr\u00e9sence de Barbara Carlotti comme marraine apporte \u00e0 l\u2019\u00e9v\u00e9nement une dimension suppl\u00e9mentaire, entre reconnaissance artistique et partage.<\/p>\n<p><img loading=\"lazy\" decoding=\"async\" width=\"908\" height=\"1024\" src=\"https:\/\/www.bougerabordeaux.com\/wp-content\/uploads\/2025\/10\/291217\u00a9ED_BarbaraCarlotti_0096-908x1024.webp\" alt=\"\" class=\"wp-image-84520\"  \/>La 22e \u00e9dition de Courant d\u2019airs met \u00e0 l\u2019honneur trois soir\u00e9es de d\u00e9couvertes musicales \u00e0 la salle de l\u2019Inox.\u00a9Barbara Carlotti<\/p>\n<p class=\"has-text-align-center\" style=\"font-size:16px\"><strong>On y va ? <\/strong><br \/>\ud83d\udccdSalle de l\u2019Inox, Bordeaux<br \/>\ud83d\udcc5 Jeudi 9, vendredi 10 et samedi 11 octobre 2025 \u00e0 20h30<br \/>\ud83d\udcb6 de 10 \u20ac \u00e0 14 \u20ac<br \/>\ud83d\udc9bOuvert \u00e0 tous.tes<br \/>\u27a1\ufe0f<a href=\"https:\/\/www.bougerabordeaux.com\/sorties\/concertetfestival\/barbara-carlotti-marraine-du-festival-courant-dairs-a-bordeaux\/tel:06 68 82 58 23.\" target=\"_blank\" rel=\"noreferrer noopener nofollow\">R\u00e9servations \/ infos\u00a0<\/a><\/p>\n<p style=\"font-size:16px\">\u00c0 lire aussi : <a href=\"https:\/\/www.bougerabordeaux.com\/sorties\/loisirs\/la-fete-du-vin-nouveau-et-de-la-brocante-revient-a-bordeaux\/\" target=\"_blank\" rel=\"noreferrer noopener nofollow\">La f\u00eate du vin nouveau et de la brocante revient \u00e0 Bordeaux !<\/a><\/p>\n","protected":false},"excerpt":{"rendered":"La chanteuse Barbara Carlotti sera la marraine de la 22e \u00e9dition du festival\u00a0Courant d\u2019airs, organis\u00e9 par le collectif\u00a0Bordeaux&hellip;\n","protected":false},"author":2,"featured_media":435351,"comment_status":"","ping_status":"","sticky":false,"template":"","format":"standard","meta":{"footnotes":""},"categories":[2817],"tags":[1111,11,1997,1777,674,1011,27,12,2219,25],"class_list":{"0":"post-435350","1":"post","2":"type-post","3":"status-publish","4":"format-standard","5":"has-post-thumbnail","7":"category-bordeaux","8":"tag-actu","9":"tag-actualites","10":"tag-bordeaux","11":"tag-eu","12":"tag-europe","13":"tag-fr","14":"tag-france","15":"tag-news","16":"tag-nouvelle-aquitaine","17":"tag-republique-francaise"},"share_on_mastodon":{"url":"https:\/\/pubeurope.com\/@fr\/115308465522832752","error":""},"_links":{"self":[{"href":"https:\/\/www.europesays.com\/fr\/wp-json\/wp\/v2\/posts\/435350","targetHints":{"allow":["GET"]}}],"collection":[{"href":"https:\/\/www.europesays.com\/fr\/wp-json\/wp\/v2\/posts"}],"about":[{"href":"https:\/\/www.europesays.com\/fr\/wp-json\/wp\/v2\/types\/post"}],"author":[{"embeddable":true,"href":"https:\/\/www.europesays.com\/fr\/wp-json\/wp\/v2\/users\/2"}],"replies":[{"embeddable":true,"href":"https:\/\/www.europesays.com\/fr\/wp-json\/wp\/v2\/comments?post=435350"}],"version-history":[{"count":0,"href":"https:\/\/www.europesays.com\/fr\/wp-json\/wp\/v2\/posts\/435350\/revisions"}],"wp:featuredmedia":[{"embeddable":true,"href":"https:\/\/www.europesays.com\/fr\/wp-json\/wp\/v2\/media\/435351"}],"wp:attachment":[{"href":"https:\/\/www.europesays.com\/fr\/wp-json\/wp\/v2\/media?parent=435350"}],"wp:term":[{"taxonomy":"category","embeddable":true,"href":"https:\/\/www.europesays.com\/fr\/wp-json\/wp\/v2\/categories?post=435350"},{"taxonomy":"post_tag","embeddable":true,"href":"https:\/\/www.europesays.com\/fr\/wp-json\/wp\/v2\/tags?post=435350"}],"curies":[{"name":"wp","href":"https:\/\/api.w.org\/{rel}","templated":true}]}}