{"id":435358,"date":"2025-10-03T05:01:15","date_gmt":"2025-10-03T05:01:15","guid":{"rendered":"https:\/\/www.europesays.com\/fr\/435358\/"},"modified":"2025-10-03T05:01:15","modified_gmt":"2025-10-03T05:01:15","slug":"portrait-avec-fusion-le-chanteur-mio-veut-booster-son-projet-musical-ne-dans-la-metropole-de-lille","status":"publish","type":"post","link":"https:\/\/www.europesays.com\/fr\/435358\/","title":{"rendered":"Portrait. Avec \u00ab Fusion \u00bb, le chanteur Mio veut booster son projet musical n\u00e9 dans la m\u00e9tropole de Lille"},"content":{"rendered":"<p>            Par<br \/>\n        <strong><br \/>\n            <a href=\"https:\/\/actu.fr\/auteur\/amandine-vachez\" title=\"Consulter tous les articles de Amandine Vachez\" target=\"_blank\" rel=\"noopener\">Amandine Vachez<\/a><br \/>\n        <\/strong><\/p>\n<p>        Publi\u00e9 le<\/p>\n<p>            3 oct. 2025 \u00e0 6h12        <\/p>\n<p>D\u2019aussi loin qu\u2019il s\u2019en souvienne, <b>Mio<\/b> a toujours aim\u00e9 la musique. \u00c9couter, chanter, le laisser porter par les \u00e9motions qu\u2019elle provoque\u2026 Depuis quelque temps, ce <b>cuisinier de m\u00e9tier<\/b> originaire de la <b>m\u00e9tropole de <a href=\"https:\/\/actu.fr\/hauts-de-france\/lille_59350\" target=\"_blank\" rel=\"noopener\">Lille<\/a><\/b> (Nord) cr\u00e9e ses propres chansons, et construit au fur et \u00e0 mesure un <b>projet musical<\/b>, accompagn\u00e9 par Eric, soutien ind\u00e9fectible sur tous les fronts.<\/p>\n<p class=\" wall-content\">Mio chante depuis 2003. Il a essuy\u00e9 les<b> karaok\u00e9s<\/b> et a re\u00e7u de tr\u00e8s bons retours sur sa voix, confie-t-il \u00e0 Lille actu. Ce sont les retours des gens qui lui ont donn\u00e9 envie de<b> passer un nouveau cap<\/b> et de cr\u00e9er ses propres titres.<\/p>\n<p>Des titres guid\u00e9s par les \u00e9motions<\/p>\n<p class=\" wall-content\">En 2023, Mio a sorti un premier single, \u00ab\u2009Le temps qui passe\u2009\u00bb. Puis \u00ab\u2009Existentialisme\u2009\u00bb en 2024. Le chanteur qui<b> s\u2019identifie dans l\u2019univers pop-rock<\/b>, se laisse porter par l\u2019inspiration pour cr\u00e9er ses titres, <b>par les \u00e9motions du moment. <\/b>Eric l\u2019aide \u00e0 tout mettre sur le papier. Ensemble, ils donnent vie aux titres de Mio, qu\u2019il \u00e9dite sur diverses plateformes en ligne.<\/p>\n<p class=\" wall-content\">D\u00e9but septembre\u00a02025, un nouveau titre est sorti\u2009: \u00ab\u2009Fusion\u2009\u00bb. Mio y \u00e9voque \u00ab\u2009l\u2019amour invisible, la r\u00e9silience et la connexion humaine\u2009\u00bb. \u00ab\u2009Ce titre marque une nouvelle \u00e9tape dans le parcours de Mio\u2009\u00bb, pr\u00e9cise Eric, qui joue le r\u00f4le de manager en plus de parolier et de premier fan.<\/p>\n<p class=\" wall-content\">Depuis la sortie de ce dernier titre, Mio a eu \u00ab\u2009de tr\u00e8s bons retours, oui, que du positif\u2009!\u2009\u00bb Il en est fier, d\u2019autant qu\u2019il s\u2019agit du <b>premier enregistr\u00e9 en studio<\/b>, au <a href=\"https:\/\/www.khorolab.fr\/\" target=\"_blank\" rel=\"noopener\">Khoro Lab<\/a>. Une \u00ab\u2009belle exp\u00e9rience. On y a \u00e9t\u00e9 tr\u00e8s bien accueillis, avec bienveillance.\u2009\u00bb Il pr\u00e9pare un autre titre, \u00ab\u2009qui bouge un peu\u2009\u00bb, glisse-t-il, et a <b>en ligne de mire la sortie d\u2019un EP<\/b>.<\/p>\n<p class=\" wall-content\">\n<p>Passer \u00e0 la vitesse sup\u00e9rieure<\/p>\n<p class=\" wall-content\">Si l\u2019envie de passer \u00e0 la vitesse sup\u00e9rieure est tr\u00e8s forte, ce n\u2019est pas \u00e9vident, quand on doit s\u2019occuper de tout le projet, de la cr\u00e9ation en passant par l\u2019animation des r\u00e9seaux sociaux et le d\u00e9marchage pour faire des dates. D\u2019autant que Mio a son travail \u00e0 c\u00f4t\u00e9.<\/p>\n<p>Votre r\u00e9gion, votre actu !<\/p>\n<p>Recevez chaque jour les infos qui comptent pour vous.<\/p>\n<p>\t<a href=\"https:\/\/actu.fr\/newsletter\" class=\"ac-btn ac-btn--corner ac-btn--medium ac-btn--blue800\" target=\"_blank\" rel=\"noopener\">S&rsquo;incrire<\/a><\/p>\n<p>    <a href=\"https:\/\/www.facebook.com\/plugins\/post.php?href=https%3A%2F%2Fwww.facebook.com%2Fpermalink.php%3Fstory_fbid%3Dpfbid032ZxMRVXmRaue3AhBDD4sXdnpFqPc49xvw2chKR6Q9Gu68hPsjb6emApahFemwU2sl%26id%3D61552996551165&amp;show_text=true&amp;width=350\" title=\"Ouvrie le lien\" target=\"_blank\" rel=\"noopener\">Cliquez ici pour visualiser le contenu<\/a><\/p>\n<p class=\" wall-content\">Fier de constater que \u00ab\u2009Fusion\u2009\u00bb est bien re\u00e7u, Mio <b>esp\u00e8re faire des sc\u00e8nes prochainement<\/b>, sa premi\u00e8re exp\u00e9rience en Belgique lui ayant laiss\u00e9 un souvenir imp\u00e9rissable. En attendant, continuer \u00e0 enregistrer des titres et mettre de l\u2019\u00e9nergie \u00e0 d\u00e9velopper les r\u00e9seaux sociaux et les contacts m\u00e9dias sont les priorit\u00e9s.<\/p>\n<p class=\" wall-content\">\u00c0 voir ce que l\u2019avenir r\u00e9serve \u00e0 cet artiste. Comme toujours, Lille actu garde l\u2019oreille tendue.<\/p>\n<p>Suivre les actualit\u00e9s de Mio\u2009: <a href=\"https:\/\/www.youtube.com\/channel\/UCwPN62DZ-4rj24SI7j8zOnw\" target=\"_blank\" rel=\"noopener\">YouTube<\/a>, <a href=\"https:\/\/www.facebook.com\/profile.php?id=61552996551165\" target=\"_blank\" rel=\"noopener\">Facebook<\/a>. Contact : <a href=\"http:\/\/actu.fr\/cdn-cgi\/l\/email-protection#503d393f7e393e392439313c10373d31393c7e333f3d\" target=\"_blank\" rel=\"noopener\">[email\u00a0protected]<\/a>.<\/p>\n<p class=\" wall-content\">Personnalisez votre actualit\u00e9 en ajoutant vos villes et m\u00e9dias en favori avec <a href=\"https:\/\/moncompte.actu.fr\" title=\"D\u00e9couvez Mon Actu\" rel=\"nofollow noopener\" data-trk=\"{&quot;cta&quot;:{&quot;action&quot;:&quot;https:\\\/\\\/moncompte.actu.fr&quot;,&quot;category&quot;:&quot;mon compte&quot;,&quot;from&quot;:&quot;article footer&quot;,&quot;name&quot;:&quot;Mon actu&quot;,&quot;type&quot;:&quot;cta&quot;}}\" target=\"_blank\">Mon Actu<\/a>.<\/p>\n","protected":false},"excerpt":{"rendered":"Par Amandine Vachez Publi\u00e9 le 3 oct. 2025 \u00e0 6h12 D\u2019aussi loin qu\u2019il s\u2019en souvienne, Mio a toujours&hellip;\n","protected":false},"author":2,"featured_media":435359,"comment_status":"","ping_status":"","sticky":false,"template":"","format":"standard","meta":{"footnotes":""},"categories":[2815],"tags":[1111,11,1777,674,1011,27,811,1307,1652,873,12,9026,25],"class_list":{"0":"post-435358","1":"post","2":"type-post","3":"status-publish","4":"format-standard","5":"has-post-thumbnail","7":"category-lille","8":"tag-actu","9":"tag-actualites","10":"tag-eu","11":"tag-europe","12":"tag-fr","13":"tag-france","14":"tag-hauts-de-france","15":"tag-lille","16":"tag-loisirs-culture","17":"tag-musique","18":"tag-news","19":"tag-portrait","20":"tag-republique-francaise"},"share_on_mastodon":{"url":"https:\/\/pubeurope.com\/@fr\/115308480727377810","error":""},"_links":{"self":[{"href":"https:\/\/www.europesays.com\/fr\/wp-json\/wp\/v2\/posts\/435358","targetHints":{"allow":["GET"]}}],"collection":[{"href":"https:\/\/www.europesays.com\/fr\/wp-json\/wp\/v2\/posts"}],"about":[{"href":"https:\/\/www.europesays.com\/fr\/wp-json\/wp\/v2\/types\/post"}],"author":[{"embeddable":true,"href":"https:\/\/www.europesays.com\/fr\/wp-json\/wp\/v2\/users\/2"}],"replies":[{"embeddable":true,"href":"https:\/\/www.europesays.com\/fr\/wp-json\/wp\/v2\/comments?post=435358"}],"version-history":[{"count":0,"href":"https:\/\/www.europesays.com\/fr\/wp-json\/wp\/v2\/posts\/435358\/revisions"}],"wp:featuredmedia":[{"embeddable":true,"href":"https:\/\/www.europesays.com\/fr\/wp-json\/wp\/v2\/media\/435359"}],"wp:attachment":[{"href":"https:\/\/www.europesays.com\/fr\/wp-json\/wp\/v2\/media?parent=435358"}],"wp:term":[{"taxonomy":"category","embeddable":true,"href":"https:\/\/www.europesays.com\/fr\/wp-json\/wp\/v2\/categories?post=435358"},{"taxonomy":"post_tag","embeddable":true,"href":"https:\/\/www.europesays.com\/fr\/wp-json\/wp\/v2\/tags?post=435358"}],"curies":[{"name":"wp","href":"https:\/\/api.w.org\/{rel}","templated":true}]}}