{"id":435376,"date":"2025-10-03T05:11:13","date_gmt":"2025-10-03T05:11:13","guid":{"rendered":"https:\/\/www.europesays.com\/fr\/435376\/"},"modified":"2025-10-03T05:11:13","modified_gmt":"2025-10-03T05:11:13","slug":"levis-dedie-un-pop-up-a-sa-nouvelle-ligne-blue-tab-a-paris-2","status":"publish","type":"post","link":"https:\/\/www.europesays.com\/fr\/435376\/","title":{"rendered":"Levi&rsquo;s d\u00e9die un pop-up \u00e0 sa nouvelle ligne Blue Tab \u00e0 Paris"},"content":{"rendered":"<p>\n                                    <b>Publi\u00e9 le<\/b><br \/>\n                                    <\/p>\n<p>                                        3 octobre 2025<\/p>\n<p class=\"article-content col-md-8 offset-md-1\">\n                                Levi\u2019s c\u00e9l\u00e8bre le lancement de sa nouvelle ligne premium Blue Tab, ax\u00e9e autour du denim japonais, par l\u2019ouverture d\u2019un pop-up ce vendredi au c\u0153ur du Marais. Du 3 au 5 octobre, la marque installe le Blue Tab Caf\u00e9 au 11 rue Commines (Paris 3e), un espace \u00e9ph\u00e9m\u00e8re \u00e0 mi-chemin entre coffee shop et showroom exp\u00e9rientiel.<\/p>\n<p><img decoding=\"async\" class=\"news-image\" style=\"width:100%;max-width:726px;\" src=\"https:\/\/www.europesays.com\/fr\/wp-content\/uploads\/2025\/10\/0d95.jpg\" alt=\"Ligne Blue Tab de Levi's\" loading=\"lazy\"\/>Ligne Blue Tab de Levi&rsquo;s &#8211; Levi&rsquo;s<\/p>\n<p>Lanc\u00e9e en d\u00e9but d\u2019ann\u00e9e au Japon, la ligne se positionne comme l\u2019expression la plus sophistiqu\u00e9e de la proposition de Levi\u2019s. Con\u00e7ue en denim japonais, elle r\u00e9invente des silhouettes iconiques avec des coupes sculpturales et des d\u00e9tails soign\u00e9s, fusionnant h\u00e9ritage et modernit\u00e9. D\u2019abord introduite dans une s\u00e9lection restreinte de points de vente, la collection entame aujourd\u2019hui sa distribution en Europe, correspondant \u00e0 un positionnement premium qui \u00e9tait auparavant occup\u00e9 par une ligne baptis\u00e9e Made &amp; Crafted, aujourd&rsquo;hui arr\u00eat\u00e9e.<\/p>\n<p>Le lieu, situ\u00e9 dans le Marais parisien, pr\u00e9sente une sc\u00e9nographie qui met en avant l\u2019artisanat japonais et mais aussi une d\u00e9couverte de matcha lattes, p\u00e2tisseries nippones.\u00a0Dans cet espace, les visiteurs pourront surtout d\u00e9couvrir une s\u00e9lection de silhouettes embl\u00e9matiques de la ligne, allant des vestes Trucker modernis\u00e9es aux chemises boutonn\u00e9es raffin\u00e9es, en passant par des pantalons \u00e9vas\u00e9s inspir\u00e9s du vestiaire marin et des jupes aux volumes sculpturaux.<\/p>\n<p class=\"col-md-8 offset-md-1 article-content--texte\">Le programme inclut \u00e9galement des ateliers immersifs : c\u00e9r\u00e9monies du th\u00e9 accessibles sans inscription et initiations \u00e0 la teinture Shibori.<\/p>\n<p>A la fois sensorielle et culturelle, cette activation souligne l&rsquo;implication de Levi\u2019s pour apporter du cr\u00e9dit \u00e0 sa proposition premium et ancre la collection Blue Tab dans une dimension lifestyle.\u00a0\n                            <\/p>\n<p>\n                                Tous droits de reproduction et de repr\u00e9sentation r\u00e9serv\u00e9s.<br \/>\u00a9 2025 FashionNetwork.com\n                            <\/p>\n","protected":false},"excerpt":{"rendered":"Publi\u00e9 le 3 octobre 2025 Levi\u2019s c\u00e9l\u00e8bre le lancement de sa nouvelle ligne premium Blue Tab, ax\u00e9e autour&hellip;\n","protected":false},"author":2,"featured_media":434914,"comment_status":"","ping_status":"","sticky":false,"template":"","format":"standard","meta":{"footnotes":""},"categories":[1888],"tags":[11,2424,537,2423,1777,674,1011,27,35008,2425,56247,985,12,2298,626,2426,2427,25,2421,2422],"class_list":{"0":"post-435376","1":"post","2":"type-post","3":"status-publish","4":"format-standard","5":"has-post-thumbnail","7":"category-paris","8":"tag-actualites","9":"tag-beaute","10":"tag-contact","11":"tag-cosmetiques","12":"tag-eu","13":"tag-europe","14":"tag-fr","15":"tag-france","16":"tag-levi-strauss-co","17":"tag-luxe","18":"tag-madecrafted","19":"tag-mode","20":"tag-news","21":"tag-parfum","22":"tag-paris","23":"tag-professionnel","24":"tag-professionnels","25":"tag-republique-francaise","26":"tag-reseau","27":"tag-textile"},"share_on_mastodon":{"url":"https:\/\/pubeurope.com\/@fr\/115308520429968440","error":""},"_links":{"self":[{"href":"https:\/\/www.europesays.com\/fr\/wp-json\/wp\/v2\/posts\/435376","targetHints":{"allow":["GET"]}}],"collection":[{"href":"https:\/\/www.europesays.com\/fr\/wp-json\/wp\/v2\/posts"}],"about":[{"href":"https:\/\/www.europesays.com\/fr\/wp-json\/wp\/v2\/types\/post"}],"author":[{"embeddable":true,"href":"https:\/\/www.europesays.com\/fr\/wp-json\/wp\/v2\/users\/2"}],"replies":[{"embeddable":true,"href":"https:\/\/www.europesays.com\/fr\/wp-json\/wp\/v2\/comments?post=435376"}],"version-history":[{"count":0,"href":"https:\/\/www.europesays.com\/fr\/wp-json\/wp\/v2\/posts\/435376\/revisions"}],"wp:featuredmedia":[{"embeddable":true,"href":"https:\/\/www.europesays.com\/fr\/wp-json\/wp\/v2\/media\/434914"}],"wp:attachment":[{"href":"https:\/\/www.europesays.com\/fr\/wp-json\/wp\/v2\/media?parent=435376"}],"wp:term":[{"taxonomy":"category","embeddable":true,"href":"https:\/\/www.europesays.com\/fr\/wp-json\/wp\/v2\/categories?post=435376"},{"taxonomy":"post_tag","embeddable":true,"href":"https:\/\/www.europesays.com\/fr\/wp-json\/wp\/v2\/tags?post=435376"}],"curies":[{"name":"wp","href":"https:\/\/api.w.org\/{rel}","templated":true}]}}