{"id":435389,"date":"2025-10-03T05:18:15","date_gmt":"2025-10-03T05:18:15","guid":{"rendered":"https:\/\/www.europesays.com\/fr\/435389\/"},"modified":"2025-10-03T05:18:15","modified_gmt":"2025-10-03T05:18:15","slug":"comment-bruxelles-veut-mobiliser-lepargne-des-europeens","status":"publish","type":"post","link":"https:\/\/www.europesays.com\/fr\/435389\/","title":{"rendered":"comment Bruxelles veut mobiliser l\u2019\u00e9pargne des Europ\u00e9ens"},"content":{"rendered":"<p><strong>D\u00c9CRYPTAGE &#8211;<\/strong> Apr\u00e8s avoir annonc\u00e9 \u00e0 maintes reprises l\u2019union des capitaux, la commission europ\u00e9enne veut passer \u00e0 l\u2019action pour drainer l\u2019\u00e9pargne soi-disant dormante des citoyens de l\u2019Union.<\/p>\n<p class=\"fig-paragraph\">Et si l\u2019Union europ\u00e9enne disposait d\u2019un tr\u00e9sor cach\u00e9\u00a0? Selon la commission europ\u00e9enne, environ 70% de l\u2019\u00e9pargne des m\u00e9nages des \u00c9tats membres &#8211; soit quelque \u00ab10.000 milliards d\u2019euros\u00bb &#8211; seraient immobilis\u00e9s sur des livrets d\u2019\u00e9pargne \u00abs\u00fbrs et faciles d\u2019acc\u00e8s\u00bb mais g\u00e9n\u00e9ralement peu r\u00e9mun\u00e9rateurs. Des \u00e9conomies qui pourraient \u00eatre employ\u00e9es autrement, y compris pour financer l\u2019\u00e9conomie et participer \u00e0 l\u2019essor du continent, selon Bruxelles, qui a\u00a0<a href=\"http:\/\/www.lefigaro.fr\/conjoncture\/economiser-plus-efficacement-la-commission-europeenne-veut-ameliorer-la-culture-financiere-des-europeens-20251001\" data-fig-type=\"NewsFlash\" data-gtm-custom-categorie=\"navigation\" data-gtm-custom-action=\"crossclick\" data-gtm-custom-label=\"Contextuel\" data-gtm-event=\"customEventSPE\" data-fig-domain=\"LEFIGARO\" rel=\"nofollow noopener\" target=\"_blank\">annonc\u00e9 cette semaine<\/a>\u00a0vouloir \u00abaider les citoyens \u00e0 prendre des d\u00e9cisions financi\u00e8res judicieuses\u00bb\u00a0afin d\u2019am\u00e9liorer leur\u00a0\u00abbien-\u00eatre, leur s\u00e9curit\u00e9 financi\u00e8re et leur ind\u00e9pendance\u00bb.<\/p>\n<p class=\"fig-paragraph\">De fait, de nombreux citoyens europ\u00e9ens placent leurs r\u00e9serves sur un compte bancaire ou dans des fonds en euros dont les taux de r\u00e9mun\u00e9ration d\u00e9passent tout juste l\u2019inflation. R\u00e9sultat<\/p>\n<p class=\"fig-premium-paywall__infos\">\n        Cet article est r\u00e9serv\u00e9 aux abonn\u00e9s.        Il vous reste 85% \u00e0 d\u00e9couvrir.\n    <\/p>\n<p>                <img  data- alt=\"Le Figaro\" class=\"fig-img--complete fig-img\"\/><\/p>\n<p class=\"fig-premium-paywall__title\">Vous avez envie de lire la suite ?<\/p>\n<p class=\"fig-premium-paywall__subtitle\">D\u00e9bloquez tous les articles imm\u00e9diatement.<\/p>\n<p class=\"fig-premium-paywall__connect\">\n                D\u00e9j\u00e0 abonn\u00e9\u00a0?                <a class=\"fig-premium-paywall__connect-link\" href=\"https:\/\/connect.lefigaro.fr\/login?client=horizon_web&amp;type=main&amp;redirect_uri=https%3A%2F%2Fwww.lefigaro.fr%2Fconjoncture%2F1200-milliards-d-euros-d-investissements-en-dix-ans-comment-bruxelles-veut-mobiliser-l-epargne-des-europeens-20251003\" data-js-gtm=\"{&quot;customCategorie&quot;: &quot;conversion&quot;, &quot;customAction&quot;: &quot;before_Landing_Connexion_paywall_manuel&quot;, &quot;customLabel&quot;: &quot;bGVmaWdhcm8uZnJfXzFmMDlmNjBlLTk4MTQtNmFhOC04M2I5LTQxMmE5ZTBmNTFiOV9fQXJ0aWNsZQ==_\u00ab1200 milliards d\u2019euros d\u2019investissements en dix ans\u00bb\u00a0: comment Bruxelles veut mobiliser l\u2019\u00e9pargne des Europ\u00e9ens_186&quot;, &quot;customIDSPE&quot;: &quot;bGVmaWdhcm8uZnJfXzFmMDlmNjBlLTk4MTQtNmFhOC04M2I5LTQxMmE5ZTBmNTFiOV9fQXJ0aWNsZQ==&quot;, &quot;event&quot;: &quot;customEventSPE&quot;}\" rel=\"nofollow noopener\" target=\"_blank\"><br \/>\n                    Connectez-vous<br \/>\n                <\/a>\n            <\/p>\n","protected":false},"excerpt":{"rendered":"D\u00c9CRYPTAGE &#8211; Apr\u00e8s avoir annonc\u00e9 \u00e0 maintes reprises l\u2019union des capitaux, la commission europ\u00e9enne veut passer \u00e0 l\u2019action&hellip;\n","protected":false},"author":2,"featured_media":435390,"comment_status":"","ping_status":"","sticky":false,"template":"","format":"standard","meta":{"footnotes":""},"categories":[1586],"tags":[11,589,1777,674,1011,27,12,25,364],"class_list":{"0":"post-435389","1":"post","2":"type-post","3":"status-publish","4":"format-standard","5":"has-post-thumbnail","7":"category-europe","8":"tag-actualites","9":"tag-epargne","10":"tag-eu","11":"tag-europe","12":"tag-fr","13":"tag-france","14":"tag-news","15":"tag-republique-francaise","16":"tag-union-europeenne"},"share_on_mastodon":{"url":"https:\/\/pubeurope.com\/@fr\/115308547524565286","error":""},"_links":{"self":[{"href":"https:\/\/www.europesays.com\/fr\/wp-json\/wp\/v2\/posts\/435389","targetHints":{"allow":["GET"]}}],"collection":[{"href":"https:\/\/www.europesays.com\/fr\/wp-json\/wp\/v2\/posts"}],"about":[{"href":"https:\/\/www.europesays.com\/fr\/wp-json\/wp\/v2\/types\/post"}],"author":[{"embeddable":true,"href":"https:\/\/www.europesays.com\/fr\/wp-json\/wp\/v2\/users\/2"}],"replies":[{"embeddable":true,"href":"https:\/\/www.europesays.com\/fr\/wp-json\/wp\/v2\/comments?post=435389"}],"version-history":[{"count":0,"href":"https:\/\/www.europesays.com\/fr\/wp-json\/wp\/v2\/posts\/435389\/revisions"}],"wp:featuredmedia":[{"embeddable":true,"href":"https:\/\/www.europesays.com\/fr\/wp-json\/wp\/v2\/media\/435390"}],"wp:attachment":[{"href":"https:\/\/www.europesays.com\/fr\/wp-json\/wp\/v2\/media?parent=435389"}],"wp:term":[{"taxonomy":"category","embeddable":true,"href":"https:\/\/www.europesays.com\/fr\/wp-json\/wp\/v2\/categories?post=435389"},{"taxonomy":"post_tag","embeddable":true,"href":"https:\/\/www.europesays.com\/fr\/wp-json\/wp\/v2\/tags?post=435389"}],"curies":[{"name":"wp","href":"https:\/\/api.w.org\/{rel}","templated":true}]}}