{"id":435413,"date":"2025-10-03T05:34:11","date_gmt":"2025-10-03T05:34:11","guid":{"rendered":"https:\/\/www.europesays.com\/fr\/435413\/"},"modified":"2025-10-03T05:34:11","modified_gmt":"2025-10-03T05:34:11","slug":"des-anthropologues-racontent-leur-enquete-pendant-le-proces-des-viols-de-mazan-dans-un-livre","status":"publish","type":"post","link":"https:\/\/www.europesays.com\/fr\/435413\/","title":{"rendered":"Des anthropologues racontent leur enqu\u00eate pendant le proc\u00e8s des viols de Mazan dans un livre"},"content":{"rendered":"<p>14 anthropologues de Marseille ont men\u00e9 une enqu\u00eate de plusieurs semaines \u00e0 Avignon pendant le proc\u00e8s des viols de Mazan. Ils et elles racontent racont\u00e9e dans un livre qui vient de para\u00eetre.<\/p>\n<p>Le proc\u00e8s des viols de Mazan est aussi un ph\u00e9nom\u00e8ne de librairie.\u00a0Depuis le verdict du proc\u00e8s en premi\u00e8re instance, le 19 d\u00e9cembre 2024, les publications s&rsquo;enchainent. Plus d&rsquo;une douzaine de livres sont parus ou vont para\u00eetre pour raconter le proc\u00e8s, ses \u00e0-c\u00f4t\u00e9s, ses enseignements pour la soci\u00e9t\u00e9.<\/p>\n<p>Parmi eux, l&rsquo;ouvrage d&rsquo;une \u00e9quipe\u00a0d&rsquo;anthropologues de Marseille. <strong>14 chercheuses et chercheurs<\/strong> se sont install\u00e9s \u00e0 Avignon pendant le proc\u00e8s pour voir comme il impr\u00e9gnait la ville. Elles racontent leur enqu\u00eate dans \u00ab\u00a0Mazan, anthropologie d&rsquo;un proc\u00e8s pour viols\u00a0\u00bb, paru le 2 octobre aux \u00e9ditions Le bruit du monde.<\/p>\n<p>Une enqu\u00eate hors du tribunal, \u00e0 Avignon ou \u00e0 Mazan<\/p>\n<p>Les autrices ont interrog\u00e9 le public pr\u00e9sent au tribunal, mais aussi <strong>ceux et celles qui n&rsquo;y sont pas all\u00e9s<\/strong>, ou qui y ont particip\u00e9 \u00e0 distance, comme des patrons de bars ou des r\u00e9ceptionnistes d&rsquo;h\u00f4tel. Elles sont aussi all\u00e9es \u00e0 Mazan, recueillir le t\u00e9moignage d&rsquo;habitants pour la plupart agac\u00e9s par l&rsquo;image \u00ab\u00a0entach\u00e9e\u00a0\u00bb de leur village depuis le proc\u00e8s. Le livre s&rsquo;int\u00e9resse aussi aux diff\u00e9rents groupes f\u00e9ministes mobilis\u00e9s pendant l&rsquo;audience, ou encore \u00e0 l&rsquo;inceste, \u00ab\u00a0pr\u00e9sent partout mais dont on ne parle pas\u00a0\u00bb.<\/p>\n<p>Les auteurs et autrices viendront pr\u00e9senter leur livre \u00e0 Avignon lundi 13 octobre, \u00e0 19 heures \u00e0 la librairie La Com\u00e9die humaine.<\/p>\n<p>\u00c0 lire aussi   <img decoding=\"async\" src=\"https:\/\/www.europesays.com\/fr\/wp-content\/uploads\/2025\/10\/1759469650_796_200x200\" alt=\"Des accus\u00e9s \u00e0 la sortie de l'audience lors du proc\u00e8s en premi\u00e8re instance des viols de Mazan.\" style=\"--_image-preview:url('data:image\/jpeg;base64,\/9j\/2wBDACgcHiMeGSgjISMtKygwPGRBPDc3PHtYXUlkkYCZlo+AjIqgtObDoKrarYqMyP\/L2u71\/\/\/\/m8H\/\/\/\/6\/+b9\/\/j\/2wBDASstLTw1PHZBQXb4pYyl+Pj4+Pj4+Pj4+Pj4+Pj4+Pj4+Pj4+Pj4+Pj4+Pj4+Pj4+Pj4+Pj4+Pj4+Pj4+Pj4+Pj\/wAARCAAqACoDASIAAhEBAxEB\/8QAFwABAQEBAAAAAAAAAAAAAAAAAgMBAP\/EABgQAQEBAQEAAAAAAAAAAAAAAAABAhES\/8QAFAEBAAAAAAAAAAAAAAAAAAAAAP\/EABQRAQAAAAAAAAAAAAAAAAAAAAD\/2gAMAwEAAhEDEQA\/AFR6Wk7QOUpUpTzQVjRhAjtLVV0jQdKplORTMBXJDCBKh5UYAzKmcuhwHSFxsaD\/2Q==');\" loading=\"lazy\" fetchpriority=\"low\" aria-hidden=\"true\" class=\"svelte-1pnmlwx rounded\" onload=\"this.__e=event\" onerror=\"this.__e=event\"\/>\u00c0 lire aussi   <img decoding=\"async\" src=\"https:\/\/www.europesays.com\/fr\/wp-content\/uploads\/2025\/10\/1759469651_921_200x200\" alt=\"L'ouvrage &quot;\u00c9crire Mazan&quot; de la journaliste \u00c9lise Costa.\" style=\"--_image-preview:url('data:image\/jpeg;base64,\/9j\/2wBDACgcHiMeGSgjISMtKygwPGRBPDc3PHtYXUlkkYCZlo+AjIqgtObDoKrarYqMyP\/L2u71\/\/\/\/m8H\/\/\/\/6\/+b9\/\/j\/2wBDASstLTw1PHZBQXb4pYyl+Pj4+Pj4+Pj4+Pj4+Pj4+Pj4+Pj4+Pj4+Pj4+Pj4+Pj4+Pj4+Pj4+Pj4+Pj4+Pj4+Pj\/wAARCAAqACoDASIAAhEBAxEB\/8QAGAAAAwEBAAAAAAAAAAAAAAAAAQIDAAT\/xAAXEAEBAQEAAAAAAAAAAAAAAAAAAREC\/8QAGAEAAwEBAAAAAAAAAAAAAAAAAAECAwT\/xAAVEQEBAAAAAAAAAAAAAAAAAAAAAf\/aAAwDAQACEQMRAD8A6dGVPRlZOmxWU0TlPDRTsEEIcYylGBtapzVJUZVJQmqQSyjpIclZqxrNFInDwEeDoRiJ\/9k=');\" loading=\"lazy\" fetchpriority=\"low\" aria-hidden=\"true\" class=\"svelte-1pnmlwx rounded\" onload=\"this.__e=event\" onerror=\"this.__e=event\"\/><\/p>\n","protected":false},"excerpt":{"rendered":"14 anthropologues de Marseille ont men\u00e9 une enqu\u00eate de plusieurs semaines \u00e0 Avignon pendant le proc\u00e8s des viols&hellip;\n","protected":false},"author":2,"featured_media":435414,"comment_status":"","ping_status":"","sticky":false,"template":"","format":"standard","meta":{"footnotes":""},"categories":[1357],"tags":[1379,58,59,1011,27,1380],"class_list":{"0":"post-435413","1":"post","2":"type-post","3":"status-publish","4":"format-standard","5":"has-post-thumbnail","7":"category-livres","8":"tag-books","9":"tag-divertissement","10":"tag-entertainment","11":"tag-fr","12":"tag-france","13":"tag-livres"},"share_on_mastodon":{"url":"https:\/\/pubeurope.com\/@fr\/115308610739788804","error":""},"_links":{"self":[{"href":"https:\/\/www.europesays.com\/fr\/wp-json\/wp\/v2\/posts\/435413","targetHints":{"allow":["GET"]}}],"collection":[{"href":"https:\/\/www.europesays.com\/fr\/wp-json\/wp\/v2\/posts"}],"about":[{"href":"https:\/\/www.europesays.com\/fr\/wp-json\/wp\/v2\/types\/post"}],"author":[{"embeddable":true,"href":"https:\/\/www.europesays.com\/fr\/wp-json\/wp\/v2\/users\/2"}],"replies":[{"embeddable":true,"href":"https:\/\/www.europesays.com\/fr\/wp-json\/wp\/v2\/comments?post=435413"}],"version-history":[{"count":0,"href":"https:\/\/www.europesays.com\/fr\/wp-json\/wp\/v2\/posts\/435413\/revisions"}],"wp:featuredmedia":[{"embeddable":true,"href":"https:\/\/www.europesays.com\/fr\/wp-json\/wp\/v2\/media\/435414"}],"wp:attachment":[{"href":"https:\/\/www.europesays.com\/fr\/wp-json\/wp\/v2\/media?parent=435413"}],"wp:term":[{"taxonomy":"category","embeddable":true,"href":"https:\/\/www.europesays.com\/fr\/wp-json\/wp\/v2\/categories?post=435413"},{"taxonomy":"post_tag","embeddable":true,"href":"https:\/\/www.europesays.com\/fr\/wp-json\/wp\/v2\/tags?post=435413"}],"curies":[{"name":"wp","href":"https:\/\/api.w.org\/{rel}","templated":true}]}}