{"id":435415,"date":"2025-10-03T05:35:14","date_gmt":"2025-10-03T05:35:14","guid":{"rendered":"https:\/\/www.europesays.com\/fr\/435415\/"},"modified":"2025-10-03T05:35:14","modified_gmt":"2025-10-03T05:35:14","slug":"laure-mapr-5-violemment","status":"publish","type":"post","link":"https:\/\/www.europesays.com\/fr\/435415\/","title":{"rendered":"Laure (MAPR 5) violemment &#8230;"},"content":{"rendered":"<p>EN BREF<\/p>\n<ul class=\"bloc_resume_post_list\">\n<li>Laure et Matthieu, couple phare de Mari\u00e9s au premier<br \/>\nregard 5, ont conquis les t\u00e9l\u00e9spectateurs en 2020 avant de se<br \/>\ns\u00e9parer apr\u00e8s cinq ans.<\/li>\n<li>Leur cinqui\u00e8me anniversaire de mariage, le 29 septembre,<br \/>\na \u00e9t\u00e9 marqu\u00e9 par des \u00e9changes ironiques et tendus sur<br \/>\nInstagram.<\/li>\n<li>Les tensions entre Laure et Matthieu continuent de<br \/>\ncaptiver le public, transformant leur histoire en un feuilleton de<br \/>\nr\u00e8glements de comptes publics.<\/li>\n<\/ul>\n<p>Ils \u00e9taient l\u2019un des <strong>couples<\/strong> les plus<br \/>\nembl\u00e9matiques de <a href=\"https:\/\/www.telestar.fr\/tele_realite\/laure-et-matthieu-divorces-lex-couple-phare-de-mapr-deja-pret-a-remettre-le-couvert-1725335\" target=\"_blank\" rel=\"noopener\"><br \/>\nMari\u00e9s au premier regard 5<\/a>. <a href=\"https:\/\/www.telestar.fr\/tele_realite\/laure-et-matthieu-mapr-5-en-plein-divorce-la-jeune-femme-face-a-un-gros-dilemme-1736277\" target=\"_blank\" rel=\"noopener\"><br \/>\nLaure et Matthieu<\/a> avaient conquis le c\u0153ur des t\u00e9l\u00e9spectateurs<br \/>\nen 2020. Leur histoire est digne d\u2019un <strong>conte de f\u00e9es.<br \/>\nMariage, enfants, maison, voyages\u2026<\/strong> tout semblait leur<br \/>\nsourire aux mari\u00e9s de MAPR. Pourtant, apr\u00e8s cinq ann\u00e9es d\u2019amour,<br \/>\nleur relation a pris <strong>fin<\/strong>.<\/p>\n<p>La <a href=\"https:\/\/www.telestar.fr\/tele_realite\/laure-et-matthieu-mapr-5-separes-la-jeune-femme-tres-fragile-ses-aveux-dechirants-1728096\" target=\"_blank\" rel=\"noopener\"><br \/>\ncandidate de MAPR Laure<\/a> avait d\u2019ailleurs confi\u00e9 les raisons de<br \/>\nsa <strong>rupture<\/strong> en juin dernier. Elle y \u00e9voquait son<br \/>\nbesoin de se \u2018\u2018<strong>retrouver<\/strong>\u2019\u2019 et de<br \/>\n\u2018\u2018<strong>sourire pour de vrai<\/strong>.\u2019\u2019 Depuis, les<br \/>\ndeux ex-\u00e9poux tentent de trouver un <strong>\u00e9quilibre<\/strong> pour<br \/>\nleurs filles, <strong>Lya et Rose.<\/strong> Mais entre<br \/>\n<strong>souvenirs<\/strong> communs et <strong>blessures<\/strong><br \/>\nencore fra\u00eeches, le chemin de la co-parentalit\u00e9 s\u2019av\u00e8re parfois<br \/>\nsem\u00e9 <strong>d\u2019emb\u00fbches<\/strong>.<\/p>\n<p>L\u2019anniversaire de mariage de l\u2019ancien couple de MAPR tourne \u00e0<br \/>\nl\u2019orage<\/p>\n<p>Le 29 septembre, date de leur cinqui\u00e8me anniversaire de mariage,<br \/>\nles choses ont pris une tournure <strong>inattendue<\/strong>. En<br \/>\nstory Instagram, le <a href=\"https:\/\/www.telestar.fr\/tele_realite\/laure-et-matthieu-mapr-5-en-plein-divorce-alors-quelle-est-ecartelee-entre-deux-choix-il-franchit-un-cap-1736579\" target=\"_blank\" rel=\"noopener\"><br \/>\ncandidat de MAPR Matthieu<\/a> a ironis\u00e9 sur cette date.<br \/>\n\u2018\u2018<strong>C\u2019\u00e9tait 5 ann\u00e9es horribles, j\u2019aurais pr\u00e9f\u00e9r\u00e9 me faire<br \/>\nrouler dessus par un train !<\/strong>\u2019\u2019 avant de pr\u00e9ciser que<br \/>\ncette date \u2018\u2018n\u2019avait <strong>plus trop de<br \/>\nsignification<\/strong>.\u2019\u2019 Laure, de son c\u00f4t\u00e9, a post\u00e9 une<br \/>\nphoto d\u2019un <strong>bouquet<\/strong> envoy\u00e9 par son ex, avec cette<br \/>\npique en l\u00e9gende. \u2018\u2018<strong>Gros bouquet quand m\u00eame pour une<br \/>\n\u2018date insignifiante\u2019 askip<\/strong>.\u2019\u2019<\/p>\n<p>Un commentaire qui a imm\u00e9diatement fait <strong>r\u00e9agir<\/strong><br \/>\ncertains internautes. L\u2019une d\u2019elles, particuli\u00e8rement<br \/>\n<strong>virulente<\/strong>, a reproch\u00e9 \u00e0 <a href=\"https:\/\/www.telestar.fr\/tele_realite\/laure-mapr-5-separee-de-matthieu-au-bord-de-lepuisement-elle-se-livre-et-les-nouvelles-ne-sont-pas-rejouissantes-1726583\" target=\"_blank\" rel=\"noopener\"><br \/>\nLaure<\/a> de \u2018\u2018<strong>faire passer Matthieu pour un<br \/>\nc**<\/strong>\u2019\u2019 et de manquer de <strong>respect<\/strong> au<br \/>\np\u00e8re de ses filles. \u2018\u2018Dans ta fa\u00e7on de parler, on dirait que tu<br \/>\nt\u2019es <strong>sacrifi\u00e9e pour lui. Il a quitt\u00e9 sa r\u00e9gion et son taf<br \/>\npour toi<\/strong>.\u2019\u2019<\/p>\n<p><img loading=\"lazy\" decoding=\"async\" aria-describedby=\"caption-attachment-1740238\" itemprop=\"thumbnailUrl\" class=\"size-large wp-image-1740238 img-responsive\" src=\"https:\/\/www.europesays.com\/fr\/wp-content\/uploads\/2025\/10\/img_0336-571x1024.webp.webp\" alt=\"\u201cTu fais passer Matthieu pour un c*n\u201d : Laure (MAPR 5) violemment prise \u00e0 partie \u00e0 cause de cette photo\" width=\"571\" height=\"1024\"\/> \u00a9 Instagram<\/p>\n<p id=\"caption-attachment-1740238\" class=\"wp-caption-text\">\u201cTu fais<br \/>\npasser Matthieu pour un c*n\u201d : Laure (MAPR 5) violemment prise \u00e0<br \/>\npartie \u00e0 cause de cette photo<\/p>\n<p>Les internautes divis\u00e9s face \u00e0 ce<br \/>\nr\u00e8glement de comptes<\/p>\n<p>La m\u00eame internaute n\u2019a pas h\u00e9sit\u00e9 \u00e0 <strong>attaquer<\/strong><br \/>\npersonnellement Laure, critiquant ses <strong>op\u00e9rations de<br \/>\nchirurgie esth\u00e9tique<\/strong> et lui reprochant son attitude jug\u00e9e<br \/>\n\u2018\u2018<strong>pleurnicheuse<\/strong>\u2019\u2019. \u2018\u2018<strong>Lui<br \/>\n\u00e9tait sinc\u00e8re, pas toi<\/strong>.\u2019\u2019 a-t-elle conclu. Face \u00e0<br \/>\ncette attaque frontale, la <a href=\"https:\/\/www.telestar.fr\/tele_realite\/mapr-apres-son-divorce-avec-matthieu-laure-va-passer-par-la-case-chirurgie-esthetique-1734013\" target=\"_blank\" rel=\"noopener\"><br \/>\ncandidate de MAPR<\/a> a choisi de partager le message \u00e0 sa<br \/>\ncommunaut\u00e9, non sans ironie. \u2018\u2018Voil\u00e0, fallait que je<br \/>\n<strong>partage ce beau commentaire, il ne pouvait pas rester<br \/>\ndans l\u2019ombre<\/strong>.\u2019\u2019<\/p>\n<p>Si beaucoup de ses abonn\u00e9s ont pris sa d\u00e9fense, cette nouvelle<br \/>\npol\u00e9mique autour de MAPR illustre les <strong>tensions<\/strong> qui<br \/>\npersistent entre l\u2019ancienne candidate et son ex-mari. Cinq ans<br \/>\napr\u00e8s leur mariage devant les cam\u00e9ras de M6, leur histoire continue<br \/>\nde <strong>passionner<\/strong>\u2026 mais d\u00e9sormais sous la forme de<br \/>\n<strong>r\u00e8glements de comptes publics<\/strong> qui attristent<br \/>\nautant qu\u2019ils fascinent.<\/p>\n","protected":false},"excerpt":{"rendered":"EN BREF Laure et Matthieu, couple phare de Mari\u00e9s au premier regard 5, ont conquis les t\u00e9l\u00e9spectateurs en&hellip;\n","protected":false},"author":2,"featured_media":435416,"comment_status":"","ping_status":"","sticky":false,"template":"","format":"standard","meta":{"footnotes":""},"categories":[1356],"tags":[548,58,59,1011,27,24856,6218,252,1364],"class_list":{"0":"post-435415","1":"post","2":"type-post","3":"status-publish","4":"format-standard","5":"has-post-thumbnail","7":"category-television","8":"tag-article-simple","9":"tag-divertissement","10":"tag-entertainment","11":"tag-fr","12":"tag-france","13":"tag-mapr","14":"tag-maries-au-premier-regard","15":"tag-television","16":"tag-tv"},"share_on_mastodon":{"url":"https:\/\/pubeurope.com\/@fr\/115308614562927878","error":""},"_links":{"self":[{"href":"https:\/\/www.europesays.com\/fr\/wp-json\/wp\/v2\/posts\/435415","targetHints":{"allow":["GET"]}}],"collection":[{"href":"https:\/\/www.europesays.com\/fr\/wp-json\/wp\/v2\/posts"}],"about":[{"href":"https:\/\/www.europesays.com\/fr\/wp-json\/wp\/v2\/types\/post"}],"author":[{"embeddable":true,"href":"https:\/\/www.europesays.com\/fr\/wp-json\/wp\/v2\/users\/2"}],"replies":[{"embeddable":true,"href":"https:\/\/www.europesays.com\/fr\/wp-json\/wp\/v2\/comments?post=435415"}],"version-history":[{"count":0,"href":"https:\/\/www.europesays.com\/fr\/wp-json\/wp\/v2\/posts\/435415\/revisions"}],"wp:featuredmedia":[{"embeddable":true,"href":"https:\/\/www.europesays.com\/fr\/wp-json\/wp\/v2\/media\/435416"}],"wp:attachment":[{"href":"https:\/\/www.europesays.com\/fr\/wp-json\/wp\/v2\/media?parent=435415"}],"wp:term":[{"taxonomy":"category","embeddable":true,"href":"https:\/\/www.europesays.com\/fr\/wp-json\/wp\/v2\/categories?post=435415"},{"taxonomy":"post_tag","embeddable":true,"href":"https:\/\/www.europesays.com\/fr\/wp-json\/wp\/v2\/tags?post=435415"}],"curies":[{"name":"wp","href":"https:\/\/api.w.org\/{rel}","templated":true}]}}