{"id":435427,"date":"2025-10-03T05:41:13","date_gmt":"2025-10-03T05:41:13","guid":{"rendered":"https:\/\/www.europesays.com\/fr\/435427\/"},"modified":"2025-10-03T05:41:13","modified_gmt":"2025-10-03T05:41:13","slug":"la-decouverte-dun-cycle-oceanique-du-carbone-expose-lechec-de-la-terre-a-contenir-le-rechauffement-actuel","status":"publish","type":"post","link":"https:\/\/www.europesays.com\/fr\/435427\/","title":{"rendered":"la d\u00e9couverte d\u2019un cycle oc\u00e9anique du carbone expose l\u2019\u00e9chec de la Terre \u00e0 contenir le r\u00e9chauffement actuel"},"content":{"rendered":"<tr>\n<td><strong>EN BREF<\/strong><\/td>\n<\/tr>\n<tr>\n<td>\n<ul>\n<li>\ud83c\udf0d <strong>Nouvelles perspectives<\/strong> sur le cycle du carbone et le climat terrestre r\u00e9v\u00e9l\u00e9es par une \u00e9tude r\u00e9cente<\/li>\n<li>\u26cf\ufe0f L\u2019alt\u00e9ration des roches, <strong>m\u00e9canisme cl\u00e9<\/strong> de r\u00e9gulation climatique, pourrait \u00eatre insuffisante seule<\/li>\n<li>\ud83c\udf0a L\u2019enfouissement du carbone oc\u00e9anique, un processus <strong>compl\u00e9mentaire crucial<\/strong>, pourrait d\u00e9clencher des \u00e2ges glaciaires<\/li>\n<li>\ud83d\udea8 <strong>Urgence d\u2019agir<\/strong> contre le r\u00e9chauffement actuel, le refroidissement naturel \u00e9tant trop lent<\/li>\n<\/ul>\n<\/td>\n<\/tr>\n<p>Une r\u00e9cente \u00e9tude a r\u00e9v\u00e9l\u00e9 de nouvelles perspectives sur le recyclage du carbone par la Terre. Ce processus, crucial pour le maintien de la stabilit\u00e9 climatique, a longtemps \u00e9t\u00e9 attribu\u00e9 uniquement \u00e0 l\u2019alt\u00e9ration des roches. Cependant, les chercheurs de l\u2019Universit\u00e9 de Californie, Riverside, proposent une vision alternative. Ils sugg\u00e8rent l\u2019existence d\u2019un second syst\u00e8me impliquant l\u2019enfouissement du carbone oc\u00e9anique. Ce m\u00e9canisme pourrait entra\u00eener un refroidissement rapide et extr\u00eame, potentiellement \u00e0 l\u2019origine des \u00e2ges glaciaires. Cette d\u00e9couverte remet en question notre compr\u00e9hension des r\u00e9gulations climatiques naturelles et ouvre la voie \u00e0 de nouvelles recherches sur les interactions complexes entre le climat et la g\u00e9ologie.<\/p>\n<p>Le r\u00f4le de l\u2019alt\u00e9ration des roches<\/p>\n<p>L\u2019alt\u00e9ration des roches est un m\u00e9canisme naturel essentiel pour la r\u00e9gulation du climat terrestre sur des \u00e9chelles de temps g\u00e9ologiques. Ce processus commence avec la pluie qui absorbe le dioxyde de carbone (CO\u2082) de l\u2019atmosph\u00e8re. L\u2019eau carbonat\u00e9e tombe ensuite sur les terres expos\u00e9es, dissolvant lentement les roches silicat\u00e9es comme le granite. Le CO\u2082 captur\u00e9 et le mat\u00e9riau rocheux dissous sont transport\u00e9s vers l\u2019oc\u00e9an o\u00f9 ils se combinent pour former des coquilles marines et des r\u00e9cifs de calcaire.<\/p>\n<p>Ce syst\u00e8me fonctionne comme une boucle de r\u00e9troaction stabilisatrice. \u00c0 mesure que la Terre se r\u00e9chauffe, l\u2019alt\u00e9ration des roches s\u2019acc\u00e9l\u00e8re, retirant davantage de CO\u2082 de l\u2019air et refroidissant ainsi la plan\u00e8te. C\u2019est un peu comme un thermostat r\u00e9gl\u00e9 pour une \u00ab\u00a0r\u00e9gulation douce\u00a0\u00bb. Cependant, cette r\u00e9gulation douce ne tient pas compte des preuves g\u00e9ologiques d\u2019anciens \u00e2ges glaciaires extr\u00eames. Les chercheurs proposent un nouveau m\u00e9canisme qui agit comme un \u00ab\u00a0thermostat erratique\u00a0\u00bb, refroidissant la plan\u00e8te de mani\u00e8re excessive.<\/p>\n<blockquote class=\"wp-embedded-content\" data-secret=\"Z7unv0YoyN\">\n<p><a href=\"https:\/\/www.enviro2b.com\/2025\/09\/28\/724-dinsectes-ont-disparu-en-20-ans-cette-hecatombe-silencieuse-dans-les-montagnes-revele-lapocalypse-qui-nous-attend\/\" rel=\"nofollow noopener\" target=\"_blank\">\u00ab\u00a072,4% d\u2019insectes ont disparu en 20 ans\u00a0\u00bb : cette h\u00e9catombe silencieuse dans les montagnes r\u00e9v\u00e8le l\u2019apocalypse qui nous attend<\/a><\/p>\n<\/blockquote>\n<p>Enfouissement du carbone oc\u00e9anique<\/p>\n<p>Le m\u00e9canisme d&rsquo;enfouissement du carbone oc\u00e9anique est aliment\u00e9 par l&rsquo;interaction entre le r\u00e9chauffement, les nutriments oc\u00e9aniques et les niveaux d&rsquo;oxyg\u00e8ne. L&rsquo;augmentation du CO\u2082 atmosph\u00e9rique et le r\u00e9chauffement plan\u00e9taire qui en r\u00e9sulte accroissent l&rsquo;afflux de phosphore et d&rsquo;autres nutriments dans l&rsquo;oc\u00e9an. Ces nutriments stimulent la croissance du plancton, qui absorbe le CO\u2082 par photosynth\u00e8se. \u00c0 leur mort, ces organismes coulent au fond de l&rsquo;oc\u00e9an, enfouissant et capturant le carbone.<\/p>\n<p>Mais, dans un monde plus chaud et riche en algues, les oc\u00e9ans perdent de l&rsquo;oxyg\u00e8ne. Ce manque d&rsquo;oxyg\u00e8ne emp\u00eache le phosphore d&rsquo;\u00eatre enfoui de mani\u00e8re permanente, le recyclant plut\u00f4t. Cela cr\u00e9e une boucle de r\u00e9troaction positive : les nutriments recycl\u00e9s alimentent encore plus la croissance du plancton, qui \u00e9limine davantage d&rsquo;oxyg\u00e8ne, conduisant \u00e0 plus de recyclage des nutriments. L&rsquo;effet global est un enfouissement massif et simultan\u00e9 du carbone par le plancton, refroidissant dramatiquement la Terre.<\/p>\n<blockquote class=\"wp-embedded-content\" data-secret=\"TdLqdYu8fC\">\n<p><a href=\"https:\/\/www.enviro2b.com\/2025\/08\/28\/les-scientifiques-tirent-la-sonnette-dalarme-60-des-terres-mondiales-sortent-de-la-zone-sure-et-38-sont-en-risque-eleve\/\" rel=\"nofollow noopener\" target=\"_blank\">\u00ab Les scientifiques tirent la sonnette d\u2019alarme \u00bb : 60 % des terres mondiales sortent de la zone s\u00fbre et 38 % sont en risque \u00e9lev\u00e9<\/a><\/p>\n<\/blockquote>\n<p>Limitation du r\u00e9chauffement actuel<\/p>\n<p>Les mod\u00e8les informatiques sugg\u00e8rent que ce syst\u00e8me \u00e9tait beaucoup plus volatil dans le pass\u00e9 lointain en raison d&rsquo;une concentration d&rsquo;oxyg\u00e8ne atmosph\u00e9rique significativement plus faible. Cette carence amplifiait la boucle de r\u00e9troaction des nutriments, probablement responsable des variations extr\u00eames ayant conduit aux \u00e9v\u00e9nements de \u00ab\u00a0Terre boule de neige\u00a0\u00bb. Aujourd&rsquo;hui, avec une atmosph\u00e8re plus riche en oxyg\u00e8ne, le prochain refroidissement, d\u00e9clench\u00e9 par le r\u00e9chauffement anthropique, sera probablement plus \u00ab\u00a0doux\u00a0\u00bb.<\/p>\n<p>Toutefois, les auteurs soulignent que ce refroidissement naturel \u00e9ventuel ne surviendra pas assez rapidement pour r\u00e9soudre la crise climatique actuelle. Ridgwell, l&rsquo;un des chercheurs, d\u00e9clare qu&rsquo;il est crucial de se concentrer sur la limitation du r\u00e9chauffement actuel. Selon lui, attendre un refroidissement naturel ne suffira pas \u00e0 pallier les effets du r\u00e9chauffement durant notre vie.<\/p>\n<blockquote class=\"wp-embedded-content\" data-secret=\"KpNYwHimQ3\">\n<p><a href=\"https:\/\/www.enviro2b.com\/2025\/08\/26\/le-sahara-peut-electrifier-la-planete-produire-4-fois-la-consommation-mondiale-denergie-mais-au-prix-dun-chaos-ecologique-et-financier\/\" rel=\"nofollow noopener\" target=\"_blank\">\u00ab Le Sahara peut \u00e9lectrifier la plan\u00e8te \u00bb : produire 4 fois la consommation mondiale d\u2019\u00e9nergie mais au prix d\u2019un chaos \u00e9cologique et financier<\/a><\/p>\n<\/blockquote>\n<p>Perspectives futures<\/p>\n<p>Cette recherche offre un aper\u00e7u pr\u00e9cieux des m\u00e9canismes complexes r\u00e9gissant le climat terrestre. Elle soul\u00e8ve des questions sur la capacit\u00e9 de la Terre \u00e0 r\u00e9guler naturellement son climat face aux perturbations anthropiques. Les scientifiques devront explorer davantage les interactions entre les syst\u00e8mes g\u00e9ologiques et biologiques pour mieux comprendre ces dynamiques. Cette \u00e9tude incite \u00e9galement \u00e0 reconsid\u00e9rer les approches actuelles en mati\u00e8re de politique climatique, en mettant l&rsquo;accent sur l&rsquo;urgence d&rsquo;une action imm\u00e9diate pour att\u00e9nuer les effets du r\u00e9chauffement climatique.<\/p>\n<p>En fin de compte, la compr\u00e9hension de ces processus pourrait-elle aider \u00e0 fa\u00e7onner des strat\u00e9gies plus efficaces pour lutter contre le changement climatique et pr\u00e9server notre plan\u00e8te pour les g\u00e9n\u00e9rations futures ?<\/p>\n<p>Cet article s\u2019appuie sur des sources v\u00e9rifi\u00e9es et l\u2019assistance de technologies \u00e9ditoriales.<\/p>\n<p id=\"rating\">\u00c7a vous a plu ?\u00a04.5\/5 (20)<\/p>\n","protected":false},"excerpt":{"rendered":"EN BREF \ud83c\udf0d Nouvelles perspectives sur le cycle du carbone et le climat terrestre r\u00e9v\u00e9l\u00e9es par une \u00e9tude&hellip;\n","protected":false},"author":2,"featured_media":435428,"comment_status":"","ping_status":"","sticky":false,"template":"","format":"standard","meta":{"footnotes":""},"categories":[7],"tags":[1011,27,43,40,41,39,42,44],"class_list":{"0":"post-435427","1":"post","2":"type-post","3":"status-publish","4":"format-standard","5":"has-post-thumbnail","7":"category-sciences-et-technologies","8":"tag-fr","9":"tag-france","10":"tag-science","11":"tag-science-and-technology","12":"tag-sciences","13":"tag-sciences-et-technologies","14":"tag-technologies","15":"tag-technology"},"share_on_mastodon":{"url":"https:\/\/pubeurope.com\/@fr\/115308637950419262","error":""},"_links":{"self":[{"href":"https:\/\/www.europesays.com\/fr\/wp-json\/wp\/v2\/posts\/435427","targetHints":{"allow":["GET"]}}],"collection":[{"href":"https:\/\/www.europesays.com\/fr\/wp-json\/wp\/v2\/posts"}],"about":[{"href":"https:\/\/www.europesays.com\/fr\/wp-json\/wp\/v2\/types\/post"}],"author":[{"embeddable":true,"href":"https:\/\/www.europesays.com\/fr\/wp-json\/wp\/v2\/users\/2"}],"replies":[{"embeddable":true,"href":"https:\/\/www.europesays.com\/fr\/wp-json\/wp\/v2\/comments?post=435427"}],"version-history":[{"count":0,"href":"https:\/\/www.europesays.com\/fr\/wp-json\/wp\/v2\/posts\/435427\/revisions"}],"wp:featuredmedia":[{"embeddable":true,"href":"https:\/\/www.europesays.com\/fr\/wp-json\/wp\/v2\/media\/435428"}],"wp:attachment":[{"href":"https:\/\/www.europesays.com\/fr\/wp-json\/wp\/v2\/media?parent=435427"}],"wp:term":[{"taxonomy":"category","embeddable":true,"href":"https:\/\/www.europesays.com\/fr\/wp-json\/wp\/v2\/categories?post=435427"},{"taxonomy":"post_tag","embeddable":true,"href":"https:\/\/www.europesays.com\/fr\/wp-json\/wp\/v2\/tags?post=435427"}],"curies":[{"name":"wp","href":"https:\/\/api.w.org\/{rel}","templated":true}]}}