{"id":435439,"date":"2025-10-03T05:47:11","date_gmt":"2025-10-03T05:47:11","guid":{"rendered":"https:\/\/www.europesays.com\/fr\/435439\/"},"modified":"2025-10-03T05:47:11","modified_gmt":"2025-10-03T05:47:11","slug":"matthieu-chedid-transporte-les-spectateurs-avec-des-musiques-qui-soignent-lame","status":"publish","type":"post","link":"https:\/\/www.europesays.com\/fr\/435439\/","title":{"rendered":"Matthieu Chedid transporte les spectateurs avec \u00ab\u00a0des musiques qui soignent l\u2019\u00e2me\u00a0\u00bb"},"content":{"rendered":"<p>M\u00eame le producteur et actionnaire du Z\u00e9nith, Jean-Claude Camus, n\u2019a pas tari d\u2019\u00e9loges sur le spectacle du chanteur M ce jeudi\u00a0: \u00ab\u00a0On va bien se r\u00e9galer cette ann\u00e9e encore avec la programmation et \u00e7a commence tr\u00e8s fort d\u00e8s ce soir. Le concert est exceptionnel\u00a0\u00bb, a-t-il gliss\u00e9 lors du lancement de saison quelques heures plus t\u00f4t.<\/p>\n<p>Et on peut dire qu\u2019il avait vu juste puisque plus de 6000 spectateurs ont fait le d\u00e9placement pour retrouver la chaude ambiance de Lamomali, la tourn\u00e9e africaine de Matthieu Chedid.<\/p>\n<p>6.000 spectateurs<\/p>\n<p>Le chanteur est arriv\u00e9 depuis les gradins pour rejoindre une sc\u00e8ne sur laquelle tr\u00f4nait fi\u00e8rement un totem g\u00e9ant. \u00ab\u00a0Il symbolise la rencontre avec un \u00eatre exceptionnel qui nous a quitt\u00e9s l\u2019\u00e9t\u00e9 dernier\u00a0\u00bb a-t-il expliqu\u00e9 au public. Lui, arborant sa guitare ind\u00e9modable et v\u00eatu d\u2019une veste paillet\u00e9e jaune et noire, a partag\u00e9 la sc\u00e8ne avec cinq musiciens et deux chanteuses \u00e0 la voix envo\u00fbtante.<\/p>\n<p>Il a certes parcouru le r\u00e9pertoire africain comme Bel ami ou encore Manitoumani  mais est \u00e9galement revenu sur ses standards. \u00ab\u00a0Avant de d\u00e9couvrir l\u2019Afrique, je chantais \u00e7a\u00a0\u00bb et d\u2019entonner les notes de Mama Sam. Pied sur la grosse caisse et gratte en main, il revisite aussi Je dis M avec Lubiana.<\/p>\n<p>\u00ab Des musiques qui soignent l\u2019\u00e2me \u00bb<\/p>\n<p>Dans ce concert, Matthieu Chedid invite au voyage et \u00e0 la bienveillance\u00a0: \u00ab\u00a0Ce sont des musiques qui soignent l\u2019\u00e2me et qui m\u00e9riteraient d\u2019\u00eatre rembours\u00e9es par la s\u00e9cu\u00a0\u00bb, s\u2019est-il exclam\u00e9 \u00e0 un public totalement acquis \u00e0 sa cause.<\/p>\n<p>Il se permet m\u00eame quelques reprises de Bob Marley sur One love avant de s\u2019inviter une nouvelle fois dans les trav\u00e9es du Z\u00e9nith, au plus pr\u00e8s des spectateurs.<\/p>\n","protected":false},"excerpt":{"rendered":"M\u00eame le producteur et actionnaire du Z\u00e9nith, Jean-Claude Camus, n\u2019a pas tari d\u2019\u00e9loges sur le spectacle du chanteur&hellip;\n","protected":false},"author":2,"featured_media":435440,"comment_status":"","ping_status":"","sticky":false,"template":"","format":"standard","meta":{"footnotes":""},"categories":[9653],"tags":[1111,11,2430,1687,7539,1777,674,1011,27,3367,873,12,25,4001,7538],"class_list":{"0":"post-435439","1":"post","2":"type-post","3":"status-publish","4":"format-standard","5":"has-post-thumbnail","7":"category-saint-etienne","8":"tag-actu","9":"tag-actualites","10":"tag-auvergne-rhone-alpes","11":"tag-culture-loisirs","12":"tag-edition-loire-sud","13":"tag-eu","14":"tag-europe","15":"tag-fr","16":"tag-france","17":"tag-loire","18":"tag-musique","19":"tag-news","20":"tag-republique-francaise","21":"tag-saint-etienne","22":"tag-saint-etienne-ville"},"share_on_mastodon":{"url":"https:\/\/pubeurope.com\/@fr\/115308661625586659","error":""},"_links":{"self":[{"href":"https:\/\/www.europesays.com\/fr\/wp-json\/wp\/v2\/posts\/435439","targetHints":{"allow":["GET"]}}],"collection":[{"href":"https:\/\/www.europesays.com\/fr\/wp-json\/wp\/v2\/posts"}],"about":[{"href":"https:\/\/www.europesays.com\/fr\/wp-json\/wp\/v2\/types\/post"}],"author":[{"embeddable":true,"href":"https:\/\/www.europesays.com\/fr\/wp-json\/wp\/v2\/users\/2"}],"replies":[{"embeddable":true,"href":"https:\/\/www.europesays.com\/fr\/wp-json\/wp\/v2\/comments?post=435439"}],"version-history":[{"count":0,"href":"https:\/\/www.europesays.com\/fr\/wp-json\/wp\/v2\/posts\/435439\/revisions"}],"wp:featuredmedia":[{"embeddable":true,"href":"https:\/\/www.europesays.com\/fr\/wp-json\/wp\/v2\/media\/435440"}],"wp:attachment":[{"href":"https:\/\/www.europesays.com\/fr\/wp-json\/wp\/v2\/media?parent=435439"}],"wp:term":[{"taxonomy":"category","embeddable":true,"href":"https:\/\/www.europesays.com\/fr\/wp-json\/wp\/v2\/categories?post=435439"},{"taxonomy":"post_tag","embeddable":true,"href":"https:\/\/www.europesays.com\/fr\/wp-json\/wp\/v2\/tags?post=435439"}],"curies":[{"name":"wp","href":"https:\/\/api.w.org\/{rel}","templated":true}]}}