{"id":435453,"date":"2025-10-03T05:55:28","date_gmt":"2025-10-03T05:55:28","guid":{"rendered":"https:\/\/www.europesays.com\/fr\/435453\/"},"modified":"2025-10-03T05:55:28","modified_gmt":"2025-10-03T05:55:28","slug":"des-pietons-et-des-puces-rue-jeanne-darc","status":"publish","type":"post","link":"https:\/\/www.europesays.com\/fr\/435453\/","title":{"rendered":"Des pi\u00e9tons et des puces rue Jeanne d&rsquo;Arc"},"content":{"rendered":"\n<p>         Publi\u00e9 le\u00a0:\u00a0       <\/p>\n<p>Vendredi 3 octobre 2025 &#8211; 07h00<\/p>\n<p>         Th\u00e8me d\u2019actualit\u00e9\u00a0:\u00a0       <\/p>\n<p>                            <img loading=\"lazy\" decoding=\"async\" typeof=\"foaf:Image\" src=\"https:\/\/www.europesays.com\/fr\/wp-content\/uploads\/2025\/10\/img_5227_0.jpg\" width=\"640\" height=\"594\" alt=\"\"\/>                          <\/p>\n<p>Les samedi 4 et dimanche 5 octobre 2025, la rue Jeanne-d&rsquo;Arc redevient pi\u00e9tonne entre la rue Guillaume-le-Conqu\u00e9rant et la rue aux Ours. On y retrouve \u00e9galement les Puces Jeanne d&rsquo;Arc toute la journ\u00e9e de dimanche.<\/p>\n<p>Le dispositif de pi\u00e9tonnisation de la rue Jeanne d&rsquo;Arc revient \u00e0 la rentr\u00e9e. Comme tous les premiers week-ends du mois, la circulation des v\u00e9hicules y sera interdite ces samedi 4 et dimanche 5 octobre 2025.<\/p>\n<p>Les promeneurs auront la chauss\u00e9e pour eux\u00a0sur le tron\u00e7on compris entre la\u00a0rue Guillaume-le-Conqu\u00e9rant au nord et la rue aux Ours au sud, de 11h \u00e0 19h.<\/p>\n<p>C&rsquo;est d\u00e9j\u00e0 la 5e \u00e9dition des Puces Jeanne d&rsquo;Arc ce dimanche 7 septembre, d\u00e9ploy\u00e9es entre la rue Saint-L\u00f4 et la rue aux Ours, rendez-vous de la chine cr\u00e9\u00e9 en avril dernier par la municipalit\u00e9.\u00a0<\/p>\n<p>En collaboration avec les acteurs de l&rsquo;ESS (Economie sociale et solidaire) et les commer\u00e7ants, l&rsquo;\u00e9v\u00e9nement permet aux bouquinistes, disquaires, antiquaires, brocanteurs, friperies et bien d&rsquo;autres \u00e0 venir montrer leurs tr\u00e9sors au public, de 10h \u00e0 18h.<\/p>\n<p>Informations pratiquesPi\u00e9tonnisation et Puces Jeanne d&rsquo;Arc<\/p>\n<p>Samedi 4 et dimanche 5 octobre 2025<\/p>\n<p>Acc\u00e8s libre<\/p>\n<p>Plus d&rsquo;informations sur <a href=\"https:\/\/rouen.fr\/page\/puces-jeanne-darc\" target=\"_blank\" rel=\"nofollow noopener\">la page d\u00e9di\u00e9e aux Puces Jeanne d&rsquo;Arc<\/a><\/p>\n","protected":false},"excerpt":{"rendered":"Publi\u00e9 le\u00a0:\u00a0 Vendredi 3 octobre 2025 &#8211; 07h00 Th\u00e8me d\u2019actualit\u00e9\u00a0:\u00a0 Les samedi 4 et dimanche 5 octobre 2025,&hellip;\n","protected":false},"author":2,"featured_media":435454,"comment_status":"","ping_status":"","sticky":false,"template":"","format":"standard","meta":{"footnotes":""},"categories":[9587],"tags":[1111,11,1777,674,1011,27,12,5161,25,9590],"class_list":{"0":"post-435453","1":"post","2":"type-post","3":"status-publish","4":"format-standard","5":"has-post-thumbnail","7":"category-rouen","8":"tag-actu","9":"tag-actualites","10":"tag-eu","11":"tag-europe","12":"tag-fr","13":"tag-france","14":"tag-news","15":"tag-normandie","16":"tag-republique-francaise","17":"tag-rouen"},"share_on_mastodon":{"url":"https:\/\/pubeurope.com\/@fr\/115308693601305339","error":""},"_links":{"self":[{"href":"https:\/\/www.europesays.com\/fr\/wp-json\/wp\/v2\/posts\/435453","targetHints":{"allow":["GET"]}}],"collection":[{"href":"https:\/\/www.europesays.com\/fr\/wp-json\/wp\/v2\/posts"}],"about":[{"href":"https:\/\/www.europesays.com\/fr\/wp-json\/wp\/v2\/types\/post"}],"author":[{"embeddable":true,"href":"https:\/\/www.europesays.com\/fr\/wp-json\/wp\/v2\/users\/2"}],"replies":[{"embeddable":true,"href":"https:\/\/www.europesays.com\/fr\/wp-json\/wp\/v2\/comments?post=435453"}],"version-history":[{"count":0,"href":"https:\/\/www.europesays.com\/fr\/wp-json\/wp\/v2\/posts\/435453\/revisions"}],"wp:featuredmedia":[{"embeddable":true,"href":"https:\/\/www.europesays.com\/fr\/wp-json\/wp\/v2\/media\/435454"}],"wp:attachment":[{"href":"https:\/\/www.europesays.com\/fr\/wp-json\/wp\/v2\/media?parent=435453"}],"wp:term":[{"taxonomy":"category","embeddable":true,"href":"https:\/\/www.europesays.com\/fr\/wp-json\/wp\/v2\/categories?post=435453"},{"taxonomy":"post_tag","embeddable":true,"href":"https:\/\/www.europesays.com\/fr\/wp-json\/wp\/v2\/tags?post=435453"}],"curies":[{"name":"wp","href":"https:\/\/api.w.org\/{rel}","templated":true}]}}