{"id":435473,"date":"2025-10-03T06:05:16","date_gmt":"2025-10-03T06:05:16","guid":{"rendered":"https:\/\/www.europesays.com\/fr\/435473\/"},"modified":"2025-10-03T06:05:16","modified_gmt":"2025-10-03T06:05:16","slug":"bouton-sos-busway-paiement-par-sms-bientot-du-nouveau-pour-les-transports-en-commun","status":"publish","type":"post","link":"https:\/\/www.europesays.com\/fr\/435473\/","title":{"rendered":"bouton SOS, busway, paiement par SMS&#8230; bient\u00f4t du nouveau pour les transports en commun"},"content":{"rendered":"<p>            Par<br \/>\n        <strong><br \/>\n            <a href=\"https:\/\/actu.fr\/auteur\/thomas-bernard\" title=\"Consulter tous les articles de Thomas Bernard\" rel=\"nofollow noopener\" target=\"_blank\">Thomas Bernard<\/a><br \/>\n        <\/strong><\/p>\n<p>        Publi\u00e9 le<\/p>\n<p>            3 oct. 2025 \u00e0 7h06        <\/p>\n<p>Par d\u00e9lib\u00e9ration du 14\u00a0d\u00e9cembre 2023, le Conseil m\u00e9tropolitain a retenu le principe d\u2019une D\u00e9l\u00e9gation de Service Public pour l\u2019exploitation du r\u00e9seau de transports publics de voyageurs de la M\u00e9tropole nantaise pour une dur\u00e9e de six ans. \u00c0 l\u2019issue de ces n\u00e9gociations, c\u2019est <strong>la Semitan<\/strong> qui a \u00e9t\u00e9 s\u00e9lectionn\u00e9e pour la gestion du r\u00e9seau m\u00e9tropolitain des transports en commun.<\/p>\n<p class=\" wall-content\">Une d\u00e9l\u00e9gation d\u00e9battue lors du conseil m\u00e9tropolitain, organis\u00e9 le 2 et 3\u00a0octobre 2025. Le nouveau contrat pr\u00e9voit<strong> des nouveaut\u00e9s sur le r\u00e9seau des transports<\/strong>.<\/p>\n<p>Le busway prolong\u00e9 \u00e0 Thouar\u00e9<\/p>\n<p class=\" wall-content\">Le nouveau contrat pr\u00e9voit un renforcement de l\u2019offre de transports en commun avec 2,6\u00a0millions de kilom\u00e8tres commerciaux\u00a0sur le r\u00e9seau m\u00e9tropolitain, dont<a href=\"https:\/\/actu.fr\/pays-de-la-loire\/nantes_44109\/nantes-metropole-valide-les-deux-nouvelles-lignes-de-tramway-sur-l-ile-de-nantes_52195448.html\" rel=\"nofollow noopener\" target=\"_blank\"> les lignes 6 et 7<\/a> du tramway ou bien la mise en service de la ligne 8 du busway.<\/p>\n<p class=\" wall-content\">Si plusieurs <a href=\"https:\/\/actu.fr\/pays-de-la-loire\/nantes_44109\/bus-navibus-parking-les-nouvelles-offres-de-transports-en-commun-pour-la-rentree-a-nantes_63077010.html\" rel=\"nofollow noopener\" target=\"_blank\">nouveaut\u00e9s ont d\u00e9j\u00e0 \u00e9t\u00e9 annonc\u00e9es cet \u00e9t\u00e9<\/a>, la ligne 8 du busway devrait \u00e9voluer. Initialement, la ligne 8 devait faire la jonction entre Bouguenais, au sud de la m\u00e9tropole, et le boulevard de Doulon. Le futur itin\u00e9raire du busway <strong>sera finalement prolong\u00e9 jusqu\u2019\u00e0 <a href=\"https:\/\/actu.fr\/pays-de-la-loire\/thouare-sur-loire_44204\" rel=\"nofollow noopener\" target=\"_blank\">Thouar\u00e9-sur-Loire<\/a><\/strong>.<\/p>\n<p class=\" wall-content\">\u00ab\u2009Cette extension de la ligne 8 permettra de relier sans changement la commune de Bouguenais \u00e0 celle de Thouar\u00e9-sur-Loire en passant par Rez\u00e9, Nantes et Sainte-Luce-sur-Loire\u2009\u00bb, explique Nantes M\u00e9tropole dans un communiqu\u00e9.<\/p>\n<p class=\" wall-content\">La collectivit\u00e9 ambitionne r\u00e9duire de plus de 20\u2009% les \u00e9missions de CO2 du r\u00e9seau Naolib. D\u00e8s lors, le nouveau contrat pr\u00e9voit l\u2019acquisition de 5 e-navibus, 47 rames de tramway et de 149 bus \u00e9lectriques.<\/p>\n<p>Votre r\u00e9gion, votre actu !<\/p>\n<p>Recevez chaque jour les infos qui comptent pour vous.<\/p>\n<p>\t<a href=\"https:\/\/actu.fr\/newsletter\" class=\"ac-btn ac-btn--corner ac-btn--medium ac-btn--blue800\" rel=\"nofollow noopener\" target=\"_blank\">S&rsquo;incrire<\/a><br \/>\nNouveaux services de paiement<\/p>\n<p class=\" wall-content\">Le contrat pr\u00e9voit \u00e9galement de nouveaux services pour les usagers du r\u00e9seau m\u00e9tropolitain. <strong>\u00c0 horizon 2029<\/strong>, un service de paiement par SMS, puis par carte bancaire devrait \u00eatre mis en place.<\/p>\n<p class=\" wall-content\">\u00ab\u2009Une maison de la mobilit\u00e9 regroupant l\u2019ensemble des services de mobilit\u00e9 (v\u00e9los, stationnement, transports en commun) va \u00eatre cr\u00e9\u00e9e en 2029\u2009\u00bb, annonce la M\u00e9tropole.<\/p>\n<p class=\" wall-content\">Des nouvelles actions pour la s\u00e9curit\u00e9 des usagers sont \u00e9galement pr\u00e9vues. \u00ab\u2009Pour intervenir au plus pr\u00e8s des usagers en d\u00e9tresse et leur assurer une mise en relation directe avec les \u00e9quipes du Poste de contr\u00f4le et de s\u00e9curit\u00e9, un bouton SOS va \u00eatre cr\u00e9\u00e9 sur l\u2019application Naolib\u2009\u00bb, informe Nantes M\u00e9tropole.<\/p>\n<p class=\" wall-content\">Personnalisez votre actualit\u00e9 en ajoutant vos villes et m\u00e9dias en favori avec <a href=\"https:\/\/moncompte.actu.fr\" title=\"D\u00e9couvez Mon Actu\" rel=\"nofollow noopener\" data-trk=\"{&quot;cta&quot;:{&quot;action&quot;:&quot;https:\\\/\\\/moncompte.actu.fr&quot;,&quot;category&quot;:&quot;mon compte&quot;,&quot;from&quot;:&quot;article footer&quot;,&quot;name&quot;:&quot;Mon actu&quot;,&quot;type&quot;:&quot;cta&quot;}}\" target=\"_blank\">Mon Actu<\/a>.<\/p>\n","protected":false},"excerpt":{"rendered":"Par Thomas Bernard Publi\u00e9 le 3 oct. 2025 \u00e0 7h06 Par d\u00e9lib\u00e9ration du 14\u00a0d\u00e9cembre 2023, le Conseil m\u00e9tropolitain&hellip;\n","protected":false},"author":2,"featured_media":53693,"comment_status":"","ping_status":"","sticky":false,"template":"","format":"standard","meta":{"footnotes":""},"categories":[2818],"tags":[1111,11,1777,674,1011,27,766,12,2636,25,104,2803],"class_list":{"0":"post-435473","1":"post","2":"type-post","3":"status-publish","4":"format-standard","5":"has-post-thumbnail","7":"category-nantes","8":"tag-actu","9":"tag-actualites","10":"tag-eu","11":"tag-europe","12":"tag-fr","13":"tag-france","14":"tag-nantes","15":"tag-news","16":"tag-pays-de-la-loire","17":"tag-republique-francaise","18":"tag-societe","19":"tag-transport"},"share_on_mastodon":{"url":"https:\/\/pubeurope.com\/@fr\/115308732382415695","error":""},"_links":{"self":[{"href":"https:\/\/www.europesays.com\/fr\/wp-json\/wp\/v2\/posts\/435473","targetHints":{"allow":["GET"]}}],"collection":[{"href":"https:\/\/www.europesays.com\/fr\/wp-json\/wp\/v2\/posts"}],"about":[{"href":"https:\/\/www.europesays.com\/fr\/wp-json\/wp\/v2\/types\/post"}],"author":[{"embeddable":true,"href":"https:\/\/www.europesays.com\/fr\/wp-json\/wp\/v2\/users\/2"}],"replies":[{"embeddable":true,"href":"https:\/\/www.europesays.com\/fr\/wp-json\/wp\/v2\/comments?post=435473"}],"version-history":[{"count":0,"href":"https:\/\/www.europesays.com\/fr\/wp-json\/wp\/v2\/posts\/435473\/revisions"}],"wp:featuredmedia":[{"embeddable":true,"href":"https:\/\/www.europesays.com\/fr\/wp-json\/wp\/v2\/media\/53693"}],"wp:attachment":[{"href":"https:\/\/www.europesays.com\/fr\/wp-json\/wp\/v2\/media?parent=435473"}],"wp:term":[{"taxonomy":"category","embeddable":true,"href":"https:\/\/www.europesays.com\/fr\/wp-json\/wp\/v2\/categories?post=435473"},{"taxonomy":"post_tag","embeddable":true,"href":"https:\/\/www.europesays.com\/fr\/wp-json\/wp\/v2\/tags?post=435473"}],"curies":[{"name":"wp","href":"https:\/\/api.w.org\/{rel}","templated":true}]}}