{"id":435493,"date":"2025-10-03T06:17:15","date_gmt":"2025-10-03T06:17:15","guid":{"rendered":"https:\/\/www.europesays.com\/fr\/435493\/"},"modified":"2025-10-03T06:17:15","modified_gmt":"2025-10-03T06:17:15","slug":"roman-poesie-bd-le-prix-litteraire-des-lyceens-dile-de-france-revient","status":"publish","type":"post","link":"https:\/\/www.europesays.com\/fr\/435493\/","title":{"rendered":"Roman, po\u00e9sie, BD\u00a0: le prix litt\u00e9raire des lyc\u00e9ens d&rsquo;\u00cele-de-France revient"},"content":{"rendered":"\n<p lang=\"fr-FR\" style=\"margin-bottom: 0cm; font-style: normal;\">Cette ann\u00e9e encore, environ un millier de jeunes vont pouvoir d\u00e9couvrir 9 diff\u00e9rents ouvrages pour \u00e9lire leurs coups de c\u0153urs. C&rsquo;est le principe du Prix litt\u00e9raire des lyc\u00e9ens. En plus de la simple lecture, cet \u00e9v\u00e9nement propose des rencontres avec les auteurs, mais aussi des immersions dans les coulisses du monde du livre. Retrouvez tous les d\u00e9tails de cette 15\u00e8me \u00e9dition (et notamment les ouvrages en question) sur <a href=\"https:\/\/www.iledefrance.fr\/toutes-les-actualites\/prix-litteraire-des-lyceens-2025-2026-les-9-ouvrages-en-competition\" rel=\"noopener\" target=\"_blank\">www.iledefrance.fr<\/a>. <\/p>\n<p lang=\"fr-FR\" style=\"margin-bottom: 0cm; font-style: normal;\">\u00a0<\/p>\n<p lang=\"fr-FR\" style=\"margin-bottom: 0cm;\">Nicolas Chacun<\/p>\n<p>!function(f,b,e,v,n,t,s){if(f.fbq)return;n=f.fbq=function(){n.callMethod?<br \/>\nn.callMethod.apply(n,arguments):n.queue.push(arguments)};if(!f._fbq)f._fbq=n;<br \/>\nn.push=n;n.loaded=!0;n.version=&rsquo;2.0&prime;;n.queue=[];t=b.createElement(e);t.async=!0;<br \/>\nt.src=v;s=b.getElementsByTagName(e)[0];s.parentNode.insertBefore(t,s)}(window,<br \/>\ndocument,&rsquo;script&rsquo;,&rsquo;https:\/\/connect.facebook.net\/en_US\/fbevents.js&rsquo;);<br \/>\nfbq(&lsquo;init&rsquo;, &lsquo;278974969201861&rsquo;); \/\/ Insert your pixel ID here.<br \/>\nfbq(&lsquo;track&rsquo;, &lsquo;PageView&rsquo;);<\/p>\n","protected":false},"excerpt":{"rendered":"Cette ann\u00e9e encore, environ un millier de jeunes vont pouvoir d\u00e9couvrir 9 diff\u00e9rents ouvrages pour \u00e9lire leurs coups&hellip;\n","protected":false},"author":2,"featured_media":435494,"comment_status":"","ping_status":"","sticky":false,"template":"","format":"standard","meta":{"footnotes":""},"categories":[1592],"tags":[1111,11,1933,1936,1777,1939,674,1011,27,662,1934,12,1940,626,1935,25,1937,1941,1938],"class_list":{"0":"post-435493","1":"post","2":"type-post","3":"status-publish","4":"format-standard","5":"has-post-thumbnail","7":"category-ile-de-france","8":"tag-actu","9":"tag-actualites","10":"tag-actualites-locales","11":"tag-essonne","12":"tag-eu","13":"tag-eure-et-loir","14":"tag-europe","15":"tag-fr","16":"tag-france","17":"tag-ile-de-france","18":"tag-infos-locales","19":"tag-news","20":"tag-oise","21":"tag-paris","22":"tag-pres-de-chez-vous","23":"tag-republique-francaise","24":"tag-seine-et-marne","25":"tag-somme","26":"tag-yvelines"},"share_on_mastodon":{"url":"https:\/\/pubeurope.com\/@fr\/115308779527206799","error":""},"_links":{"self":[{"href":"https:\/\/www.europesays.com\/fr\/wp-json\/wp\/v2\/posts\/435493","targetHints":{"allow":["GET"]}}],"collection":[{"href":"https:\/\/www.europesays.com\/fr\/wp-json\/wp\/v2\/posts"}],"about":[{"href":"https:\/\/www.europesays.com\/fr\/wp-json\/wp\/v2\/types\/post"}],"author":[{"embeddable":true,"href":"https:\/\/www.europesays.com\/fr\/wp-json\/wp\/v2\/users\/2"}],"replies":[{"embeddable":true,"href":"https:\/\/www.europesays.com\/fr\/wp-json\/wp\/v2\/comments?post=435493"}],"version-history":[{"count":0,"href":"https:\/\/www.europesays.com\/fr\/wp-json\/wp\/v2\/posts\/435493\/revisions"}],"wp:featuredmedia":[{"embeddable":true,"href":"https:\/\/www.europesays.com\/fr\/wp-json\/wp\/v2\/media\/435494"}],"wp:attachment":[{"href":"https:\/\/www.europesays.com\/fr\/wp-json\/wp\/v2\/media?parent=435493"}],"wp:term":[{"taxonomy":"category","embeddable":true,"href":"https:\/\/www.europesays.com\/fr\/wp-json\/wp\/v2\/categories?post=435493"},{"taxonomy":"post_tag","embeddable":true,"href":"https:\/\/www.europesays.com\/fr\/wp-json\/wp\/v2\/tags?post=435493"}],"curies":[{"name":"wp","href":"https:\/\/api.w.org\/{rel}","templated":true}]}}