{"id":435497,"date":"2025-10-03T06:19:12","date_gmt":"2025-10-03T06:19:12","guid":{"rendered":"https:\/\/www.europesays.com\/fr\/435497\/"},"modified":"2025-10-03T06:19:12","modified_gmt":"2025-10-03T06:19:12","slug":"paris-pour-maintenir-le-rythme-lyon-en-poursuite-marseille-en-embuscade","status":"publish","type":"post","link":"https:\/\/www.europesays.com\/fr\/435497\/","title":{"rendered":"Paris pour maintenir le rythme, Lyon en poursuite, Marseille en embuscade"},"content":{"rendered":"<p class=\"mb-4 text-lg md:leading-8 break-words\">Le Paris Saint-Germain peut garder la t\u00eate du championnat \u00e0 condition de ne pas tr\u00e9bucher \u00e0 Lille dimanche pour la 7e journ\u00e9e de Ligue 1, et reste sous la menace de Lyon, surprenant deuxi\u00e8me \u00e0 \u00e9galit\u00e9 de points, et de diff\u00e9rents poursuivants dont l&rsquo;OM.<\/p>\n<p class=\"mb-4 text-lg md:leading-8 break-words\">Victorieux de Barcelone 2-1 mercredi en Ligue des champions malgr\u00e9 une flop\u00e9e d&rsquo;absents (Ousmane Demb\u00e9l\u00e9, D\u00e9sir\u00e9 Dou\u00e9, Khvicha Kvaratskhelia&#8230;), le PSG affronte dimanche soir en cl\u00f4ture de la 7e journ\u00e9e le Losc, 6e et mal en point apr\u00e8s deux revers cons\u00e9cutifs.<\/p>\n<p class=\"mb-4 text-lg md:leading-8 break-words\">D\u00e9pass\u00e9s \u00e0 Lens (3-0) puis battus sur le fil par Lyon (1-0), les Lillois se doivent de r\u00e9agir, m\u00eame s&rsquo;ils n&rsquo;ont plus battu le PSG depuis 2021 et restent sur trois d\u00e9faites cons\u00e9cutives contre les Parisiens.<\/p>\n<p class=\"mb-4 text-lg md:leading-8 break-words\">Reste \u00e0 voir avec quels joueurs Luis Enrique pourra composer: aux nombreux absents de ce d\u00e9but de saison s&rsquo;est peut-\u00eatre ajout\u00e9 Joao Neves, forfait de derni\u00e8re minute mercredi soir \u00e0 Barcelone apr\u00e8s une alerte \u00e0 l&rsquo;entra\u00eenement.<\/p>\n<p class=\"mb-4 text-lg md:leading-8 break-words\">Combien de temps Lyon pourra-t-il suivre le rythme parisien? Rel\u00e9gu\u00e9 administrativement en Ligue 2 en juin, finalement sauv\u00e9 en \u00e9change d&rsquo;une diminution de sa masse salariale pour soulager ses finances, l&rsquo;OL tient pour l&rsquo;instant le choc, avec 15 points, autant que le PSG.<\/p>\n<p class=\"mb-4 text-lg md:leading-8 break-words\">&#8211; Lyon pour mettre la pression sur Paris &#8211;<\/p>\n<p class=\"mb-4 text-lg md:leading-8 break-words\">Les joueurs de Paulo Fonseca re\u00e7oivent Toulouse, 10e et qui n&rsquo;a remport\u00e9 qu&rsquo;un seul de ses cinq dernier matches (trois d\u00e9faites, un nul): l&rsquo;occasion pour l&rsquo;OL de mettre sous pression le PSG.<\/p>\n<p class=\"mb-4 text-lg md:leading-8 break-words\">A trois longueurs derri\u00e8re Paris et Lyon, Marseille (3e), Monaco (4e) et Strasbourg (5e) sont \u00e9galement en embuscade.<\/p>\n<p class=\"mb-4 text-lg md:leading-8 break-words\">Les Marseillais, euphoriques depuis leur victoire contre le PSG, ont battu Strasbourg lors de la derni\u00e8re journ\u00e9e puis \u00e9trill\u00e9 l&rsquo;Ajax (4-0) en Ligue des champions mardi. Ils se d\u00e9placent samedi \u00e0 Metz, lanterne rouge toujours en qu\u00eate d&rsquo;un succ\u00e8s.<\/p>\n<p class=\"mb-4 text-lg md:leading-8 break-words\">Monaco souffle lui le chaud et le froid: battu par Lorient apr\u00e8s une poussive victoire contre Metz, le club mon\u00e9gasque s&rsquo;est offert un nul inesp\u00e9r\u00e9 et prestigieux contre Manchester City mercredi (2-2). Un bol d&rsquo;air pour Addi Hutter avant de recevoir un Nice bien morose.<\/p>\n<p class=\"mb-4 text-lg md:leading-8 break-words\">Les joueurs de Franck Haise, accroch\u00e9s sur leur pelouse par le Paris FC (1-1) apr\u00e8s avoir pris l&rsquo;eau \u00e0 Brest (4-1), pointent \u00e0 une piteuse 12e place, loin de leurs l\u00e9gitimes ambitions apr\u00e8s une belle 4e place d\u00e9croch\u00e9e la saison derni\u00e8re.<\/p>\n<p class=\"mb-4 text-lg md:leading-8 break-words\">Strasbourg, auteur d&rsquo;un bon d\u00e9but de saison malgr\u00e9 son revers \u00e0 domicile contre l&rsquo;OM, re\u00e7oit lui Angers, 17e, qui n&rsquo;a plus remport\u00e9 le moindre match depuis la 1re journ\u00e9e et la r\u00e9ception de Lorient. Des Merlus qui, regonfl\u00e9s apr\u00e8s leur large victoire contre Monaco, se d\u00e9placent en ouverture de la 7e journ\u00e9e sur la pelouse du Paris FC, ambitieux promu pour l&rsquo;instant coinc\u00e9 dans le ventre mou (11e).<\/p>\n<p class=\"mb-4 text-lg md:leading-8 break-words\">Brest, 9e apr\u00e8s avoir enfin lanc\u00e9 sa saison avec deux victoires cons\u00e9cutives contre Nice et Angers, accueille Nantes, coinc\u00e9 en bas de tableau (16e), tandis que Le Havre (15e) re\u00e7oit Rennes.<\/p>\n<p class=\"mb-4 text-lg md:leading-8 break-words\">Les Rennais, 8es avec 9 points, restent sur deux nuls d\u00e9cevants, contre Nantes puis Lens (7e, 10 points), qui se d\u00e9place de son c\u00f4t\u00e9 \u00e0 Auxerre (14e).<\/p>\n<p class=\"mb-4 text-lg md:leading-8 break-words\">obo\/hpa\/bde<\/p>\n","protected":false},"excerpt":{"rendered":"Le Paris Saint-Germain peut garder la t\u00eate du championnat \u00e0 condition de ne pas tr\u00e9bucher \u00e0 Lille dimanche&hellip;\n","protected":false},"author":2,"featured_media":435498,"comment_status":"","ping_status":"","sticky":false,"template":"","format":"standard","meta":{"footnotes":""},"categories":[1888],"tags":[1111,1928,11,1927,1438,4245,3450,46540,1777,674,1011,27,87,12434,447,1307,1781,2428,16663,6212,3127,766,12,1926,2782,626,1925,93,584,25,640,2312],"class_list":{"0":"post-435497","1":"post","2":"type-post","3":"status-publish","4":"format-standard","5":"has-post-thumbnail","7":"category-paris","8":"tag-actu","9":"tag-actu-paris","10":"tag-actualites","11":"tag-actualites-paris","12":"tag-angers","13":"tag-auxerre","14":"tag-brest","15":"tag-debut-de-saison","16":"tag-eu","17":"tag-europe","18":"tag-fr","19":"tag-france","20":"tag-joao-neves","21":"tag-les-marseillais","22":"tag-ligue-des-champions","23":"tag-lille","24":"tag-lorient","25":"tag-lyon","26":"tag-manchester-city","27":"tag-metz","28":"tag-monaco","29":"tag-nantes","30":"tag-news","31":"tag-news-paris","32":"tag-ousmane-dembele","33":"tag-paris","34":"tag-paris-news","35":"tag-psg","36":"tag-rennes","37":"tag-republique-francaise","38":"tag-strasbourg","39":"tag-toulouse"},"share_on_mastodon":{"url":"https:\/\/pubeurope.com\/@fr\/115308787508290632","error":""},"_links":{"self":[{"href":"https:\/\/www.europesays.com\/fr\/wp-json\/wp\/v2\/posts\/435497","targetHints":{"allow":["GET"]}}],"collection":[{"href":"https:\/\/www.europesays.com\/fr\/wp-json\/wp\/v2\/posts"}],"about":[{"href":"https:\/\/www.europesays.com\/fr\/wp-json\/wp\/v2\/types\/post"}],"author":[{"embeddable":true,"href":"https:\/\/www.europesays.com\/fr\/wp-json\/wp\/v2\/users\/2"}],"replies":[{"embeddable":true,"href":"https:\/\/www.europesays.com\/fr\/wp-json\/wp\/v2\/comments?post=435497"}],"version-history":[{"count":0,"href":"https:\/\/www.europesays.com\/fr\/wp-json\/wp\/v2\/posts\/435497\/revisions"}],"wp:featuredmedia":[{"embeddable":true,"href":"https:\/\/www.europesays.com\/fr\/wp-json\/wp\/v2\/media\/435498"}],"wp:attachment":[{"href":"https:\/\/www.europesays.com\/fr\/wp-json\/wp\/v2\/media?parent=435497"}],"wp:term":[{"taxonomy":"category","embeddable":true,"href":"https:\/\/www.europesays.com\/fr\/wp-json\/wp\/v2\/categories?post=435497"},{"taxonomy":"post_tag","embeddable":true,"href":"https:\/\/www.europesays.com\/fr\/wp-json\/wp\/v2\/tags?post=435497"}],"curies":[{"name":"wp","href":"https:\/\/api.w.org\/{rel}","templated":true}]}}