{"id":435507,"date":"2025-10-03T06:24:14","date_gmt":"2025-10-03T06:24:14","guid":{"rendered":"https:\/\/www.europesays.com\/fr\/435507\/"},"modified":"2025-10-03T06:24:14","modified_gmt":"2025-10-03T06:24:14","slug":"aux-etats-unis-larrivee-dun-nouveau-generique-de-la-pilule-abortive-met-en-furie-des-conservateurs","status":"publish","type":"post","link":"https:\/\/www.europesays.com\/fr\/435507\/","title":{"rendered":"Aux \u00c9tats-Unis, l\u2019arriv\u00e9e d\u2019un nouveau g\u00e9n\u00e9rique de la pilule abortive met en furie des conservateurs"},"content":{"rendered":"<p>        <img decoding=\"async\" loading=\"lazy\" src=\"https:\/\/www.europesays.com\/fr\/wp-content\/uploads\/2025\/10\/2775a6a_1711375724292-063-1481952226.jpg\"  width=\"728\" height=\"409\" alt=\"Des tablettes de mif\u00e9pristone (Mifeprex), l\u2019un des m\u00e9dicaments utilis\u00e9s dans les avortements m\u00e9dicamenteux.\"\/>  <\/p>\n<p>ANNA MONEYMAKER \/ Getty Images via AFP<\/p>\n<p>Des tablettes de mif\u00e9pristone (Mifeprex), l\u2019un des m\u00e9dicaments utilis\u00e9s dans les avortements m\u00e9dicamenteux.<\/p>\n<p class=\"asset asset-text\">\u00c9TATS-UNIS &#8211; Cette d\u00e9cision a provoqu\u00e9 la furie des milieux conservateurs. L\u2019Agence am\u00e9ricaine du m\u00e9dicament a donn\u00e9 jeudi 2\u00a0octobre son feu vert \u00e0 la commercialisation d\u2019un nouveau <a href=\"https:\/\/www.huffingtonpost.fr\/france\/article\/mort-d-etienne-emile-baulieu-l-inventeur-francais-de-la-pilule-abortive_250716.html\" rel=\"nofollow noopener\" target=\"_blank\">g\u00e9n\u00e9rique<\/a> de la mif\u00e9pristone, pilule utilis\u00e9e dans la majorit\u00e9 des avortements aux <a href=\"https:\/\/www.huffingtonpost.fr\/tech-futurs\/article\/apres-la-chine-le-rythme-de-travail-epuisant-996-gagne-et-inquiete-la-silicon-valley_255468.html\" rel=\"nofollow noopener\" target=\"_blank\">\u00c9tats-Unis<\/a>.<\/p>\n<p class=\"asset asset-text\">\u00ab\u00a0C\u2019est une tache sur la pr\u00e9sidence Trump\u00a0\u00bb, une \u00ab\u00a0d\u00e9cision inconcevable\u00a0\u00bb, a ainsi fustig\u00e9 Kristan Hawkins, pr\u00e9sidente de la puissante association anti-avortement Students for Life Action, dans un communiqu\u00e9.<\/p>\n<p class=\"asset asset-text\">Cette d\u00e9cision faisait pourtant office de proc\u00e9dure de routine, l\u2019Agence du m\u00e9dicament (FDA) ayant d\u00e9j\u00e0 approuv\u00e9 une autre version g\u00e9n\u00e9rique de la mif\u00e9pristone.<\/p>\n<p class=\"asset asset-text\">Utilis\u00e9e depuis 25\u00a0ans aux \u00c9tats-Unis, cette pilule est prescrite en association avec un autre cachet dans les interruptions volontaires de grossesse (IVG) m\u00e9dicamenteuses, mais aussi pour traiter certaines fausses couches.<\/p>\n<p>                     Pression sur le gouvernement f\u00e9d\u00e9ral    <\/p>\n<p class=\"asset asset-text\">L\u2019arriv\u00e9e de ce nouveau g\u00e9n\u00e9rique, produit par le laboratoire Evita solutions, a n\u00e9anmoins suscit\u00e9 l\u2019indignation de plusieurs \u00e9lus conservateurs et associations anti-avortement, qui font pression sur le gouvernement f\u00e9d\u00e9ral depuis le retour de <a href=\"https:\/\/www.huffingtonpost.fr\/international\/video\/shutdown-aux-etats-unis-trump-fait-vraiment-tout-pour-rendre-les-democrates-responsables-de-la-situation_255450.html\" rel=\"nofollow noopener\" target=\"_blank\">Donald Trump<\/a> pour obtenir de nouvelles restrictions d\u2019acc\u00e8s.<\/p>\n<p> La lecture de ce contenu est susceptible d\u2019entra\u00eener un d\u00e9p\u00f4t de cookies de la part de l\u2019op\u00e9rateur tiers qui l\u2019h\u00e9berge. Compte-tenu des choix que vous avez exprim\u00e9s en mati\u00e8re de d\u00e9p\u00f4t de cookies, nous avons bloqu\u00e9 l\u2019affichage de ce contenu. Si vous souhaitez y acc\u00e9der, vous devez accepter la cat\u00e9gorie de cookies \u201cContenus tiers\u201d en cliquant sur le bouton ci-dessous. <\/p>\n<p> Lire la Vid\u00e9o        <\/p>\n<p class=\"asset asset-text\">\u00ab\u00a0C\u2019est une trahison totale du mouvement (&#8230;) qui a \u00e9lu le pr\u00e9sident Trump\u00a0\u00bb, a accus\u00e9 sur X l\u2019ancien vice-pr\u00e9sident Mike Pence, fervent chr\u00e9tien qui avait permis au r\u00e9publicain de s\u2019acqu\u00e9rir les faveurs de la droite religieuse lors de sa premi\u00e8re campagne pr\u00e9sidentielle.<\/p>\n<p class=\"asset asset-text\">Cette annonce intervient alors que l\u2019administration Trump a promis de r\u00e9\u00e9valuer la s\u00e9curit\u00e9 de la mif\u00e9pristone, une perspective qui inqui\u00e8te vivement les d\u00e9fenseurs du droit \u00e0 l\u2019avortement.<\/p>\n<p class=\"asset asset-text\">Ces derniers redoutent un durcissement des conditions d\u2019acc\u00e8s \u00e0 l\u2019IVG sous ce nouveau mandat du r\u00e9publicain, qui se targue d\u2019avoir permis l\u2019annulation en 2022 de la garantie f\u00e9d\u00e9rale \u00e0 avorter en nommant des juges conservateurs \u00e0 la Cour supr\u00eame.<\/p>\n<p class=\"asset asset-text\">La communaut\u00e9 scientifique consid\u00e8re cette pilule comme s\u00fbre.<\/p>\n","protected":false},"excerpt":{"rendered":"ANNA MONEYMAKER \/ Getty Images via AFP Des tablettes de mif\u00e9pristone (Mifeprex), l\u2019un des m\u00e9dicaments utilis\u00e9s dans les&hellip;\n","protected":false},"author":2,"featured_media":435508,"comment_status":"","ping_status":"","sticky":false,"template":"","format":"standard","meta":{"footnotes":""},"categories":[1589],"tags":[11,26246,73,1866,14,56302,12,1864,1865,1863,308],"class_list":{"0":"post-435507","1":"post","2":"type-post","3":"status-publish","4":"format-standard","5":"has-post-thumbnail","7":"category-etats-unis","8":"tag-actualites","9":"tag-contraception","10":"tag-etats-unis","11":"tag-etats-unis-damerique","12":"tag-international","13":"tag-interruption-volontaire-de-grossesse-ivg","14":"tag-news","15":"tag-united-states","16":"tag-united-states-of-america","17":"tag-us","18":"tag-usa"},"share_on_mastodon":{"url":"https:\/\/pubeurope.com\/@fr\/115308807171835649","error":""},"_links":{"self":[{"href":"https:\/\/www.europesays.com\/fr\/wp-json\/wp\/v2\/posts\/435507","targetHints":{"allow":["GET"]}}],"collection":[{"href":"https:\/\/www.europesays.com\/fr\/wp-json\/wp\/v2\/posts"}],"about":[{"href":"https:\/\/www.europesays.com\/fr\/wp-json\/wp\/v2\/types\/post"}],"author":[{"embeddable":true,"href":"https:\/\/www.europesays.com\/fr\/wp-json\/wp\/v2\/users\/2"}],"replies":[{"embeddable":true,"href":"https:\/\/www.europesays.com\/fr\/wp-json\/wp\/v2\/comments?post=435507"}],"version-history":[{"count":0,"href":"https:\/\/www.europesays.com\/fr\/wp-json\/wp\/v2\/posts\/435507\/revisions"}],"wp:featuredmedia":[{"embeddable":true,"href":"https:\/\/www.europesays.com\/fr\/wp-json\/wp\/v2\/media\/435508"}],"wp:attachment":[{"href":"https:\/\/www.europesays.com\/fr\/wp-json\/wp\/v2\/media?parent=435507"}],"wp:term":[{"taxonomy":"category","embeddable":true,"href":"https:\/\/www.europesays.com\/fr\/wp-json\/wp\/v2\/categories?post=435507"},{"taxonomy":"post_tag","embeddable":true,"href":"https:\/\/www.europesays.com\/fr\/wp-json\/wp\/v2\/tags?post=435507"}],"curies":[{"name":"wp","href":"https:\/\/api.w.org\/{rel}","templated":true}]}}