{"id":435515,"date":"2025-10-03T06:28:53","date_gmt":"2025-10-03T06:28:53","guid":{"rendered":"https:\/\/www.europesays.com\/fr\/435515\/"},"modified":"2025-10-03T06:28:53","modified_gmt":"2025-10-03T06:28:53","slug":"lunion-europeenne-veut-ameliorer-la-culture-financiere-de-ses-citoyens","status":"publish","type":"post","link":"https:\/\/www.europesays.com\/fr\/435515\/","title":{"rendered":"l\u2019Union europ\u00e9enne veut am\u00e9liorer la culture financi\u00e8re de ses citoyens"},"content":{"rendered":"<p>\u00abLes Europ\u00e9ens pourraient obtenir de meilleurs rendements sur leur \u00e9pargne\u00bb, affirme Maria Lu\u00eds Albuquerque, commissaire aux services financiers et \u00e0 l\u2019union de l\u2019\u00e9pargne et des investissements.<\/p>\n<p class=\"fig-paragraph\">Les Europ\u00e9ens bient\u00f4t des as de la finance\u00a0? C\u2019est, en tout cas, le souhait de la\u00a0<a href=\"http:\/\/www.lefigaro.fr\/conjoncture\/sanofi-dans-le-viseur-de-la-commission-europeenne-pour-abus-de-position-dominante-20250930\" data-fig-type=\"NewsFlash\" data-gtm-custom-categorie=\"navigation\" data-gtm-custom-action=\"crossclick\" data-gtm-custom-label=\"Contextuel\" data-gtm-event=\"customEventSPE\" data-fig-domain=\"LEFIGARO\" target=\"_blank\" rel=\"noopener\">Commission europ\u00e9enne<\/a>\u00a0qui a d\u00e9voil\u00e9 ce mardi 30 septembre sa \u00abstrat\u00e9gie de litt\u00e9ratie financi\u00e8re\u00bb. Un programme qui vise \u00e0 \u00abaider les citoyens \u00e0 prendre des d\u00e9cisions financi\u00e8res judicieuses\u00bb afin d\u2019am\u00e9liorer leur \u00abbien-\u00eatre, leur s\u00e9curit\u00e9 financi\u00e8re et leur ind\u00e9pendance\u00bb, souligne l\u2019institution dans un communiqu\u00e9.<\/p>\n<p class=\"fig-paragraph\">Pour cette derni\u00e8re, une meilleure connaissance de la finance conduira \u00e0 \u00ab\u00e9viter les escroqueries et les fraudes\u00bb, qui se multiplient ces derniers mois. Elle permettra aussi aux citoyens d\u2019\u00ab\u00e9conomiser plus efficacement\u00bb. L\u2019urgence para\u00eet de mise, alors que \u00abmoins d\u2019un cinqui\u00e8me des citoyens de l\u2019UE ont un niveau \u00e9lev\u00e9 de litt\u00e9ratie financi\u00e8re\u00bb, selon l\u2019Eurobarom\u00e8tre de 2023, \u00abavec des diff\u00e9rences significatives entre les \u00c9tats membres\u00bb.<\/p>\n<p>                                    <a class=\"fig-a11y-skip a11y-hidden\" href=\"#fig-a11y-skip-main-inarticle\"><br \/>\n        Passer la publicit\u00e9<br \/>\n    <\/a><\/p>\n<p>\u00abMettre leurs \u00e9conomies au travail\u00bb<\/p>\n<p class=\"fig-paragraph\">Pour pallier ce constat, la Commission europ\u00e9enne a \u00e9tabli une strat\u00e9gie fond\u00e9e sur quatre piliers, \u00e0 commencer par une \u00abcoordination et des bonnes pratiques\u00bb pour \u00abfaciliter l\u2019apprentissage mutuel des initiatives nationales et internationales r\u00e9ussies en mati\u00e8re d\u2019\u00e9ducation financi\u00e8re\u00bb.\u00a0Une \u00abcampagne d\u2019\u00e9ducation financi\u00e8re\u00bb sera \u00e9galement lanc\u00e9e \u00e0 travers l\u2019Union europ\u00e9enne, agr\u00e9ment\u00e9e d\u2019enqu\u00eates \u00abpour suivre les progr\u00e8s accomplis\u00bb. \u00abLa Commission encouragera les \u00c9tats membres \u00e0 utiliser les instruments de financement existants de l\u2019UE pour soutenir les initiatives et la recherche\u00bb, compl\u00e8te l\u2019institution.<\/p>\n<p class=\"fig-paragraph\">Pour Maria Lu\u00eds Albuquerque, commissaire aux services financiers et \u00e0 l\u2019union de l\u2019\u00e9pargne et des investissements, il faut aussi \u00abque les citoyens aient des possibilit\u00e9s de mettre leurs \u00e9conomies au travail.\u00a0C\u2019est pourquoi nous cr\u00e9ons un plan europ\u00e9en pour les comptes d\u2019\u00e9pargne et d\u2019investissement plus accessibles. [&#8230;] Les Europ\u00e9ens pourraient obtenir de meilleurs rendements sur leur \u00e9pargne, tout en soutenant le financement des entreprises de l\u2019UE, la croissance \u00e9conomique et la cr\u00e9ation d\u2019emplois\u00bb, fait valoir la repr\u00e9sentante. Dans le d\u00e9tail, les investisseurs pourront avoir recours aux \u00abSIA\u00bb, qui \u00absont des comptes fournis par des prestataires de services financiers agr\u00e9\u00e9s, m\u00eame en ligne, qui permettent d\u2019investir dans des instruments des march\u00e9s des capitaux\u00bb.<\/p>\n<p class=\"fig-paragraph\">\u00abAvec des incitatifs fiscaux int\u00e9ressants, les gens sont plus encourag\u00e9s \u00e0 investir dans des investissements \u00e0 rendement plus \u00e9lev\u00e9, ce qui nous aidera \u00e0 trouver du capital de croissance et \u00e0 \u00eatre plus comp\u00e9titifs\u00bb, assure de son c\u00f4t\u00e9 Wopke Hoekstra, commissaire au climat, \u00e0 la neutralit\u00e9 carbone et \u00e0 la croissance propre. Derri\u00e8re l\u2019investissement de d\u00e9tail, la Commission europ\u00e9enne esp\u00e8re \u00e9galement renforcer \u00abla comp\u00e9titivit\u00e9 de l\u2019Union europ\u00e9enne\u00bb, \u00e0 l\u2019heure o\u00f9 les \u00c9tats-Unis basculent dans le \u00ab<a href=\"http:\/\/www.lefigaro.fr\/international\/shutdown-aux-etats-unis-la-paralysie-budgetaire-expliquee-en-trois-infographies-20251001\" data-fig-type=\"NewsFlash\" data-gtm-custom-categorie=\"navigation\" data-gtm-custom-action=\"crossclick\" data-gtm-custom-label=\"Contextuel\" data-gtm-event=\"customEventSPE\" data-fig-domain=\"LEFIGARO\" target=\"_blank\" rel=\"noopener\">shutdown<\/a> \u00bb, une premi\u00e8re depuis 2018.<\/p>\n","protected":false},"excerpt":{"rendered":"\u00abLes Europ\u00e9ens pourraient obtenir de meilleurs rendements sur leur \u00e9pargne\u00bb, affirme Maria Lu\u00eds Albuquerque, commissaire aux services financiers&hellip;\n","protected":false},"author":2,"featured_media":435516,"comment_status":"","ping_status":"","sticky":false,"template":"","format":"standard","meta":{"footnotes":""},"categories":[1586],"tags":[11,2196,1777,674,1779,590,1011,27,12,25,1778,364],"class_list":{"0":"post-435515","1":"post","2":"type-post","3":"status-publish","4":"format-standard","5":"has-post-thumbnail","7":"category-europe","8":"tag-actualites","9":"tag-commission-europeenne","10":"tag-eu","11":"tag-europe","12":"tag-european-union","13":"tag-finance","14":"tag-fr","15":"tag-france","16":"tag-news","17":"tag-republique-francaise","18":"tag-ue","19":"tag-union-europeenne"},"share_on_mastodon":{"url":"https:\/\/pubeurope.com\/@fr\/115308826901769280","error":""},"_links":{"self":[{"href":"https:\/\/www.europesays.com\/fr\/wp-json\/wp\/v2\/posts\/435515","targetHints":{"allow":["GET"]}}],"collection":[{"href":"https:\/\/www.europesays.com\/fr\/wp-json\/wp\/v2\/posts"}],"about":[{"href":"https:\/\/www.europesays.com\/fr\/wp-json\/wp\/v2\/types\/post"}],"author":[{"embeddable":true,"href":"https:\/\/www.europesays.com\/fr\/wp-json\/wp\/v2\/users\/2"}],"replies":[{"embeddable":true,"href":"https:\/\/www.europesays.com\/fr\/wp-json\/wp\/v2\/comments?post=435515"}],"version-history":[{"count":0,"href":"https:\/\/www.europesays.com\/fr\/wp-json\/wp\/v2\/posts\/435515\/revisions"}],"wp:featuredmedia":[{"embeddable":true,"href":"https:\/\/www.europesays.com\/fr\/wp-json\/wp\/v2\/media\/435516"}],"wp:attachment":[{"href":"https:\/\/www.europesays.com\/fr\/wp-json\/wp\/v2\/media?parent=435515"}],"wp:term":[{"taxonomy":"category","embeddable":true,"href":"https:\/\/www.europesays.com\/fr\/wp-json\/wp\/v2\/categories?post=435515"},{"taxonomy":"post_tag","embeddable":true,"href":"https:\/\/www.europesays.com\/fr\/wp-json\/wp\/v2\/tags?post=435515"}],"curies":[{"name":"wp","href":"https:\/\/api.w.org\/{rel}","templated":true}]}}