{"id":435521,"date":"2025-10-03T06:31:12","date_gmt":"2025-10-03T06:31:12","guid":{"rendered":"https:\/\/www.europesays.com\/fr\/435521\/"},"modified":"2025-10-03T06:31:12","modified_gmt":"2025-10-03T06:31:12","slug":"apres-une-semaine-presque-parfaite-la-france-distance-les-pays-bas-a-lindice-uefa","status":"publish","type":"post","link":"https:\/\/www.europesays.com\/fr\/435521\/","title":{"rendered":"Apr\u00e8s une semaine presque parfaite, la France distance les Pays-Bas \u00e0 l\u2019indice UEFA"},"content":{"rendered":"<p class=\"paragraph text_align_left lp-f-body-02\">\u00c0 l\u2019indice UEFA, la France se situe dans un no man\u2019s land. Depuis le d\u00e9but de la saison, les performances des clubs tricolores leur permettent de distancer les Pays-Bas, mais sans combler leur retard sur l\u2019Allemagne, quatri\u00e8me. La France reste cinqui\u00e8me au <a href=\"https:\/\/fr.uefa.com\/nationalassociations\/uefarankings\/country\/?year=2026\" target=\"_self\" rel=\"nofollow noopener\">classement UEFA<\/a>, mais <a href=\"https:\/\/www.leparisien.fr\/sports\/football\/psg\/psg-inter-5-0-et-le-parc-des-princes-sest-embrase-31-05-2025-SR4YP5W5QJEJXGQBXVWHLVIHJQ.php\" target=\"_blank\" rel=\"nofollow noopener\">le titre du Paris Saint-Germain<\/a> en <a href=\"https:\/\/www.leparisien.fr\/sports\/football\/ligue-des-champions\/\" target=\"_blank\" rel=\"nofollow noopener\">Ligue des champions<\/a> en saison pass\u00e9e semble tout de m\u00eame offrir une belle dynamique aux repr\u00e9sentants hexagonaux.<\/p>\n<p class=\"paragraph text_align_left lp-f-body-02\">Au cours de cette semaine, seul Nice a d\u00e9pareill\u00e9. Les Aiglons se sont inclin\u00e9s en Turquie contre le Fenerbah\u00e7e (2-1). Pour le reste, Paris et Marseille ont respectivement engrang\u00e9 des succ\u00e8s marquants contre le FC Barcelone (2-1) et <a href=\"https:\/\/www.leparisien.fr\/sports\/football\/ligue-des-champions\/om-ajax-4-0-les-marseillais-en-demonstration-au-velodrome-pour-leur-premier-succes-en-ligue-des-champions-30-09-2025-ZWQML3FJABAPRDH36EQLGMXHSE.php\" target=\"_blank\" rel=\"noreferrer nofollow noopener\">l\u2019Ajax Amsterdam (4-0)<\/a>. \u00c9galement en Ligue des champions, l\u2019AS Monaco a brillamment tenu Manchester City en \u00e9chec (2-2). Face \u00e0 Rome (1-0) et <a href=\"https:\/\/www.leparisien.fr\/sports\/football\/lyon-salzbourg-2-0-les-lyonnais-poursuivent-leur-sans-faute-en-ligue-europa-grace-au-1er-but-du-fils-de-patrick-kluivert-02-10-2025-4FAO6ZEA7JFLDHB7BVFKCJE5EQ.php\" target=\"_blank\" rel=\"noreferrer nofollow noopener\">au RB Salzbourg (2-0)<\/a>, Lille et Lyon se sont impos\u00e9s en Ligue Europa, tandis que Strasbourg en faisait de m\u00eame contre le Sloan Bratislava en Ligue Conf\u00e9rence (2-0).<\/p>\n<p>L\u2019Allemagne progresse plus vite<\/p>\n<p class=\"paragraph text_align_left lp-f-body-02\">Ces r\u00e9sultats portent le coefficient UEFA tricolore \u00e0 70,391 points, soit plus de 8 que les Pays-Bas, sixi\u00e8mes avec 62,366 unit\u00e9s, et le Portugal, 59,466. En revanche, l\u2019Allemagne, quatri\u00e8me (77,259 points), dispose elle-m\u00eame d\u2019un matelas confortable sur la France. D\u2019autant que les Allemands progressent plus rapidement que les \u00e9quipes fran\u00e7aises depuis le d\u00e9but de la saison, avec 6,142 unit\u00e9s amass\u00e9es contre 5,214.<\/p>\n","protected":false},"excerpt":{"rendered":"\u00c0 l\u2019indice UEFA, la France se situe dans un no man\u2019s land. Depuis le d\u00e9but de la saison,&hellip;\n","protected":false},"author":2,"featured_media":435522,"comment_status":"","ping_status":"","sticky":false,"template":"","format":"standard","meta":{"footnotes":""},"categories":[4],"tags":[11,63,1011,27,447,12,25,60],"class_list":{"0":"post-435521","1":"post","2":"type-post","3":"status-publish","4":"format-standard","5":"has-post-thumbnail","7":"category-france","8":"tag-actualites","9":"tag-football","10":"tag-fr","11":"tag-france","12":"tag-ligue-des-champions","13":"tag-news","14":"tag-republique-francaise","15":"tag-sports"},"share_on_mastodon":{"url":"https:\/\/pubeurope.com\/@fr\/115308834554558010","error":""},"_links":{"self":[{"href":"https:\/\/www.europesays.com\/fr\/wp-json\/wp\/v2\/posts\/435521","targetHints":{"allow":["GET"]}}],"collection":[{"href":"https:\/\/www.europesays.com\/fr\/wp-json\/wp\/v2\/posts"}],"about":[{"href":"https:\/\/www.europesays.com\/fr\/wp-json\/wp\/v2\/types\/post"}],"author":[{"embeddable":true,"href":"https:\/\/www.europesays.com\/fr\/wp-json\/wp\/v2\/users\/2"}],"replies":[{"embeddable":true,"href":"https:\/\/www.europesays.com\/fr\/wp-json\/wp\/v2\/comments?post=435521"}],"version-history":[{"count":0,"href":"https:\/\/www.europesays.com\/fr\/wp-json\/wp\/v2\/posts\/435521\/revisions"}],"wp:featuredmedia":[{"embeddable":true,"href":"https:\/\/www.europesays.com\/fr\/wp-json\/wp\/v2\/media\/435522"}],"wp:attachment":[{"href":"https:\/\/www.europesays.com\/fr\/wp-json\/wp\/v2\/media?parent=435521"}],"wp:term":[{"taxonomy":"category","embeddable":true,"href":"https:\/\/www.europesays.com\/fr\/wp-json\/wp\/v2\/categories?post=435521"},{"taxonomy":"post_tag","embeddable":true,"href":"https:\/\/www.europesays.com\/fr\/wp-json\/wp\/v2\/tags?post=435521"}],"curies":[{"name":"wp","href":"https:\/\/api.w.org\/{rel}","templated":true}]}}