{"id":435547,"date":"2025-10-03T06:47:14","date_gmt":"2025-10-03T06:47:14","guid":{"rendered":"https:\/\/www.europesays.com\/fr\/435547\/"},"modified":"2025-10-03T06:47:14","modified_gmt":"2025-10-03T06:47:14","slug":"la-vaccination-contre-le-covid-19-ouvre-le-14-octobre-mais-des-pharmacies-sont-deja-approvisionnees","status":"publish","type":"post","link":"https:\/\/www.europesays.com\/fr\/435547\/","title":{"rendered":"La vaccination contre le Covid-19\u00a0ouvre le 14\u00a0octobre mais des pharmacies sont d\u00e9j\u00e0 approvisionn\u00e9es"},"content":{"rendered":"<p>        <img decoding=\"async\" loading=\"lazy\" src=\"https:\/\/www.europesays.com\/fr\/wp-content\/uploads\/2025\/10\/c909e67_sirius-fs-upload-1-znvcgk7n6ps1-1738660921628-gettyimages-1335919773.jpg\"  width=\"728\" height=\"410\" alt=\"Dans certaines pharmacies, il est d\u00e9j\u00e0 possible de se faire vacciner contre le Covid-19, sans attendre l\u2019ouverture de la campagne le 14\u00a0octobre. (photo d\u2019illustration)\"\/>  <\/p>\n<p>juanma hache \/ Getty Images<\/p>\n<p>Dans certaines pharmacies, il est d\u00e9j\u00e0 possible de se faire vacciner contre le Covid-19, sans attendre l\u2019ouverture de la campagne le 14\u00a0octobre. (photo d\u2019illustration)<\/p>\n<p class=\"asset asset-text\">COVID &#8211; \u00c0 l\u2019h\u00f4pital et dans les cabinets m\u00e9dicaux, le retour du Covid se confirme en France. Mais le virus circule \u00e0 un niveau mod\u00e9r\u00e9 jusqu\u2019ici, selon les nouvelles donn\u00e9es de Sant\u00e9 publique France diffus\u00e9es mercredi 1er\u00a0octobre.<\/p>\n<p class=\"asset asset-text\">Un variant est responsable de cette recrudescence de cas automnaux\u00a0: XFG, <a href=\"https:\/\/www.huffingtonpost.fr\/life\/article\/le-variant-frankenstein-du-covid-19-en-hausse-cet-automne-quels-en-sont-les-symptomes_255449.html\" target=\"_blank\" rel=\"noopener\" title=\"Nouvelle fen\u00eatre\">aussi surnomm\u00e9 \u00ab\u00a0Frankenstein\u00a0\u00bb<\/a> sur les r\u00e9seaux sociaux. <a href=\"https:\/\/www.franceinfo.fr\/sante\/maladie\/coronavirus\/vaccin\/covid-le-variant-qui-circule-actuellement-ne-presente-pas-a-ce-jour-de-signes-en-faveur-d-une-severite-plus-importante-selon-une-infectiologue_7527043.html\" target=\"_blank\" rel=\"noopener\" title=\"Nouvelle fen\u00eatre\">Sur France Inter ce jeudi matin<\/a>, l\u2019infectiologue Anne-Claude Cr\u00e9mieux, pr\u00e9sidente de la commission technique des vaccinations de la Haute autorit\u00e9 de sant\u00e9, s\u2019est toutefois voulu rassurante.<\/p>\n<p class=\"asset asset-text\">Selon elle, ce variant \u00ab\u00a0ne pr\u00e9sente pas, \u00e0 ce jour, de signes en faveur d\u2019une s\u00e9v\u00e9rit\u00e9 plus importante\u00a0\u00bb et \u00ab\u00a0donne, comme son pr\u00e9d\u00e9cesseur, surtout des formes \u201crhinopharyng\u00e9es\u201d, c\u2019est-\u00e0-dire un rhume, un mal de gorge et pas mal de virus au niveau du nez\u00a0\u00bb.<\/p>\n<p class=\"asset asset-text\">R\u00e9sultat, il est aujourd\u2019hui possible de se faire <a href=\"https:\/\/www.huffingtonpost.fr\/international\/article\/robert-kennedy-jr-nomme-la-star-des-antivax-robert-malone-dans-son-equipe-chargee-des-vaccins_251236.html\" target=\"_blank\" rel=\"noopener\">vacciner<\/a> avec la dose con\u00e7ue pour la campagne de vaccination lanc\u00e9e dans les jours qui viennent, malgr\u00e9 l\u2019arriv\u00e9e toute r\u00e9cente du variant XFG. \u00ab\u00a0On sait qu\u2019il \u00e9chappe un petit peu mieux \u00e0 l\u2019immunit\u00e9 que ses pr\u00e9d\u00e9cesseurs\u00a0\u00bb, mais \u00ab\u00a0on garde un certain niveau de protection contre ce variant, et le vaccin actuel, qui a \u00e9t\u00e9 mis au point pour la campagne d\u2019hiver, reste efficace\u00a0\u00bb, explique Anne-Claude Cr\u00e9mieux sur France Inter.<\/p>\n<p>                     Tout le monde peut gratuitement se faire vacciner    <\/p>\n<p class=\"asset asset-text\">Et si la campagne s\u2019ouvre officiellement le 14\u00a0octobre (jusqu\u2019au 31\u00a0janvier), il ne sera peut-\u00eatre pas n\u00e9cessaire d\u2019attendre jusque-l\u00e0 sur tout le territoire. \u00ab\u00a0Les commandes dans les pharmacies ont commenc\u00e9 depuis le 22\u00a0septembre. Par cons\u00e9quent, il y a aujourd\u2019hui ou dans les jours qui viennent des pharmacies qui seront d\u00e9j\u00e0 achaland\u00e9es\u00a0\u00bb, pr\u00e9cise l\u2019infectiologue.<\/p>\n<p class=\"asset asset-text\">Comme chaque ann\u00e9e, il est fortement recommand\u00e9 aux personnes \u00e0 risque de d\u00e9velopper des formes graves du Covid-19 d\u2019\u00eatre vaccin\u00e9es. Notamment les personnes \u00e2g\u00e9es de 65\u00a0ans et plus\u00a0; les personnes atteintes de comorbidit\u00e9s ayant un risque plus \u00e9lev\u00e9 de formes graves de maladie\u00a0; les personnes immunod\u00e9prim\u00e9es\u00a0; ou encore les femmes enceintes, quel que soit leur trimestre de grossesse.<\/p>\n<p class=\"asset asset-text\">\u00c0 noter que la dose annuelle n\u2019est plus recommand\u00e9e pour les personnes pas consid\u00e9r\u00e9es comme \u00e0 risques. Malgr\u00e9 tout, si une personne n\u2019est pas dans la cible et souhaite recevoir une vaccination, elle peut tout \u00e0 fait en b\u00e9n\u00e9ficier et gratuitement, <a href=\"https:\/\/www.ameli.fr\/assure\/sante\/themes\/covid-19\/vaccination-contre-le-covid-19\/vaccination-covid19#:~:text=Chaque%20automne%2C%20une%20campagne%20vaccinale,Mayotte)%20au%2031%20janvier%202026.\" target=\"_blank\" rel=\"noopener\" title=\"Nouvelle fen\u00eatre\">comme le rappelle l\u2019Assurance maladie sur son site<\/a>.<\/p>\n","protected":false},"excerpt":{"rendered":"juanma hache \/ Getty Images Dans certaines pharmacies, il est d\u00e9j\u00e0 possible de se faire vacciner contre le&hellip;\n","protected":false},"author":2,"featured_media":435548,"comment_status":"","ping_status":"","sticky":false,"template":"","format":"standard","meta":{"footnotes":""},"categories":[10],"tags":[4357,1011,27,72,71,773,55892],"class_list":{"0":"post-435547","1":"post","2":"type-post","3":"status-publish","4":"format-standard","5":"has-post-thumbnail","7":"category-sante","8":"tag-covid-19","9":"tag-fr","10":"tag-france","11":"tag-health","12":"tag-sante","13":"tag-vaccin","14":"tag-variant-covid"},"share_on_mastodon":{"url":"https:\/\/pubeurope.com\/@fr\/115308898276485919","error":""},"_links":{"self":[{"href":"https:\/\/www.europesays.com\/fr\/wp-json\/wp\/v2\/posts\/435547","targetHints":{"allow":["GET"]}}],"collection":[{"href":"https:\/\/www.europesays.com\/fr\/wp-json\/wp\/v2\/posts"}],"about":[{"href":"https:\/\/www.europesays.com\/fr\/wp-json\/wp\/v2\/types\/post"}],"author":[{"embeddable":true,"href":"https:\/\/www.europesays.com\/fr\/wp-json\/wp\/v2\/users\/2"}],"replies":[{"embeddable":true,"href":"https:\/\/www.europesays.com\/fr\/wp-json\/wp\/v2\/comments?post=435547"}],"version-history":[{"count":0,"href":"https:\/\/www.europesays.com\/fr\/wp-json\/wp\/v2\/posts\/435547\/revisions"}],"wp:featuredmedia":[{"embeddable":true,"href":"https:\/\/www.europesays.com\/fr\/wp-json\/wp\/v2\/media\/435548"}],"wp:attachment":[{"href":"https:\/\/www.europesays.com\/fr\/wp-json\/wp\/v2\/media?parent=435547"}],"wp:term":[{"taxonomy":"category","embeddable":true,"href":"https:\/\/www.europesays.com\/fr\/wp-json\/wp\/v2\/categories?post=435547"},{"taxonomy":"post_tag","embeddable":true,"href":"https:\/\/www.europesays.com\/fr\/wp-json\/wp\/v2\/tags?post=435547"}],"curies":[{"name":"wp","href":"https:\/\/api.w.org\/{rel}","templated":true}]}}