{"id":435549,"date":"2025-10-03T06:48:12","date_gmt":"2025-10-03T06:48:12","guid":{"rendered":"https:\/\/www.europesays.com\/fr\/435549\/"},"modified":"2025-10-03T06:48:12","modified_gmt":"2025-10-03T06:48:12","slug":"salzbourg-adam-karabec-alias-karabeckham-a-deja-tout-de-la-trouvaille-inesperee-pour-moins-de-4-me-non","status":"publish","type":"post","link":"https:\/\/www.europesays.com\/fr\/435549\/","title":{"rendered":"Salzbourg\u00a0: Adam Karabec, alias \u00ab\u00a0Karabeckham\u00a0\u00bb, a d\u00e9j\u00e0 tout de la trouvaille inesp\u00e9r\u00e9e pour moins de 4\u00a0M\u20ac, non\u00a0?"},"content":{"rendered":"<p>Au Parc OL,<\/p>\n<p>\u00ab\u00a0J\u2019ai \u00e9t\u00e9 \u00e9tonn\u00e9 que l\u2019<a href=\"https:\/\/www.20minutes.fr\/sport\/ol\/\" class=\"c-link c-link--is-underlined\" target=\"_blank\" rel=\"noopener\">OL<\/a> fasse venir Karmarec, il a 24 ans, il n\u2019est pas international. Lyon a vraiment perdu en qualit\u00e9 de mani\u00e8re stratosph\u00e9rique.\u00a0\u00bb Seulement trois jours apr\u00e8s sa signature estivale en Ligue 1, Adam Karabec a peut-\u00eatre eu \u00e9cho des \u00e9tranges doutes \u00e9mis \u00e0 son sujet <a href=\"https:\/\/x.com\/lequipedusoir\/status\/1956425537586389250\" rel=\"nofollow\" target=\"_blank\" class=\"c-link c-link--is-underlined\">sur une \u00e9mission sportive fran\u00e7aise<\/a>. Mais qu\u2019il se rassure\u00a0: en moins de deux mois, les supporteurs lyonnais ont bien retenu son nom, davantage tch\u00e8que que breton donc, et ils voient en lui un prometteur ailier droit de 22 ans (un autre d\u00e9tail), d\u2019ailleurs devenu international le 8\u00a0septembre.<\/p>\n<p>Il a suffi d\u2019un r\u00e9cital <a href=\"https:\/\/www.20minutes.fr\/sport\/football\/ligue_europa\/4176406-20251002-direct-ol-rb-salzbourg-lyon-compte-bien-poursuivre-folle-serie-suivez-premiere-ligue-europa-parc-ol-20h45\" class=\"c-link c-link--is-underlined\" target=\"_blank\" rel=\"noopener\">contre le RB Salzbourg (2-0)<\/a>, jeudi en <a href=\"https:\/\/www.20minutes.fr\/sport\/ligue_europa\/\" class=\"c-link c-link--is-underlined\" target=\"_blank\" rel=\"noopener\">Ligue Europa<\/a>, pour que la vraie interrogation le concernant soit la suivante\u00a0: doit-on vite le surnommer \u00ab\u00a0Kaviarbec\u00a0\u00bb ou \u00ab\u00a0Karabeckam\u00a0\u00bb\u00a0? Car apr\u00e8s avoir inscrit un but pour sa premi\u00e8re apparition au Parc OL, <a href=\"https:\/\/www.20minutes.fr\/sport\/football\/ligue-1\/4169193-20250823-direct-ol-fc-metz-lyonnais-veulent-enchainer-apres-joli-succes-lens-suivez-match-20h30\" class=\"c-link c-link--is-underlined\" target=\"_blank\" rel=\"noopener\">le 23\u00a0ao\u00fbt face au FC Metz (3-0)<\/a>, l&rsquo;ancien milieu offensif du Sparta Prague vient de r\u00e9galer ses partenaires avec ses deux premi\u00e8res passes d\u00e9cisives de la saison. Et si on avait eu un avant-go\u00fbt de sa soyeuse patte gauche, on ne l\u2019imaginait pas un instant \u00eatre capable de d\u00e9bloquer un match avec son pied droit.<\/p>\n<p class=\"mb-xxl@xs color-ultramarine font-weight-semi-bold@xs font-source-serif-pro heading-s@xs\">L\u2019acc\u00e8s \u00e0 ce contenu a \u00e9t\u00e9 bloqu\u00e9 afin de respecter votre choix de consentement<\/p>\n<p class=\"mb-m@xs text-l@xs\">En cliquant sur\u00ab J\u2019accepte \u00bb, vous acceptez le d\u00e9p\u00f4t de cookies par des services externes et aurez ainsi acc\u00e8s aux contenus de nos partenaires.<\/p>\n<p class=\"mb-xl@xs text-s@xs\">Plus d\u2019informations sur la page<a href=\"https:\/\/www.20minutes.fr\/gestion-cookies\" class=\"mx-xxs@xs color-ultramarine\" target=\"_blank\" rel=\"noopener\">Politique de gestion des cookies<\/a><\/p>\n<p>J\u2019accepte\u00ab\u00a0Un ballon extraordinaire\u00a0\u00bb (du droit) pour Satriano<\/p>\n<p>L\u2019OL aurait pu \u00eatre sonn\u00e9 par le penalty g\u00e2ch\u00e9 par son compatriote Pavel Sulc (0-0, 7e), mais <a href=\"https:\/\/x.com\/CanalplusFoot\/status\/1973829309593772159\" rel=\"nofollow\" target=\"_blank\" class=\"c-link c-link--is-underlined\">sur une relance cata du gardien autrichien Alexander Schlager<\/a> dans sa zone, Adam Karabec a bel et bien tout fait avec son pied faible. Buteur gr\u00e2ce \u00e0 sa galette (1-0, 11e), l\u2019attaquant uruguayen <a href=\"https:\/\/www.20minutes.fr\/sport\/football\/ligue-1\/4174223-20250920-ol-angers-si-lyon-vainqueur-surprise-mercato-image-greif-satriano-decisifs-emblee\" class=\"c-link c-link--is-underlined\" target=\"_blank\" rel=\"noopener\">Martin Satriano<\/a> d\u00e9crit l\u2019action, non sans admiration.<\/p>\n<blockquote class=\"mx-m@xs mx-xxl@md color-ultramarine c-citation\">\n<p class=\"font-weight-regular@xs text-italic font-source-serif-pro text-l@xs c-citation__content\">\u00ab\u00a0D\u00e8s que j\u2019ai vu Adam faire une bonne interception, je savais qu\u2019il allait me mettre un ballon extraordinaire derri\u00e8re. Apr\u00e8s, \u00e7a n\u2019\u00e9tait pas facile pour moi, mais un peu quand m\u00eame\u2026 Je connais sa qualit\u00e9 de centres. Cette semaine en pr\u00e9parant ce match, on a beaucoup travaill\u00e9 ensemble sur ses centres.\u00a0\u00bb<\/p>\n<\/blockquote>\n<p>Une partie du m\u00e9rite revient donc \u00e0 Paulo Fonseca, \u00e0 l\u2019image plus globale du bluffant d\u00e9but de saison lyonnais (7 victoires en 8 matchs et toujours aucun but conc\u00e9d\u00e9 \u00e0 11 contre 11). En l\u2019absence prolong\u00e9e du percutant Ernest Nuamah (op\u00e9r\u00e9 d\u2019une rupture du ligament crois\u00e9 ant\u00e9rieur du genou gauche en avril), le coach portugais n\u2019h\u00e9site pas \u00e0 installer le jeune Tch\u00e8que sur l\u2019aile droite, et m\u00eame \u00e0 ne pas convoquer dans le groupe son principal concurrent au poste <a href=\"https:\/\/www.20minutes.fr\/dossier\/rachid-ghezzal\" class=\"c-link c-link--is-underlined\" target=\"_blank\" rel=\"noopener\">Rachid Ghezzal<\/a> pour ce dernier match.<\/p>\n<p><img decoding=\"async\" alt=\"Martin Satriano n'a plus marqu\u00e9 depuis avril 2024 et Ruben Kluivert (au premier plan) est en gal\u00e8re depuis son arriv\u00e9e \u00e0 Lyon ? Aucun probl\u00e8me pour Adam Karabec (au fond), qui s'est charg\u00e9 de faire briller ses deux co\u00e9quipiers jeudi. \" class=\"c-img\" loading=\"lazy\" fetchpriority=\"auto\" width=\"718\"  src=\"https:\/\/img.20mn.fr\/ubAetFm_So2447TlphI4Dik\/718x0-9.474999999999989x13.011132812499993-90.525\" \/>Martin Satriano n&rsquo;a plus marqu\u00e9 depuis avril 2024 et Ruben Kluivert (au premier plan) est en gal\u00e8re depuis son arriv\u00e9e \u00e0 Lyon ? Aucun probl\u00e8me pour Adam Karabec (au fond), qui s&rsquo;est charg\u00e9 de faire briller ses deux co\u00e9quipiers jeudi. \u2002-\u00a0O. Chassignole \/ AFPIl aurait pu finir avec quatre passes d\u00e9 jeudi<\/p>\n<p>La confiance lui a \u00e9t\u00e9 sacr\u00e9ment bien rendue par l\u2019int\u00e9ress\u00e9 jeudi\u00a0: 32 passes r\u00e9ussies sur 36 dont cinq passes cl\u00e9s, parmi lesquelles un centre fouett\u00e9 et t\u00e9l\u00e9guid\u00e9 de grande classe (du gauche cette fois) pour <a href=\"https:\/\/x.com\/OL\/status\/1973882454286147714\" rel=\"nofollow\" target=\"_blank\" class=\"c-link c-link--is-underlined\">le but du break de Ruben Kluivert<\/a> (2-0, 57e). En premi\u00e8re p\u00e9riode, Nicolas Tagliafico et <a href=\"https:\/\/www.20minutes.fr\/sport\/corentin-tolisso\/\" class=\"c-link c-link--is-underlined\" target=\"_blank\" rel=\"noopener\">Corentin Tolisso<\/a> auraient \u00e9galement pu fructifier deux autres offrandes d\u2019Adam Karabec, auteur par ailleurs de deux petits ponts d\u00e9vastateurs le long de la ligne de touche.<\/p>\n<p>OK, le manque de vitesse et de dimension athl\u00e9tique du gaillard risque d\u2019\u00eatre un \u00e9cueil sur toute une saison de <a href=\"https:\/\/www.20minutes.fr\/sport\/ligue-1\/\" class=\"c-link c-link--is-underlined\" target=\"_blank\" rel=\"noopener\">Ligue 1<\/a>. Mais ce joueur a ind\u00e9niablement quelque chose, comme le laissait supposer son encourageant pr\u00eat \u00e0 Hambourg en 2024-2025 (3 buts et 7 passes d\u00e9 en 31 matchs de Bundesliga 2).<\/p>\n<p>\u00ab\u00a0J\u2019essaie de faire des choses sp\u00e9ciales\u00a0\u00bb<\/p>\n<p>\u00ab\u00a0Je pense \u00eatre un joueur technique, indiquait-il lors de <a href=\"https:\/\/www.youtube.com\/watch?v=oyc7vu6h848\" rel=\"nofollow noopener\" target=\"_blank\" class=\"c-link c-link--is-underlined\">sa premi\u00e8re interview pour l\u2019OL<\/a>. J\u2019essaie de faire des choses diff\u00e9rentes, des choses sp\u00e9ciales que les gens n\u2019attendent pas et qui apportent de la joie.\u00a0\u00bb <a href=\"https:\/\/x.com\/Ligue1\/status\/1973772461759173093\" rel=\"nofollow\" target=\"_blank\" class=\"c-link c-link--is-underlined\">Sa passe derri\u00e8re la jambe d\u2019appui<\/a> en direction de Khalis Merah, dimanche dernier \u00e0 Lille (0-1), a dans ce registre \u00e9t\u00e9 un bonbon pour tous les observateurs, et notre Ligue des talents n\u2019a pas manqu\u00e9 de vite la relayer sur ses r\u00e9seaux sociaux.<\/p>\n<\/p>\n<p>Adepte des compilations affolant la toile, <a href=\"https:\/\/www.20minutes.fr\/sport\/football\/ligue_europa\/4146789-20250410-ol-manchester-united-pris-plein-visage-comment-hype-rayan-cherki-enfin-envahi-angleterre\" class=\"c-link c-link--is-underlined\" target=\"_blank\" rel=\"noopener\">le supporteur lyonnais Matolisso<\/a> ne s\u2019y est pas tromp\u00e9 non plus en d\u00e9gainant d\u00e8s 22h52 jeudi <a href=\"https:\/\/x.com\/MatolissoB\/status\/1973853597206262135\" rel=\"nofollow\" target=\"_blank\" class=\"c-link c-link--is-underlined\">les highlights du Tch\u00e8que<\/a> sur son compte X. Fan de <a href=\"https:\/\/www.20minutes.fr\/sport\/neymar\/\" class=\"c-link c-link--is-underlined\" target=\"_blank\" rel=\"noopener\">Neymar<\/a>, lanc\u00e9 dans le monde professionnel par le Sparta Prague \u00e0 16 ans, celui qui se voit davantage comme un meneur de jeu que comme un ailier droit a le profil pour figurer sur le podium des bons coups tomb\u00e9s du ciel de la part de la cellule recrutement de l\u2019OL, aux c\u00f4t\u00e9s de Dominik Greif (ex-Majorque) et de Tyler Morton (ex-Liverpool).<\/p>\n<p><a href=\"https:\/\/www.20minutes.fr\/sport\/ol\/\" class=\"c-link c-btn c-btn--primary\" target=\"_blank\" rel=\"noopener\">Notre dossier sur l&rsquo;OL<\/a><\/p>\n<p>Car surtout, vu qu\u2019il s\u2019agit du <a href=\"https:\/\/www.20minutes.fr\/sport\/football\/ligue-1\/4162953-20250710-ol-plus-difficile-reste-faire-entre-austerite-ambitions-quoi-va-ressembler-avenir-lyon\" class=\"c-link c-link--is-underlined\" target=\"_blank\" rel=\"noopener\">crit\u00e8re vital \u00e0 Lyon depuis cet \u00e9t\u00e9<\/a>\u00a0: l\u2019arriv\u00e9e d\u2019Adam Karabec s\u2019est faite aupr\u00e8s du Sparta Prague via <a href=\"https:\/\/www.ol.fr\/fr\/actualites\/arrivee-d-adam-karabec-en-pret-avec-option-d-achat-jusqu-a-la-fin-de-la-saison\" rel=\"nofollow noopener\" target=\"_blank\" class=\"c-link c-link--is-underlined\">un pr\u00eat payant d\u2019un an pour 300.000 euros<\/a>, avec une option d\u2019achat fix\u00e9e \u00e0 3,5 M\u20ac. On vous l\u2019assure apr\u00e8s v\u00e9rification\u00a0: le pied gauche d\u2019Adam Karabec est compris dans cette transaction inesp\u00e9r\u00e9e, que la direction de l\u2019OL pourrait raisonnablement lever d\u00e8s ce vendredi au petit-d\u00e9jeuner.<\/p>\n","protected":false},"excerpt":{"rendered":"Au Parc OL, \u00ab\u00a0J\u2019ai \u00e9t\u00e9 \u00e9tonn\u00e9 que l\u2019OL fasse venir Karmarec, il a 24 ans, il n\u2019est pas&hellip;\n","protected":false},"author":2,"featured_media":435550,"comment_status":"","ping_status":"","sticky":false,"template":"","format":"standard","meta":{"footnotes":""},"categories":[9],"tags":[2430,63,1011,27,66,5843,2428,2853,2429,2431,517,60,27312],"class_list":{"0":"post-435549","1":"post","2":"type-post","3":"status-publish","4":"format-standard","5":"has-post-thumbnail","7":"category-sports","8":"tag-auvergne-rhone-alpes","9":"tag-football","10":"tag-fr","11":"tag-france","12":"tag-ligue-1","13":"tag-ligue-europa","14":"tag-lyon","15":"tag-olympique-lyonnais-ol","16":"tag-rhone","17":"tag-rhone-alpes","18":"tag-sport","19":"tag-sports","20":"tag-tchequie"},"share_on_mastodon":{"url":"https:\/\/pubeurope.com\/@fr\/115308901416974598","error":""},"_links":{"self":[{"href":"https:\/\/www.europesays.com\/fr\/wp-json\/wp\/v2\/posts\/435549","targetHints":{"allow":["GET"]}}],"collection":[{"href":"https:\/\/www.europesays.com\/fr\/wp-json\/wp\/v2\/posts"}],"about":[{"href":"https:\/\/www.europesays.com\/fr\/wp-json\/wp\/v2\/types\/post"}],"author":[{"embeddable":true,"href":"https:\/\/www.europesays.com\/fr\/wp-json\/wp\/v2\/users\/2"}],"replies":[{"embeddable":true,"href":"https:\/\/www.europesays.com\/fr\/wp-json\/wp\/v2\/comments?post=435549"}],"version-history":[{"count":0,"href":"https:\/\/www.europesays.com\/fr\/wp-json\/wp\/v2\/posts\/435549\/revisions"}],"wp:featuredmedia":[{"embeddable":true,"href":"https:\/\/www.europesays.com\/fr\/wp-json\/wp\/v2\/media\/435550"}],"wp:attachment":[{"href":"https:\/\/www.europesays.com\/fr\/wp-json\/wp\/v2\/media?parent=435549"}],"wp:term":[{"taxonomy":"category","embeddable":true,"href":"https:\/\/www.europesays.com\/fr\/wp-json\/wp\/v2\/categories?post=435549"},{"taxonomy":"post_tag","embeddable":true,"href":"https:\/\/www.europesays.com\/fr\/wp-json\/wp\/v2\/tags?post=435549"}],"curies":[{"name":"wp","href":"https:\/\/api.w.org\/{rel}","templated":true}]}}