{"id":435553,"date":"2025-10-03T06:50:11","date_gmt":"2025-10-03T06:50:11","guid":{"rendered":"https:\/\/www.europesays.com\/fr\/435553\/"},"modified":"2025-10-03T06:50:11","modified_gmt":"2025-10-03T06:50:11","slug":"je-leur-mets-des-couches-dans-le-quotidien-dophelie-qui-a-adopte-trois-faux-bebes-reborn","status":"publish","type":"post","link":"https:\/\/www.europesays.com\/fr\/435553\/","title":{"rendered":"\u00ab\u00a0Je leur mets des couches\u00a0\u00bb\u00a0: dans le quotidien d\u2019Oph\u00e9lie, qui a adopt\u00e9 trois faux \u00ab\u00a0b\u00e9b\u00e9s reborn\u00a0\u00bb"},"content":{"rendered":"<p class=\"paragraph text_align_left lp-f-body-02\">Qu\u2019importe leur mati\u00e8re, ils lui offrent le r\u00f4le de sa vie, celui qu\u2019elle a poursuivi des ann\u00e9es en vain : la possibilit\u00e9 d\u2019\u00eatre m\u00e8re ou d\u2019y jouer, l\u00e0 est l\u2019ambigu\u00eft\u00e9. \u00ab Ce ne sont pas des vrais, mais je les aime comme mes enfants \u00bb, d\u00e9crit la jeune femme qui vit c\u00f4t\u00e9 belge, \u00e0 20 km de Lille (Nord), en \u00e9voquant ces \u00ab b\u00e9b\u00e9s reborn \u00bb (rena\u00eetre, en fran\u00e7ais), poupons ultra-r\u00e9alistes, d\u2019une vraisemblance perturbante, devenus ph\u00e9nom\u00e8ne viral sur les r\u00e9seaux sociaux.<\/p>\n","protected":false},"excerpt":{"rendered":"Qu\u2019importe leur mati\u00e8re, ils lui offrent le r\u00f4le de sa vie, celui qu\u2019elle a poursuivi des ann\u00e9es en&hellip;\n","protected":false},"author":2,"featured_media":435554,"comment_status":"","ping_status":"","sticky":false,"template":"","format":"standard","meta":{"footnotes":""},"categories":[7],"tags":[652,1011,27,43,40,41,39,104,42,44],"class_list":{"0":"post-435553","1":"post","2":"type-post","3":"status-publish","4":"format-standard","5":"has-post-thumbnail","7":"category-sciences-et-technologies","8":"tag-famille","9":"tag-fr","10":"tag-france","11":"tag-science","12":"tag-science-and-technology","13":"tag-sciences","14":"tag-sciences-et-technologies","15":"tag-societe","16":"tag-technologies","17":"tag-technology"},"share_on_mastodon":{"url":"https:\/\/pubeurope.com\/@fr\/115308909228747558","error":""},"_links":{"self":[{"href":"https:\/\/www.europesays.com\/fr\/wp-json\/wp\/v2\/posts\/435553","targetHints":{"allow":["GET"]}}],"collection":[{"href":"https:\/\/www.europesays.com\/fr\/wp-json\/wp\/v2\/posts"}],"about":[{"href":"https:\/\/www.europesays.com\/fr\/wp-json\/wp\/v2\/types\/post"}],"author":[{"embeddable":true,"href":"https:\/\/www.europesays.com\/fr\/wp-json\/wp\/v2\/users\/2"}],"replies":[{"embeddable":true,"href":"https:\/\/www.europesays.com\/fr\/wp-json\/wp\/v2\/comments?post=435553"}],"version-history":[{"count":0,"href":"https:\/\/www.europesays.com\/fr\/wp-json\/wp\/v2\/posts\/435553\/revisions"}],"wp:featuredmedia":[{"embeddable":true,"href":"https:\/\/www.europesays.com\/fr\/wp-json\/wp\/v2\/media\/435554"}],"wp:attachment":[{"href":"https:\/\/www.europesays.com\/fr\/wp-json\/wp\/v2\/media?parent=435553"}],"wp:term":[{"taxonomy":"category","embeddable":true,"href":"https:\/\/www.europesays.com\/fr\/wp-json\/wp\/v2\/categories?post=435553"},{"taxonomy":"post_tag","embeddable":true,"href":"https:\/\/www.europesays.com\/fr\/wp-json\/wp\/v2\/tags?post=435553"}],"curies":[{"name":"wp","href":"https:\/\/api.w.org\/{rel}","templated":true}]}}