{"id":435561,"date":"2025-10-03T06:54:10","date_gmt":"2025-10-03T06:54:10","guid":{"rendered":"https:\/\/www.europesays.com\/fr\/435561\/"},"modified":"2025-10-03T06:54:10","modified_gmt":"2025-10-03T06:54:10","slug":"avant-de-voir-lecornu-le-ps-en-pale-position-liberation","status":"publish","type":"post","link":"https:\/\/www.europesays.com\/fr\/435561\/","title":{"rendered":"avant de voir Lecornu, le PS en\u00a0p\u00e2le position \u2013 Lib\u00e9ration"},"content":{"rendered":"<p class=\"sc-cPiKLX AiZTS text-element\">Sale journ\u00e9e pour le PS. Les socialistes esp\u00e9raient que <a href=\"https:\/\/www.liberation.fr\/economie\/social\/en-direct-mobilisation-du-2-octobre-suivez-la-journee-dactions-et-de-greves-de-ce-jeudi-20251002_GFUGFS2GS5GPHAU5TVAGAZMGBI\/\" target=\"_blank\" rel=\"noreferrer noopener\" title=\"https:\/\/www.liberation.fr\/economie\/social\/en-direct-mobilisation-du-2-octobre-suivez-la-journee-dactions-et-de-greves-de-ce-jeudi-20251002_GFUGFS2GS5GPHAU5TVAGAZMGBI\/\">la mobilisation du 2 octobre<\/a>, lanc\u00e9e par l\u2019intersyndicale, serait d\u2019ampleur, qu\u2019elle leur permettrait d\u2019arriver en position de force ce vendredi matin dans le bureau du <a href=\"https:\/\/www.liberation.fr\/tags\/sebastien-lecornu\/\" target=\"_blank\" rel=\"noreferrer noopener\" title=\"https:\/\/www.liberation.fr\/tags\/sebastien-lecornu\/\">Premier ministre, S\u00e9bastien Lecornu<\/a>. Non seulement les manifestations de part et d\u2019autre du pays ont \u00e9t\u00e9 moins suivies que celles des semaines pr\u00e9c\u00e9dentes, mais, en plus, \u00e7a a chauff\u00e9 pour certains cadres roses dans le cort\u00e8ge parisien. \u00abPS collabo\u00bb, \u00abd\u00e9gagez\u00bb, ont ainsi pu entendre le premier secr\u00e9taire, <a href=\"https:\/\/www.liberation.fr\/tags\/olivier-faure\/\" target=\"_blank\" rel=\"noreferrer noopener\" title=\"https:\/\/www.liberation.fr\/tags\/olivier-faure\/\">Olivier Faure<\/a>, et le chef de file des d\u00e9put\u00e9s, <a href=\"https:\/\/www.liberation.fr\/tags\/boris-vallaud\/\" target=\"_blank\" rel=\"noreferrer noopener\" title=\"https:\/\/www.liberation.fr\/tags\/boris-vallaud\/\">Boris Vallaud<\/a>, dans la capitale. Si seulement ils \u00e9taient aussi bien <\/p>\n","protected":false},"excerpt":{"rendered":"Sale journ\u00e9e pour le PS. Les socialistes esp\u00e9raient que la mobilisation du 2 octobre, lanc\u00e9e par l\u2019intersyndicale, serait&hellip;\n","protected":false},"author":2,"featured_media":435562,"comment_status":"","ping_status":"","sticky":false,"template":"","format":"standard","meta":{"footnotes":""},"categories":[2],"tags":[11,6219,1011,27,12,4393,429,11067],"class_list":{"0":"post-435561","1":"post","2":"type-post","3":"status-publish","4":"format-standard","5":"has-post-thumbnail","7":"category-actualites","8":"tag-actualites","9":"tag-boris-vallaud","10":"tag-fr","11":"tag-france","12":"tag-news","13":"tag-olivier-faure","14":"tag-ps","15":"tag-sebastien-lecornu"},"share_on_mastodon":{"url":"https:\/\/pubeurope.com\/@fr\/115308925069451621","error":""},"_links":{"self":[{"href":"https:\/\/www.europesays.com\/fr\/wp-json\/wp\/v2\/posts\/435561","targetHints":{"allow":["GET"]}}],"collection":[{"href":"https:\/\/www.europesays.com\/fr\/wp-json\/wp\/v2\/posts"}],"about":[{"href":"https:\/\/www.europesays.com\/fr\/wp-json\/wp\/v2\/types\/post"}],"author":[{"embeddable":true,"href":"https:\/\/www.europesays.com\/fr\/wp-json\/wp\/v2\/users\/2"}],"replies":[{"embeddable":true,"href":"https:\/\/www.europesays.com\/fr\/wp-json\/wp\/v2\/comments?post=435561"}],"version-history":[{"count":0,"href":"https:\/\/www.europesays.com\/fr\/wp-json\/wp\/v2\/posts\/435561\/revisions"}],"wp:featuredmedia":[{"embeddable":true,"href":"https:\/\/www.europesays.com\/fr\/wp-json\/wp\/v2\/media\/435562"}],"wp:attachment":[{"href":"https:\/\/www.europesays.com\/fr\/wp-json\/wp\/v2\/media?parent=435561"}],"wp:term":[{"taxonomy":"category","embeddable":true,"href":"https:\/\/www.europesays.com\/fr\/wp-json\/wp\/v2\/categories?post=435561"},{"taxonomy":"post_tag","embeddable":true,"href":"https:\/\/www.europesays.com\/fr\/wp-json\/wp\/v2\/tags?post=435561"}],"curies":[{"name":"wp","href":"https:\/\/api.w.org\/{rel}","templated":true}]}}