{"id":435578,"date":"2025-10-03T07:04:36","date_gmt":"2025-10-03T07:04:36","guid":{"rendered":"https:\/\/www.europesays.com\/fr\/435578\/"},"modified":"2025-10-03T07:04:36","modified_gmt":"2025-10-03T07:04:36","slug":"rouen-il-se-fait-rouer-de-coups-devant-le-chu-trois-personnes-arretees","status":"publish","type":"post","link":"https:\/\/www.europesays.com\/fr\/435578\/","title":{"rendered":"Rouen. Il se fait rouer de coups devant le CHU, trois personnes arr\u00eat\u00e9es"},"content":{"rendered":"<p melodystyle=\"texte\">Un homme de 40 ans s&rsquo;est retrouv\u00e9 aux urgences apr\u00e8s s&rsquo;\u00eatre fait rouer de coups pr\u00e8s du CHU de Rouen, mercredi 1er\u00a0octobre vers 1h30. Il souffre d&rsquo;un \u0153il tum\u00e9fi\u00e9 et d&rsquo;un nez cass\u00e9.<\/p>\n<p melodystyle=\"texte\">\u2022 <b>A lire aussi.<\/b>\u00a0<a href=\"https:\/\/www.tendanceouest.com\/actualite-432593-caen-des-coups-de-feu-survenus-quai-vendeuvre-une-enquete-est-ouverte\" target=\"_blank\" rel=\"nofollow noopener\">Caen. Des coups de feu survenus quai Vendeuvre, une enqu\u00eate est ouverte<\/a><\/p>\n<p>Deux femmes et un homme<\/p>\n<p melodystyle=\"texte\">La police a \u00e9t\u00e9 alert\u00e9e par le service de s\u00e9curit\u00e9 du CHU. Les agents de s\u00e9curit\u00e9 retenaient trois personnes, un homme de 41 ans et deux femmes de 23 et 17 ans. Un t\u00e9moin a pu d\u00e9crire l&rsquo;agression aux forces de l&rsquo;ordre. Les agresseurs de la victime se trouvaient \u00e0 hauteur de l&rsquo;arr\u00eat TEOR en face de la maternit\u00e9. Les trois agresseurs filmaient la victime tout en se moquant d&rsquo;elle. Ils ont fini par le frapper. L&rsquo;homme l&rsquo;a fait chuter au sol alors qu&rsquo;une des jeunes filles lui a port\u00e9 plusieurs coups de pied en criant \u00ab\u00a0penalty\u00a0\u00bb.<\/p>\n","protected":false},"excerpt":{"rendered":"Un homme de 40 ans s&rsquo;est retrouv\u00e9 aux urgences apr\u00e8s s&rsquo;\u00eatre fait rouer de coups pr\u00e8s du CHU&hellip;\n","protected":false},"author":2,"featured_media":435579,"comment_status":"","ping_status":"","sticky":false,"template":"","format":"standard","meta":{"footnotes":""},"categories":[9587],"tags":[1111,11,1777,674,1011,27,12,5161,25,9590],"class_list":{"0":"post-435578","1":"post","2":"type-post","3":"status-publish","4":"format-standard","5":"has-post-thumbnail","7":"category-rouen","8":"tag-actu","9":"tag-actualites","10":"tag-eu","11":"tag-europe","12":"tag-fr","13":"tag-france","14":"tag-news","15":"tag-normandie","16":"tag-republique-francaise","17":"tag-rouen"},"share_on_mastodon":{"url":"https:\/\/pubeurope.com\/@fr\/115308964346305428","error":""},"_links":{"self":[{"href":"https:\/\/www.europesays.com\/fr\/wp-json\/wp\/v2\/posts\/435578","targetHints":{"allow":["GET"]}}],"collection":[{"href":"https:\/\/www.europesays.com\/fr\/wp-json\/wp\/v2\/posts"}],"about":[{"href":"https:\/\/www.europesays.com\/fr\/wp-json\/wp\/v2\/types\/post"}],"author":[{"embeddable":true,"href":"https:\/\/www.europesays.com\/fr\/wp-json\/wp\/v2\/users\/2"}],"replies":[{"embeddable":true,"href":"https:\/\/www.europesays.com\/fr\/wp-json\/wp\/v2\/comments?post=435578"}],"version-history":[{"count":0,"href":"https:\/\/www.europesays.com\/fr\/wp-json\/wp\/v2\/posts\/435578\/revisions"}],"wp:featuredmedia":[{"embeddable":true,"href":"https:\/\/www.europesays.com\/fr\/wp-json\/wp\/v2\/media\/435579"}],"wp:attachment":[{"href":"https:\/\/www.europesays.com\/fr\/wp-json\/wp\/v2\/media?parent=435578"}],"wp:term":[{"taxonomy":"category","embeddable":true,"href":"https:\/\/www.europesays.com\/fr\/wp-json\/wp\/v2\/categories?post=435578"},{"taxonomy":"post_tag","embeddable":true,"href":"https:\/\/www.europesays.com\/fr\/wp-json\/wp\/v2\/tags?post=435578"}],"curies":[{"name":"wp","href":"https:\/\/api.w.org\/{rel}","templated":true}]}}