{"id":435584,"date":"2025-10-03T07:07:48","date_gmt":"2025-10-03T07:07:48","guid":{"rendered":"https:\/\/www.europesays.com\/fr\/435584\/"},"modified":"2025-10-03T07:07:48","modified_gmt":"2025-10-03T07:07:48","slug":"un-acte-de-grande-lachete","status":"publish","type":"post","link":"https:\/\/www.europesays.com\/fr\/435584\/","title":{"rendered":"un acte de grande l\u00e2chet\u00e9"},"content":{"rendered":"<p>\t\t\t\t\t\t\t\t\t\t<a itemprop=\"url\" class=\"bsac-link\" href=\"https:\/\/padelbusinessclub.fr\/\" target=\"_blank\" rel=\"noopener\"><img decoding=\"async\" class=\"bsac-image\" src=\"https:\/\/www.europesays.com\/fr\/wp-content\/uploads\/2025\/10\/BANDEAU.gif\" alt=\"padel\"\/><\/a><\/p>\n<p>Dans la nuit du dimanche 28 au lundi 29 septembre, apr\u00e8s minuit, un ou plusieurs individus ont pris pour cible la librairie Le Failler, rue Saint-Georges, \u00e0 Rennes. La vitrine a \u00e9t\u00e9 frapp\u00e9e \u00e0 une dizaine de reprises, laissant des impacts d\u00e9sormais cach\u00e9s derri\u00e8re de grands panneaux en bois. Sur place, un potelet en m\u00e9tal a \u00e9t\u00e9 retrouv\u00e9 : il aurait servi \u00e0 commettre les d\u00e9gradations.<\/p>\n<p><a class=\"slide-gallery-image-link\" title=\"1\" href=\"https:\/\/www.europesays.com\/fr\/wp-content\/uploads\/2025\/10\/1-10.jpg\" data-caption=\"Photos JCC. \" data-description=\"\"><img decoding=\"async\" class=\"td-animation-stack-type0-2\" src=\"https:\/\/www.europesays.com\/fr\/wp-content\/uploads\/2025\/10\/1-10.jpg\"   alt=\"\"\/><\/a><\/p>\n<p>Photos JCC.<\/p>\n<p><a class=\"slide-gallery-image-link\" title=\"2\" href=\"https:\/\/www.europesays.com\/fr\/wp-content\/uploads\/2025\/10\/2-9.jpg\" data-caption=\"\" data-description=\"\"><img decoding=\"async\" class=\"td-animation-stack-type0-2\" src=\"https:\/\/www.europesays.com\/fr\/wp-content\/uploads\/2025\/10\/2-9.jpg\"   alt=\"\"\/><\/a><\/p>\n<p>La police municipale est intervenue dans la matin\u00e9e pour constater les faits. Une plainte va \u00eatre d\u00e9pos\u00e9e, le pr\u00e9judice \u00e9tant jug\u00e9 important. \u00ab\u2009C\u2019est du vandalisme, tr\u00e8s clairement\u2009\u00bb, r\u00e9agit Dominique Fredj, directeur du lieu. \u00ab\u2009Je ne crois pas \u00e0 une tentative d\u2019intrusion o\u00f9 alors ils ne sont pas tr\u00e8s malins\u2009! Je suis \u00e9tonn\u00e9 et en m\u00eame temps presque inquiet dans la mesure o\u00f9 s\u2019attaquer \u00e0 la vitrine d\u2019une librairie, d\u2019une structure culturelle ou encore d\u2019un journal, c\u2019est rare et cela a un sens. Depuis seize ans que j\u2019habite Rennes, je crois qu\u2019\u00e0 aucun moment aucune librairie n\u2019a \u00e9t\u00e9 de cette mani\u00e8re agress\u00e9e. Il y a une \u00e9tape qui vient d\u2019\u00eatre pass\u00e9e.\u2009\u00bb<\/p>\n<blockquote>\n<p>BIEN S\u00dbR QUE NOUS SOMMES TRAUMATIS\u00c9S, HEUREUSEMENT, IL N\u2019Y A PAS EU DE PERSONNES BLESS\u00c9ES ET IL N\u2019Y A PAS EU DE VIOLENCE.\u2009\u00bb<\/p>\n<\/blockquote>\n<p>Le responsable s\u2019interroge sur le sens d\u2019un tel geste. \u00ab\u2009On ne comprend pas. Cette vitrine met en valeur le polar et la BD. Il n\u2019y avait rien de pol\u00e9mique. J\u2019ai le sentiment qu\u2019il y a eu un v\u00e9ritable acharnement.\u2009\u00bb Tr\u00e8s marqu\u00e9, Dominique Fredj insiste aussi sur la port\u00e9e symbolique. \u00ab\u2009Le fait de toucher \u00e0 une librairie, c\u2019est frapper \u00e0 la libert\u00e9 d\u2019expression et de pens\u00e9e. Parlons clair : c\u2019est un acte d\u2019une grande l\u00e2chet\u00e9. Parfois, des clients m\u00e9contents nous \u00e9crivent sur tel ou tel ouvrage et nous leur r\u00e9pondons. Il y a un \u00e9change en direct. Ici, nous ne sommes pas dans le m\u00eame contexte, ils ont attendu le fin fond de la nuit pour casser une vitrine et un symbole.\u2009\u00bb<\/p>\n<p>\u00c0 deux pas de l\u00e0, place du Parlement, un magasin de v\u00eatements est d\u00e9j\u00e0 prot\u00e9g\u00e9 par des panneaux pour se pr\u00e9munir contre les d\u00e9gradations en marge de manifestations. De quoi inqui\u00e9ter les riverains. \u00ab\u2009Devra-t-on en arriver l\u00e0 pour tous les commerces du centre-ville\u2009?\u2009\u00bb, s\u2019interroge l\u2019un d\u2019eux. La librairie, institution rennaise, reste ouverte et continue d\u2019accueillir ses nombreux lecteurs.<\/p>\n<p><img loading=\"lazy\" decoding=\"async\" class=\"size-medium wp-image-105782 td-animation-stack-type0-2\" src=\"https:\/\/www.europesays.com\/fr\/wp-content\/uploads\/2025\/10\/4-6-600x408.jpg\"   alt=\"\" width=\"600\" height=\"408\" data-wp-pid=\"105782\"\/>Dominique Fredj, le libraire.<br \/>\n<a itemprop=\"url\" class=\"bsac-link\" href=\"https:\/\/padelbusinessclub.fr\/\" target=\"_blank\" rel=\"noopener\"><img decoding=\"async\" class=\"bsac-image\" src=\"https:\/\/www.europesays.com\/fr\/wp-content\/uploads\/2025\/10\/BANDEAU.gif\" alt=\"padel\"\/><\/a>\t\t\t\t\t\t\t\t\t<\/p>\n","protected":false},"excerpt":{"rendered":"Dans la nuit du dimanche 28 au lundi 29 septembre, apr\u00e8s minuit, un ou plusieurs individus ont pris&hellip;\n","protected":false},"author":2,"featured_media":435585,"comment_status":"","ping_status":"","sticky":false,"template":"","format":"standard","meta":{"footnotes":""},"categories":[2821],"tags":[1111,11,829,1777,674,1011,27,12,584,25],"class_list":{"0":"post-435584","1":"post","2":"type-post","3":"status-publish","4":"format-standard","5":"has-post-thumbnail","7":"category-rennes","8":"tag-actu","9":"tag-actualites","10":"tag-bretagne","11":"tag-eu","12":"tag-europe","13":"tag-fr","14":"tag-france","15":"tag-news","16":"tag-rennes","17":"tag-republique-francaise"},"share_on_mastodon":{"url":"https:\/\/pubeurope.com\/@fr\/115308980442152460","error":""},"_links":{"self":[{"href":"https:\/\/www.europesays.com\/fr\/wp-json\/wp\/v2\/posts\/435584","targetHints":{"allow":["GET"]}}],"collection":[{"href":"https:\/\/www.europesays.com\/fr\/wp-json\/wp\/v2\/posts"}],"about":[{"href":"https:\/\/www.europesays.com\/fr\/wp-json\/wp\/v2\/types\/post"}],"author":[{"embeddable":true,"href":"https:\/\/www.europesays.com\/fr\/wp-json\/wp\/v2\/users\/2"}],"replies":[{"embeddable":true,"href":"https:\/\/www.europesays.com\/fr\/wp-json\/wp\/v2\/comments?post=435584"}],"version-history":[{"count":0,"href":"https:\/\/www.europesays.com\/fr\/wp-json\/wp\/v2\/posts\/435584\/revisions"}],"wp:featuredmedia":[{"embeddable":true,"href":"https:\/\/www.europesays.com\/fr\/wp-json\/wp\/v2\/media\/435585"}],"wp:attachment":[{"href":"https:\/\/www.europesays.com\/fr\/wp-json\/wp\/v2\/media?parent=435584"}],"wp:term":[{"taxonomy":"category","embeddable":true,"href":"https:\/\/www.europesays.com\/fr\/wp-json\/wp\/v2\/categories?post=435584"},{"taxonomy":"post_tag","embeddable":true,"href":"https:\/\/www.europesays.com\/fr\/wp-json\/wp\/v2\/tags?post=435584"}],"curies":[{"name":"wp","href":"https:\/\/api.w.org\/{rel}","templated":true}]}}