{"id":435588,"date":"2025-10-03T07:09:11","date_gmt":"2025-10-03T07:09:11","guid":{"rendered":"https:\/\/www.europesays.com\/fr\/435588\/"},"modified":"2025-10-03T07:09:11","modified_gmt":"2025-10-03T07:09:11","slug":"strasbourg-ces-habitants-refusent-la-construction-de-trois-immeubles-pres-de-chez-eux-cest-deja-sature","status":"publish","type":"post","link":"https:\/\/www.europesays.com\/fr\/435588\/","title":{"rendered":"Strasbourg. Ces habitants refusent la construction de trois immeubles pr\u00e8s de chez eux : \u00ab\u00a0C&rsquo;est d\u00e9j\u00e0 satur\u00e9\u00a0\u00bb"},"content":{"rendered":"<p>            Par<br \/>\n        <strong><br \/>\n            <a href=\"https:\/\/actu.fr\/auteur\/thomas-blanc\" title=\"Consulter tous les articles de Thomas Blanc\" target=\"_blank\" rel=\"noopener\">Thomas Blanc<\/a><br \/>\n        <\/strong><\/p>\n<p>        Publi\u00e9 le<\/p>\n<p>            2 oct. 2025 \u00e0 14h22        <\/p>\n<p>Dans le cadre du <a href=\"https:\/\/www.strasbourg.eu\/2eme-programme-renouvellement-urbain-eurometropole-strasbourg\" target=\"_blank\" rel=\"noopener\">Nouveau programme national de renouvellement urbain (NPNRU)<\/a>, l\u2019<a href=\"https:\/\/actu.fr\/tag\/eurometropole-de-strasbourg\" target=\"_blank\" rel=\"noopener\">Eurom\u00e9tropole de Strasbourg<\/a> cherche des terrains pour faire construire les 1 180 logements sociaux qu\u2019elle doit faire sortir de terre pour compenser les 1 211 logements d\u00e9molis. Pour cela, elle a entrepris de construire <strong>75 nouveaux logements sociaux <\/strong>sur un terrain de <strong>plusieurs milliers de m\u00e8tres carr\u00e9s<\/strong> rue Cerf-Berr, <strong>aux Poteries<\/strong>, dans l\u2019ouest de <a href=\"https:\/\/actu.fr\/strasbourg\/\" target=\"_blank\" rel=\"noopener\">Strasbourg<\/a>. Les habitants tentent de s\u2019organiser pour faire annuler le projet de construction.<\/p>\n<p>Un projet de logements sociaux aux Poteries qui ne passe pas<\/p>\n<p class=\" wall-content\">Ce projet est n\u00e9 apr\u00e8s l\u2019abandon de l\u2019id\u00e9e de d\u00e9dier cette parcelle de terrain \u00e0 l\u2019installation d\u2019<strong>un coll\u00e8ge<\/strong>. La d\u00e9cision a \u00e9t\u00e9 prise par la mairie de construire <strong>trois immeubles<\/strong> allant de trois \u00e0 sept niveaux.<\/p>\n<p class=\" wall-content\">\u00ab\u2009Une nouvelle construction dans ce quartier ultra-satur\u00e9 et b\u00e9tonn\u00e9 <strong>apporterait de nouveaux probl\u00e8mes<\/strong>\u2009\u00bb, soutient Mourad Lahmer, \u00e0 l\u2019origine d\u2019<a href=\"https:\/\/participer.strasbourg.eu\/web\/participer\/detail-petition\/-\/entity\/id\/543905220?fbclid=IwY2xjawNLNSRleHRuA2FlbQIxMQBicmlkETBVMVRKeGphR3Jqb2ZyZHViAR59jEAAv1xDkEpQPacvXFAhsnP5nE9R_bWy_WJztbQmhedGMvbI9fZWArbIcA_aem__u6hMGIb9PIeVPZZPTDY0g\" target=\"_blank\" rel=\"noopener\">une p\u00e9tition qui rassemble d\u00e9j\u00e0 400 signataires<\/a> et dont le but est d\u2019<strong>interpeller la mairie<\/strong> sur ce sujet.<\/p>\n<p>Une consultation de la population r\u00e9clam\u00e9e<\/p>\n<p class=\" wall-content\">Alain et Josiane, rencontr\u00e9s \u00e0 proximit\u00e9 imm\u00e9diate du terrain en question, s\u2019opposent \u00e9galement \u00e0 ce projet mais pour des raisons li\u00e9es \u00e0 la circulation. \u00ab<strong>\u2009Le stationnement est d\u00e9j\u00e0 satur\u00e9<\/strong> et construire 75 logements c\u2019est ajouter autant de v\u00e9hicules\u2009\u00bb, regrettent-ils.<\/p>\n<p class=\" wall-content\">Les habitants d\u00e9plorent que le projet n\u2019ait pas \u00e9t\u00e9 discut\u00e9 avec les habitants. Ils demandent \u00ab\u2009une <strong>consultation citoyenne<\/strong> pour statuer sur l\u2019avenir de ce terrain.\u2009\u00bb\u00a0<\/p>\n<p>Les Poteries, un quartier \u00e0 r\u00e9habiliter<\/p>\n<p class=\" wall-content\">Suzanne Brolly, adjointe \u00e0 la maire en charge de la gestion du patrimoine non b\u00e2ti de la ville, pr\u00e9cise qu\u2019une assembl\u00e9e de quartier a bien eu lieu et clarifie la situation pour Actu Strasbourg. \u00ab\u2009Le projet de logement n\u2019occupe que <strong>45\u2009% de la parcelle<\/strong> que l\u2019on a rep\u00e9r\u00e9e. Pour ce qui est des 65\u2009% restants, les habitants seront consult\u00e9s pour d\u00e9terminer ce que l\u2019on y fera.\u2009\u00bb<\/p>\n<p class=\" wall-content\">Elle explique \u00e9galement que le projet doit prendre place dans une ambition plus large de \u00ab\u2009r\u00e9habiliter le quartier des Poteries, vieux de 30\u00a0ans.\u2009\u00bb Des jardins partag\u00e9s et des nouvelles all\u00e9es pi\u00e9tonnes et v\u00e9g\u00e9talis\u00e9es sont ainsi pr\u00e9vus.<\/p>\n<p class=\" wall-content\">Personnalisez votre actualit\u00e9 en ajoutant vos villes et m\u00e9dias en favori avec <a href=\"https:\/\/moncompte.actu.fr\" title=\"D\u00e9couvez Mon Actu\" rel=\"nofollow noopener\" data-trk=\"{&quot;cta&quot;:{&quot;action&quot;:&quot;https:\\\/\\\/moncompte.actu.fr&quot;,&quot;category&quot;:&quot;mon compte&quot;,&quot;from&quot;:&quot;article footer&quot;,&quot;name&quot;:&quot;Mon actu&quot;,&quot;type&quot;:&quot;cta&quot;}}\" target=\"_blank\">Mon Actu<\/a>.<\/p>\n","protected":false},"excerpt":{"rendered":"Par Thomas Blanc Publi\u00e9 le 2 oct. 2025 \u00e0 14h22 Dans le cadre du Nouveau programme national de&hellip;\n","protected":false},"author":2,"featured_media":435589,"comment_status":"","ping_status":"","sticky":false,"template":"","format":"standard","meta":{"footnotes":""},"categories":[2820],"tags":[1111,11,1777,5342,674,1011,27,775,1908,6459,12,25,104,640],"class_list":{"0":"post-435588","1":"post","2":"type-post","3":"status-publish","4":"format-standard","5":"has-post-thumbnail","7":"category-strasbourg","8":"tag-actu","9":"tag-actualites","10":"tag-eu","11":"tag-eurometropole-de-strasbourg","12":"tag-europe","13":"tag-fr","14":"tag-france","15":"tag-grand-est","16":"tag-logement","17":"tag-logements-sociaux","18":"tag-news","19":"tag-republique-francaise","20":"tag-societe","21":"tag-strasbourg"},"share_on_mastodon":{"url":"https:\/\/pubeurope.com\/@fr\/115308983990530130","error":""},"_links":{"self":[{"href":"https:\/\/www.europesays.com\/fr\/wp-json\/wp\/v2\/posts\/435588","targetHints":{"allow":["GET"]}}],"collection":[{"href":"https:\/\/www.europesays.com\/fr\/wp-json\/wp\/v2\/posts"}],"about":[{"href":"https:\/\/www.europesays.com\/fr\/wp-json\/wp\/v2\/types\/post"}],"author":[{"embeddable":true,"href":"https:\/\/www.europesays.com\/fr\/wp-json\/wp\/v2\/users\/2"}],"replies":[{"embeddable":true,"href":"https:\/\/www.europesays.com\/fr\/wp-json\/wp\/v2\/comments?post=435588"}],"version-history":[{"count":0,"href":"https:\/\/www.europesays.com\/fr\/wp-json\/wp\/v2\/posts\/435588\/revisions"}],"wp:featuredmedia":[{"embeddable":true,"href":"https:\/\/www.europesays.com\/fr\/wp-json\/wp\/v2\/media\/435589"}],"wp:attachment":[{"href":"https:\/\/www.europesays.com\/fr\/wp-json\/wp\/v2\/media?parent=435588"}],"wp:term":[{"taxonomy":"category","embeddable":true,"href":"https:\/\/www.europesays.com\/fr\/wp-json\/wp\/v2\/categories?post=435588"},{"taxonomy":"post_tag","embeddable":true,"href":"https:\/\/www.europesays.com\/fr\/wp-json\/wp\/v2\/tags?post=435588"}],"curies":[{"name":"wp","href":"https:\/\/api.w.org\/{rel}","templated":true}]}}