{"id":435621,"date":"2025-10-03T07:26:12","date_gmt":"2025-10-03T07:26:12","guid":{"rendered":"https:\/\/www.europesays.com\/fr\/435621\/"},"modified":"2025-10-03T07:26:12","modified_gmt":"2025-10-03T07:26:12","slug":"yvelines-tv78-lance-top-actu-locale","status":"publish","type":"post","link":"https:\/\/www.europesays.com\/fr\/435621\/","title":{"rendered":"Yvelines tv78 lance \u201ctop, actu locale\u201d"},"content":{"rendered":"<p><img loading=\"lazy\" decoding=\"async\" alt=\"DR - \u201ctop, actu locale\u201d entend rendre l\u2019information locale vivante.\u00a0\" data-zoom-src=\"https:\/\/www.europesays.com\/fr\/wp-content\/uploads\/2025\/10\/initial-top-actu-locale.jpg\" data-zoomable=\"\" height=\"702\" src=\"https:\/\/www.europesays.com\/fr\/wp-content\/uploads\/2025\/10\/initial-top-actu-locale.jpg\" width=\"1248\"\/>  <\/p>\n<p class=\"article-desc\">DR &#8211; \u201ctop, actu locale\u201d entend rendre l\u2019information locale vivante.\u00a0 <\/p>\n<p>Apr\u00e8s plus de trente ans d\u2019exp\u00e9rience dans l\u2019actu locale d\u00e9partementale, <strong>tv78<\/strong>, <strong>M\u00e9dia de l\u2019Ouest parisien<\/strong> \u00e9largit son horizon en lan\u00e7ant \u201c<strong>top, actu locale<\/strong>\u201d. Ce nouvel outil entend proposer une<strong> information de proximit\u00e9<\/strong>, utile et accessible, \u00e0 travers diff\u00e9rents formats, qu\u2019il s\u2019agisse de vid\u00e9os, d\u2019articles, de podcasts ou encore de contenus courts pour les r\u00e9seaux sociaux. <\/p>\n<p>Alors que tv78 reste d\u00e9di\u00e9 au territoire yvelinois, \u201ctop, actu locale\u201d peut se d\u00e9ployer partout en France, en proposant sur une offre cl\u00e9 en main int\u00e9grant site web, diffusion en direct et animation des <strong>r\u00e9seaux sociaux<\/strong>. L\u2019objectif est de fournir aux collectivit\u00e9s \u201cune solution simple et efficace\u201d pour valoriser leurs initiatives et renforcer la visibilit\u00e9 de leurs projets. <\/p>\n<p> Les programmes de \u00ab\u00a0top, actu locale\u00a0\u00bb <\/p>\n<p>Fort de son exp\u00e9rience au niveau local, ce nouveau m\u00e9dia entend diffuser une \u201cinformation r\u00e9active et connect\u00e9e\u201d aux habitants en phase avec les enjeux locaux, qu\u2019il s\u2019agisse de culture, de sport, d\u2019environnement ou d\u2019initiatives citoyennes.\u00a0 <\/p>\n<p>Parmi les programmes de <strong>\u201ctop, actu locale\u201d<\/strong>, <strong>\u201cLe Grand Journal des Territoires\u201d <\/strong>propose un panorama de l\u2019actualit\u00e9 locale nationale, \u201c\u00c9co-R\u00e9gions\u201d met en lumi\u00e8re des initiatives \u00e9conomiques et \u00e9cologiques, \u201cCaf\u00e9 Politique\u201d donne la parole aux \u00e9lus locaux, \u201cPause Nature\u201d valorise le patrimoine naturel, \u201cAvec les yeux de Morgane\u201d sensibilise au handicap\u2026\u00a0 <\/p>\n","protected":false},"excerpt":{"rendered":"DR &#8211; \u201ctop, actu locale\u201d entend rendre l\u2019information locale vivante.\u00a0 Apr\u00e8s plus de trente ans d\u2019exp\u00e9rience dans l\u2019actu&hellip;\n","protected":false},"author":2,"featured_media":435622,"comment_status":"","ping_status":"","sticky":false,"template":"","format":"standard","meta":{"footnotes":""},"categories":[1592],"tags":[1111,11,9646,1777,674,1011,27,662,12,626,25],"class_list":{"0":"post-435621","1":"post","2":"type-post","3":"status-publish","4":"format-standard","5":"has-post-thumbnail","7":"category-ile-de-france","8":"tag-actu","9":"tag-actualites","10":"tag-audiovisuel","11":"tag-eu","12":"tag-europe","13":"tag-fr","14":"tag-france","15":"tag-ile-de-france","16":"tag-news","17":"tag-paris","18":"tag-republique-francaise"},"share_on_mastodon":{"url":"https:\/\/pubeurope.com\/@fr\/115309051031350102","error":""},"_links":{"self":[{"href":"https:\/\/www.europesays.com\/fr\/wp-json\/wp\/v2\/posts\/435621","targetHints":{"allow":["GET"]}}],"collection":[{"href":"https:\/\/www.europesays.com\/fr\/wp-json\/wp\/v2\/posts"}],"about":[{"href":"https:\/\/www.europesays.com\/fr\/wp-json\/wp\/v2\/types\/post"}],"author":[{"embeddable":true,"href":"https:\/\/www.europesays.com\/fr\/wp-json\/wp\/v2\/users\/2"}],"replies":[{"embeddable":true,"href":"https:\/\/www.europesays.com\/fr\/wp-json\/wp\/v2\/comments?post=435621"}],"version-history":[{"count":0,"href":"https:\/\/www.europesays.com\/fr\/wp-json\/wp\/v2\/posts\/435621\/revisions"}],"wp:featuredmedia":[{"embeddable":true,"href":"https:\/\/www.europesays.com\/fr\/wp-json\/wp\/v2\/media\/435622"}],"wp:attachment":[{"href":"https:\/\/www.europesays.com\/fr\/wp-json\/wp\/v2\/media?parent=435621"}],"wp:term":[{"taxonomy":"category","embeddable":true,"href":"https:\/\/www.europesays.com\/fr\/wp-json\/wp\/v2\/categories?post=435621"},{"taxonomy":"post_tag","embeddable":true,"href":"https:\/\/www.europesays.com\/fr\/wp-json\/wp\/v2\/tags?post=435621"}],"curies":[{"name":"wp","href":"https:\/\/api.w.org\/{rel}","templated":true}]}}