{"id":435623,"date":"2025-10-03T07:27:09","date_gmt":"2025-10-03T07:27:09","guid":{"rendered":"https:\/\/www.europesays.com\/fr\/435623\/"},"modified":"2025-10-03T07:27:09","modified_gmt":"2025-10-03T07:27:09","slug":"trafic-au-ralenti-sur-les-routes-de-paris-et-dile-de-france-les-embouteillages-senvolent","status":"publish","type":"post","link":"https:\/\/www.europesays.com\/fr\/435623\/","title":{"rendered":"Trafic au ralenti sur les routes de Paris et d&rsquo;\u00cele-de-France : les embouteillages s&rsquo;envolent"},"content":{"rendered":"<p>            Par<br \/>\n        <strong><br \/>\n            <a href=\"https:\/\/actu.fr\/auteur\/redaction-paris\" title=\"Consulter tous les articles de R\u00e9daction Paris\" rel=\"nofollow noopener\" target=\"_blank\">R\u00e9daction Paris<\/a><br \/>\n        <\/strong><\/p>\n<p>        Publi\u00e9 le<\/p>\n<p>            3 oct. 2025 \u00e0 8h42        <\/p>\n<p>C\u2019est une veille de week-end qui va tester la patience des automobilistes. Ce vendredi 3 octobre 2025, la <a href=\"https:\/\/actu.fr\/tag\/circulation\" rel=\"nofollow noopener\" target=\"_blank\">circulation<\/a> sur les routes de Paris et d\u2019\u00cele-de-France est difficile. Le cumul des <strong>bouchons<\/strong> d\u00e9passe la moyenne.<\/p>\n<p>Des accidents et des pannes<\/p>\n<p class=\" wall-content\">Selon le barom\u00e8tre de Sytadin.fr, les embouteillages atteignent <strong>227 kilom\u00e8tres<\/strong> \u00e0 8h25. En temps normal, ils se situent aux alentours de 110 kilom\u00e8tres. Si les conditions m\u00e9t\u00e9orologiques expliquent souvent les ralentissements, ce n\u2019est pas le cas ce vendredi o\u00f9 les nuages sont pr\u00e9sents mais pas la pluie.\u00a0<\/p>\n<p class=\" wall-content\">Quelques incidents sont r\u00e9pertori\u00e9s :\u00a0<\/p>\n<p class=\" wall-content\">\u2013 Sur l\u2019<strong>A4<\/strong> dans le sens province \u2013 Paris : accident impliquant deux v\u00e9hicules l\u00e9gers et une moto. La voie de gauche est ferm\u00e9e<\/p>\n<p class=\" wall-content\">\u2013 Sur l\u2019<strong>A3<\/strong> dans le sens province \u2013 Paris : v\u00e9hicule l\u00e9ger \u00e0 Aulnay. La bande d\u2019arr\u00eat d\u2019urgence est ferm\u00e9e<\/p>\n<p class=\" wall-content\">\u2013 Sur l\u2019<strong>A4<\/strong> et l\u2019<strong>A86<\/strong> : v\u00e9hicule l\u00e9ger en panne \u00e0 Saint-Maurice. Sur les deux voies, la bande d\u2019arr\u00eat d\u2019urgence est ferm\u00e9e<\/p>\n<p class=\" wall-content\">\u2013 Sur l\u2019<strong>A15<\/strong> dans le sens province \u2013 Paris : un bus est en panne.\u00a0La bande d\u2019arr\u00eat d\u2019urgence est ferm\u00e9e<\/p>\n<p class=\" wall-content\">Personnalisez votre actualit\u00e9 en ajoutant vos villes et m\u00e9dias en favori avec <a href=\"https:\/\/moncompte.actu.fr\" title=\"D\u00e9couvez Mon Actu\" rel=\"nofollow noopener\" data-trk=\"{&quot;cta&quot;:{&quot;action&quot;:&quot;https:\\\/\\\/moncompte.actu.fr&quot;,&quot;category&quot;:&quot;mon compte&quot;,&quot;from&quot;:&quot;article footer&quot;,&quot;name&quot;:&quot;Mon actu&quot;,&quot;type&quot;:&quot;cta&quot;}}\" target=\"_blank\">Mon Actu<\/a>.<\/p>\n","protected":false},"excerpt":{"rendered":"Par R\u00e9daction Paris Publi\u00e9 le 3 oct. 2025 \u00e0 8h42 C\u2019est une veille de week-end qui va tester&hellip;\n","protected":false},"author":2,"featured_media":435624,"comment_status":"","ping_status":"","sticky":false,"template":"","format":"standard","meta":{"footnotes":""},"categories":[1888],"tags":[119,1111,1928,11,1927,3542,1777,674,1011,27,12,1926,626,1925,25,104],"class_list":{"0":"post-435623","1":"post","2":"type-post","3":"status-publish","4":"format-standard","5":"has-post-thumbnail","7":"category-paris","8":"tag-accident","9":"tag-actu","10":"tag-actu-paris","11":"tag-actualites","12":"tag-actualites-paris","13":"tag-circulation","14":"tag-eu","15":"tag-europe","16":"tag-fr","17":"tag-france","18":"tag-news","19":"tag-news-paris","20":"tag-paris","21":"tag-paris-news","22":"tag-republique-francaise","23":"tag-societe"},"share_on_mastodon":{"url":"https:\/\/pubeurope.com\/@fr\/115309054756433385","error":""},"_links":{"self":[{"href":"https:\/\/www.europesays.com\/fr\/wp-json\/wp\/v2\/posts\/435623","targetHints":{"allow":["GET"]}}],"collection":[{"href":"https:\/\/www.europesays.com\/fr\/wp-json\/wp\/v2\/posts"}],"about":[{"href":"https:\/\/www.europesays.com\/fr\/wp-json\/wp\/v2\/types\/post"}],"author":[{"embeddable":true,"href":"https:\/\/www.europesays.com\/fr\/wp-json\/wp\/v2\/users\/2"}],"replies":[{"embeddable":true,"href":"https:\/\/www.europesays.com\/fr\/wp-json\/wp\/v2\/comments?post=435623"}],"version-history":[{"count":0,"href":"https:\/\/www.europesays.com\/fr\/wp-json\/wp\/v2\/posts\/435623\/revisions"}],"wp:featuredmedia":[{"embeddable":true,"href":"https:\/\/www.europesays.com\/fr\/wp-json\/wp\/v2\/media\/435624"}],"wp:attachment":[{"href":"https:\/\/www.europesays.com\/fr\/wp-json\/wp\/v2\/media?parent=435623"}],"wp:term":[{"taxonomy":"category","embeddable":true,"href":"https:\/\/www.europesays.com\/fr\/wp-json\/wp\/v2\/categories?post=435623"},{"taxonomy":"post_tag","embeddable":true,"href":"https:\/\/www.europesays.com\/fr\/wp-json\/wp\/v2\/tags?post=435623"}],"curies":[{"name":"wp","href":"https:\/\/api.w.org\/{rel}","templated":true}]}}