{"id":435651,"date":"2025-10-03T07:46:09","date_gmt":"2025-10-03T07:46:09","guid":{"rendered":"https:\/\/www.europesays.com\/fr\/435651\/"},"modified":"2025-10-03T07:46:09","modified_gmt":"2025-10-03T07:46:09","slug":"dax-rc-vannes-le-resume-de-la-victoire-obtenue-dans-la-douleur-par-les-vannetais-face-a-la-lanterne-rouge-de-pro-d2","status":"publish","type":"post","link":"https:\/\/www.europesays.com\/fr\/435651\/","title":{"rendered":"Dax &#8211; RC Vannes\u00a0: le r\u00e9sum\u00e9 de la victoire obtenue dans la douleur par les Vannetais face \u00e0 la lanterne rouge de Pro D2"},"content":{"rendered":"<p>Pro D2 (6e journ\u00e9e). US Dax &#8211; RC Vannes : 15-16<\/p>\n<p>Quatre victoires, un nul, et une petite anicroche surprise \u00e0 Mont-de-Marsan ! Le RC Vannes semble d\u00e9j\u00e0 avoir retrouv\u00e9 la recette pour asseoir sa domination sur la Pro D2 et boucle son premier bloc sur une belle note. Les Vannetais assument leur statut de favori pour la remont\u00e9e en Top 14. Cette fois, c\u2019est l\u2019US Dax qui en a fait les frais mais qui aurait tr\u00e8s bien pu avoir le dernier mot sans les d\u00e9faillances de son buteur, Cerisier.<\/p>\n<p>Pour autant, apr\u00e8s la monstrueuse prestation contre Provence (40-7) et le franc succ\u00e8s d\u00e9croch\u00e9 \u00e0 Aurillac (17-22), ce fut terriblement difficile dans l\u2019antre d\u2019une lanterne rouge, vaillante et disciplin\u00e9e \u00e0 d\u00e9faut d\u2019\u00eatre brillante. Le RC Vannes a d\u2019abord longtemps \u00e9t\u00e9 tenu en \u00e9chec et il a fallu un joli 50-22 de Lafage pour que les Bretons d\u00e9bloquent leur compteur dans le dernier quart d\u2019une premi\u00e8re p\u00e9riode finalement plut\u00f4t terne. Boud\u00e9hent confirmait ainsi sa belle forme du moment (10-0, 33\u2019). Lafage trouvait une nouvelle touche int\u00e9ressante (35\u2019) mais perdue sans son meilleur preneur de balle en touche (Augry sorti sur blessure d\u00e8s la 13\u2019) et c\u2019\u00e9tait finalement Noseara qui r\u00e9compensait le beau travail de ses avants pour maintenir les locaux dans le match (10-5, 38\u2019).<\/p>\n<p>Sept entr\u00e9es pour renverser Dax<\/p>\n<p>Ainsi, requinqu\u00e9s \u00e0 l\u2019image d\u2019un Cerisier qui retrouvait la mire pour transformer l\u2019essai de Leatigaga apr\u00e8s deux \u00e9checs initiaux, les Dacquois repartaient tambour battant, dominaient et scoraient (12-10). Vannes changeait tout ou presque en faisant entrer rien de moins que sept (!) joueurs alors qu\u2019il \u00e9tait de nouveau accul\u00e9 sur sa ligne (51\u2019). Le sang frais faisait directement effet. La r\u00e9organisation aussi. Bouthier, pass\u00e9 de l\u2019arri\u00e8re \u00e0 l\u2019ouverture, profitait d\u2019une p\u00e9nalit\u00e9 en face des poteaux pour se rassurer et reprendre le score (12-13, 56\u2019). Mais pas longtemps. Dax ne baissait toujours pas pavillon. Les deux \u00e9quipes se suivaient \u00e0 la marque et si Cerisier, le buteur dacquois n\u2019avait pas de nouveau rat\u00e9 deux nouvelles tentatives (67\u2019et 77\u2019), les Vannetais auraient de nouveau abandonn\u00e9 quatre points.<\/p>\n<p>Cap d\u00e9sormais sur Oyonnax le 16 octobre\u2026<\/p>\n<p class=\"titre-tech\">La fiche technique<\/p>\n<p class=\"tech\"><strong class=\"tech\">Arbitre : <\/strong>M. Santamaria.<\/p>\n<p class=\"tech\">Les points. Dax : 2 essais de Naseara (39\u2019), Leatigaga (47\u2019) ; 1 transformation de Cerisier (47\u2019) ; 1 p\u00e9nalit\u00e9 de Cerisier (64\u2019).<\/p>\n<p class=\"tech\">Vannes : 1 essai de Boudehent (33\u2019) ; 1 transformation de Lafage (33\u2019) ; 2 p\u00e9nalit\u00e9s de Lafage (13\u2019) et Bouthier (57\u2019, 70\u2019).<\/p>\n<p class=\"tech\">Carton jaune. Vannes : M\u00e9zou (51\u2019).<\/p>\n<p class=\"tech\"><strong class=\"tech\">DAX : <\/strong>15. Gatelier &#8211; 14. Ben Alla, 13. Daguerre (Naseara 5\u2019), 12. Puntous, 11. Couget (Oltmann 61\u2019) &#8211; 10. Cerisier, 9. Reteau (Ravier 70\u2019) &#8211; 7. Aletti (Lacroix 61\u2019), 8. Ausset, 6. Barr\u00e8re (cap, Loiret 70\u2019) &#8211; 5. Pelepele Lemalu, 4. Matthews &#8211; 3. Leatigaga (Ferreira 52\u2019), 2. Hiriat-Urruty (Laperne 52\u2019).<\/p>\n<p class=\"tech\"><strong class=\"tech\">VANNES :<\/strong> 15. Bouthier &#8211; 14. Benmegal, 13. Roudil (Taccola 51\u2019), 12. Boudehent, 11. Surano &#8211; 10. Lafage (cap), 9. Ruru (Alania 51\u2019) &#8211; 7. Augry (Blanc-Mappaz 12\u2019), 8. Kalamafoni (Edwards 51\u2019), 6 Pedemonte &#8211; 5. Metz (Desjeux 51\u2019), 4. M\u00e9zou &#8211; 3. Medrano (Tafili 51\u2019), 2. Cherry (Blanchard 51\u2019), 1. Djehi (De Benedittis 51\u2019).<\/p>\n","protected":false},"excerpt":{"rendered":"Pro D2 (6e journ\u00e9e). US Dax &#8211; RC Vannes : 15-16 Quatre victoires, un nul, et une petite&hellip;\n","protected":false},"author":2,"featured_media":435652,"comment_status":"","ping_status":"","sticky":false,"template":"","format":"standard","meta":{"footnotes":""},"categories":[1416],"tags":[11,765,3166,1011,27,3164,479,1468,60,3165],"class_list":{"0":"post-435651","1":"post","2":"type-post","3":"status-publish","4":"format-standard","5":"has-post-thumbnail","7":"category-rugby","8":"tag-actualites","9":"tag-en-continu","10":"tag-en-continu-sports","11":"tag-fr","12":"tag-france","13":"tag-rc-vannes","14":"tag-rugby","15":"tag-rugby-football","16":"tag-sports","17":"tag-vannes"},"share_on_mastodon":{"url":"https:\/\/pubeurope.com\/@fr\/115309129483020759","error":""},"_links":{"self":[{"href":"https:\/\/www.europesays.com\/fr\/wp-json\/wp\/v2\/posts\/435651","targetHints":{"allow":["GET"]}}],"collection":[{"href":"https:\/\/www.europesays.com\/fr\/wp-json\/wp\/v2\/posts"}],"about":[{"href":"https:\/\/www.europesays.com\/fr\/wp-json\/wp\/v2\/types\/post"}],"author":[{"embeddable":true,"href":"https:\/\/www.europesays.com\/fr\/wp-json\/wp\/v2\/users\/2"}],"replies":[{"embeddable":true,"href":"https:\/\/www.europesays.com\/fr\/wp-json\/wp\/v2\/comments?post=435651"}],"version-history":[{"count":0,"href":"https:\/\/www.europesays.com\/fr\/wp-json\/wp\/v2\/posts\/435651\/revisions"}],"wp:featuredmedia":[{"embeddable":true,"href":"https:\/\/www.europesays.com\/fr\/wp-json\/wp\/v2\/media\/435652"}],"wp:attachment":[{"href":"https:\/\/www.europesays.com\/fr\/wp-json\/wp\/v2\/media?parent=435651"}],"wp:term":[{"taxonomy":"category","embeddable":true,"href":"https:\/\/www.europesays.com\/fr\/wp-json\/wp\/v2\/categories?post=435651"},{"taxonomy":"post_tag","embeddable":true,"href":"https:\/\/www.europesays.com\/fr\/wp-json\/wp\/v2\/tags?post=435651"}],"curies":[{"name":"wp","href":"https:\/\/api.w.org\/{rel}","templated":true}]}}