{"id":435655,"date":"2025-10-03T07:49:10","date_gmt":"2025-10-03T07:49:10","guid":{"rendered":"https:\/\/www.europesays.com\/fr\/435655\/"},"modified":"2025-10-03T07:49:10","modified_gmt":"2025-10-03T07:49:10","slug":"vr46-confirme-que-bagnaia-a-enfourche-la-gp24-au-test-de-misano","status":"publish","type":"post","link":"https:\/\/www.europesays.com\/fr\/435655\/","title":{"rendered":"VR46 confirme que Bagnaia a enfourch\u00e9 la GP24 au Test de Misano"},"content":{"rendered":"<p>Alessio Salucci, bras droit de Valentino Rossi et directeur de l&rsquo;\u00e9quipe Pertamina Enduro VR46 Racing Team, a confirm\u00e9 vendredi en Indon\u00e9sie que Francesco Bagnaia (Ducati Lenovo Team) avait bien test\u00e9 l&rsquo;une de leurs GP24 lors du Test de Misano.<\/p>\n<p>GP24 (ou GP suivi de l&rsquo;ann\u00e9e) est le nom utilis\u00e9 famili\u00e8rement pour d\u00e9signer chaque sp\u00e9cification ou ann\u00e9e de la Ducati Desmosedici MotoGP\u2122. La GP24 est la moto avec laquelle Pecco Bagnaia s&rsquo;est battu pour le titre l&rsquo;ann\u00e9e derni\u00e8re et celle avec laquelle Alex M\u00e1rquez (BK8 Gresini Racing MotoGP\u2122) s&rsquo;illustre cette saison. Le n\u00b073, son co\u00e9quipier Ferm\u00edn Aldeguer (BK8 Gresini Racing MotoGP\u2122) et Franco Morbidelli (Pertamina Enduro VR46 Racing Team) sont les seuls \u00e0 rouler sur cette machine cette ann\u00e9e.<\/p>\n<p>Pecco Bagnaia pilote quand \u00e0 lui une GP25 aux sp\u00e9cifications actuelles et conna\u00eet une saison difficile, du moins jusqu&rsquo;au Test de Misano. En effet, c&rsquo;est l\u00e0 que les pr\u00e9mices d&rsquo;un changement ont commenc\u00e9 \u00e0 se dessiner pour le Champion du Monde 2022 et 2023.<\/p>\n<p>\u00ab Ducati nous a demand\u00e9 quelque chose, confirme Salucci dans la voie des stands. On est une famille, une famille Ducati, une famille VR46. On a essay\u00e9 de l&rsquo;aider un peu le lundi \u00e0 Misano. On avait notre moto dans notre box et Ducati lui en a donn\u00e9 une autre \u00bb.<\/p>\n<p>L&rsquo;Italien le souligne encore plus clairement en poursuivant : \u00ab Lundi \u00e0 Misano, Pecco a essay\u00e9 notre moto, celle de Morbidelli. Apr\u00e8s lundi, la moto est revenue dans notre box et apr\u00e8s \u00e7a, je ne sais pas \u00bb.<\/p>\n<p>Apr\u00e8s cela, on sait ce qu&rsquo;a fait Pecco Bagnaia : le doubl\u00e9 \u00e0 Motegi, devenant ainsi le seul pilote apr\u00e8s son co\u00e9quipier Marc M\u00e1rquez (Ducati Lenovo Team) \u00e0 r\u00e9aliser cette performance cette saison.<\/p>\n<p>Ce que Francesco Bagnaia a d\u00e9couvert lors de son essai suppl\u00e9mentaire sur la GP24 \u00e0 Misano, ou ce qui a pu \u00eatre adapt\u00e9 depuis sur sa GP25, reste un myst\u00e8re. Il est \u00e9galement peu probable que cela soit officiellement corrobor\u00e9 par le Ducati Lenovo Team. Toutefois, c&rsquo;est la premi\u00e8re confirmation de la part de l&rsquo;une ou l&rsquo;autre des parties que le n\u00b063 a essay\u00e9 une GP24 juste avant ce retour en forme impressionnant qui l&rsquo;a vu dominer le week-end de course au Japon.<\/p>\n","protected":false},"excerpt":{"rendered":"Alessio Salucci, bras droit de Valentino Rossi et directeur de l&rsquo;\u00e9quipe Pertamina Enduro VR46 Racing Team, a confirm\u00e9&hellip;\n","protected":false},"author":2,"featured_media":435656,"comment_status":"","ping_status":"","sticky":false,"template":"","format":"standard","meta":{"footnotes":""},"categories":[1413],"tags":[1011,27,1457,1456,60,2032],"class_list":{"0":"post-435655","1":"post","2":"type-post","3":"status-publish","4":"format-standard","5":"has-post-thumbnail","7":"category-moto","8":"tag-fr","9":"tag-france","10":"tag-moto","11":"tag-motocycle","12":"tag-sports","13":"tag-text"},"share_on_mastodon":{"url":"https:\/\/pubeurope.com\/@fr\/115309141297767682","error":""},"_links":{"self":[{"href":"https:\/\/www.europesays.com\/fr\/wp-json\/wp\/v2\/posts\/435655","targetHints":{"allow":["GET"]}}],"collection":[{"href":"https:\/\/www.europesays.com\/fr\/wp-json\/wp\/v2\/posts"}],"about":[{"href":"https:\/\/www.europesays.com\/fr\/wp-json\/wp\/v2\/types\/post"}],"author":[{"embeddable":true,"href":"https:\/\/www.europesays.com\/fr\/wp-json\/wp\/v2\/users\/2"}],"replies":[{"embeddable":true,"href":"https:\/\/www.europesays.com\/fr\/wp-json\/wp\/v2\/comments?post=435655"}],"version-history":[{"count":0,"href":"https:\/\/www.europesays.com\/fr\/wp-json\/wp\/v2\/posts\/435655\/revisions"}],"wp:featuredmedia":[{"embeddable":true,"href":"https:\/\/www.europesays.com\/fr\/wp-json\/wp\/v2\/media\/435656"}],"wp:attachment":[{"href":"https:\/\/www.europesays.com\/fr\/wp-json\/wp\/v2\/media?parent=435655"}],"wp:term":[{"taxonomy":"category","embeddable":true,"href":"https:\/\/www.europesays.com\/fr\/wp-json\/wp\/v2\/categories?post=435655"},{"taxonomy":"post_tag","embeddable":true,"href":"https:\/\/www.europesays.com\/fr\/wp-json\/wp\/v2\/tags?post=435655"}],"curies":[{"name":"wp","href":"https:\/\/api.w.org\/{rel}","templated":true}]}}