{"id":435659,"date":"2025-10-03T07:51:14","date_gmt":"2025-10-03T07:51:14","guid":{"rendered":"https:\/\/www.europesays.com\/fr\/435659\/"},"modified":"2025-10-03T07:51:14","modified_gmt":"2025-10-03T07:51:14","slug":"cyclisme-tour-de-langkawi-joris-delbove-a-remporte-letape-reine-et-fait-coup-double","status":"publish","type":"post","link":"https:\/\/www.europesays.com\/fr\/435659\/","title":{"rendered":"Cyclisme. Tour de Langkawi &#8211; Joris Delbove a remport\u00e9 l&rsquo;\u00e9tape reine et fait coup double !"},"content":{"rendered":"<p>Apr\u00e8s quatre sprints massifs et un tripl\u00e9 de <strong>Matteo Malucelli<\/strong>\u00a0(XDS Astana), le\u00a0<strong><a href=\"https:\/\/www.cyclismactu.net\/..\/news-tour-de-langkawi-route-matteo-malucelli-triple-mise-sur-4e-etape-90387.html\" target=\"_blank\" rel=\"noopener\">PETRONAS Le Tour de Langkawi<\/a><\/strong>\u00a0prenait enfin un peu de hauteur ce vendredi \u00e0 l&rsquo;occasion de la 5e \u00e9tape, l&rsquo;\u00e9tape reine de cette 29e \u00e9dition. Apr\u00e8s \u00eatre parti de\u00a0Temerloh, le peloton arrivait rapidement au pied de l&rsquo;ascension finale de Fraser&rsquo;s Hill, une mont\u00e9e interminable mais tr\u00e8s roulante (27,7 km \u00e0 3,7% de moyenne, les 7,3 derniers km \u00e0 5%) au sommet de laquelle \u00e9tait jug\u00e9e l&rsquo;arriv\u00e9e. Pour leur seule opportunit\u00e9 de faire la diff\u00e9rence durant cette semaine malaisienne, les grimpeurs se sont logiquement expliqu\u00e9s&#8230; et les Fran\u00e7ais ont particuli\u00e8rement brill\u00e9, avec la victoire en costaud de <strong><a href=\"https:\/\/www.cyclismactu.net\/..\/news-tour-du-rwanda-route-joris-delbove-premiere-victoire-avec-totalenergies-86597.html\" target=\"_blank\" rel=\"noopener\">Joris Delbove<\/a><\/strong>,\u00a0! Sorti du groupe des favoris \u00e0 moins de 2 bornes du sommet, le coureur de la <strong>TotalEnergies<\/strong> a r\u00e9sist\u00e9 jusqu&rsquo;au bout \u00e0 leur retour s&rsquo;imposant en solitaire avec 2 secondes d&rsquo;avance sur le\u00a0Norv\u00e9gien <strong>Anders Halland Johannessen<\/strong> (Uno-X) et le Suisse <strong>Yannis Voisard<\/strong> (Tudor).<\/p>\n<p>Vid\u00e9o &#8211; La TotalEnergies de J-R Bernaudeau termine fort la saison ! Lire la suite de l&rsquo;article&#13;<\/p>\n<blockquote class=\"twitter-tweet\" style=\"width:100%!important;max-width:550px!important;min-width:250px;height:500px;\" data-media-max-width=\"560\"><p>&#13;<\/p>\n<p dir=\"ltr\" lang=\"en\">Joris Delbove wins the queen stage of Tour de Langkawi! <a href=\"https:\/\/twitter.com\/hashtag\/PETRONASLTdL2025?src=hash&amp;ref_src=twsrc%5Etfw\" target=\"_blank\" rel=\"noopener\">#PETRONASLTdL2025<\/a><a href=\"https:\/\/t.co\/pIGdRuvwcv\">https:\/\/t.co\/pIGdRuvwcv<\/a> <a href=\"https:\/\/t.co\/qti3JkzXvg\">pic.twitter.com\/qti3JkzXvg<\/a><\/p>\n<p>&#13;<br \/>\n\u2014 Eemeli (@LosBrolin) <a href=\"https:\/\/twitter.com\/LosBrolin\/status\/1973633687250973087?ref_src=twsrc%5Etfw\" target=\"_blank\" rel=\"noopener\">October 2, 2025<\/a><\/p><\/blockquote>\n<p>&#13;<br \/>\n&#13;<\/p>\n<p>\u00a0<\/p>\n<p>&#13;<br \/>\nDeux Fran\u00e7ais sur le podium du g\u00e9n\u00e9ral&#8230; un futur successeur \u00e0 Anthony Charteau \u00e0 venir ?&#13;<\/p>\n<p>Ces deux derniers ont r\u00e9gl\u00e9 au sprint un groupe de favoris r\u00e9duit \u00e0 14 coureurs au sein duquel on retrouve \u00e9galement un autre Tricolore :\u00a0<strong>Adrien Maire<\/strong> (Unibet Tietema Rockets), qui a pris la 5e place sur la ligne. Avec 25 coureurs en 41 secondes \u00e0 l&rsquo;arriv\u00e9e, les \u00e9carts ne sont pas \u00e9normes, les faibles pourcentages n&rsquo;ayant pas vraiment permis de cr\u00e9er de grosses diff\u00e9rences. Pour Delbove, c&rsquo;est la 2e victoire de sa saison, apr\u00e8s celle obtenue sur le <strong>Tour du Rwanda<\/strong> en f\u00e9vrier, et la premi\u00e8re sur une course au statut UCI.Pro.\u00a0<\/p>\n<p>&#13;<\/p>\n<p>Au classement g\u00e9n\u00e9ral, le Troyen de 25 ans fait\u00a0logiquement\u00a0coup double\u00a0s&#8217;empare du maillot bleu de leader jusqu&rsquo;ici port\u00e9 par <strong>Malucelli<\/strong>. Il devance de 6 secondes son dauphin du jour\u00a0<strong>Anders Halland Johannessen<\/strong>, \u00e0 \u00e9galit\u00e9 avec <strong>Adrien Maire<\/strong>, qui profite des bonifications qu&rsquo;il avait engrang\u00e9es lors des derniers jours pour monter sur le podium provisoire. A trois jours du terme, on retrouve ainsi deux Fran\u00e7ais dans les trois premiers, alors que seule la 8e et derni\u00e8re \u00e9tape dimanche peut encore permettre de faire des diff\u00e9rences, sans \u00eatre insurmontable sur le papier. On pourrait donc bien se diriger vers la 2e victoire fran\u00e7aise de l&rsquo;histoire de l&rsquo;\u00e9preuve au g\u00e9n\u00e9ral, 18 ans apr\u00e8s celle d<strong>&lsquo;Anthony Charteau<\/strong> (Cr\u00e9dit Agricole) en 2007 !<\/p>\n<p>PETRONAS Le Tour de Langkawi &#8211; Classement de la 5\u00e8 \u00e9tape PETRONAS Le Tour de Langkawi &#8211; Classement g\u00e9n\u00e9ral provisoire apr\u00e8s la 5\u00e8 \u00e9tape<script async src=\"https:\/\/platform.twitter.com\/widgets.js\" charset=\"utf-8\"><\/script><\/p>\n","protected":false},"excerpt":{"rendered":"Apr\u00e8s quatre sprints massifs et un tripl\u00e9 de Matteo Malucelli\u00a0(XDS Astana), le\u00a0PETRONAS Le Tour de Langkawi\u00a0prenait enfin un&hellip;\n","protected":false},"author":2,"featured_media":433201,"comment_status":"","ping_status":"","sticky":false,"template":"","format":"standard","meta":{"footnotes":""},"categories":[1411],"tags":[1154,207,211,1011,27,209,60,210,55263,212,208,213],"class_list":{"0":"post-435659","1":"post","2":"type-post","3":"status-publish","4":"format-standard","5":"has-post-thumbnail","7":"category-cyclisme","8":"tag-cycling","9":"tag-cyclisme","10":"tag-ffc","11":"tag-fr","12":"tag-france","13":"tag-route","14":"tag-sports","15":"tag-tour-de-france","16":"tag-tour-de-langkawi","17":"tag-uci","18":"tag-velo","19":"tag-world-tour"},"share_on_mastodon":{"url":"https:\/\/pubeurope.com\/@fr\/115309149149228687","error":""},"_links":{"self":[{"href":"https:\/\/www.europesays.com\/fr\/wp-json\/wp\/v2\/posts\/435659","targetHints":{"allow":["GET"]}}],"collection":[{"href":"https:\/\/www.europesays.com\/fr\/wp-json\/wp\/v2\/posts"}],"about":[{"href":"https:\/\/www.europesays.com\/fr\/wp-json\/wp\/v2\/types\/post"}],"author":[{"embeddable":true,"href":"https:\/\/www.europesays.com\/fr\/wp-json\/wp\/v2\/users\/2"}],"replies":[{"embeddable":true,"href":"https:\/\/www.europesays.com\/fr\/wp-json\/wp\/v2\/comments?post=435659"}],"version-history":[{"count":0,"href":"https:\/\/www.europesays.com\/fr\/wp-json\/wp\/v2\/posts\/435659\/revisions"}],"wp:featuredmedia":[{"embeddable":true,"href":"https:\/\/www.europesays.com\/fr\/wp-json\/wp\/v2\/media\/433201"}],"wp:attachment":[{"href":"https:\/\/www.europesays.com\/fr\/wp-json\/wp\/v2\/media?parent=435659"}],"wp:term":[{"taxonomy":"category","embeddable":true,"href":"https:\/\/www.europesays.com\/fr\/wp-json\/wp\/v2\/categories?post=435659"},{"taxonomy":"post_tag","embeddable":true,"href":"https:\/\/www.europesays.com\/fr\/wp-json\/wp\/v2\/tags?post=435659"}],"curies":[{"name":"wp","href":"https:\/\/api.w.org\/{rel}","templated":true}]}}