{"id":435670,"date":"2025-10-03T07:57:12","date_gmt":"2025-10-03T07:57:12","guid":{"rendered":"https:\/\/www.europesays.com\/fr\/435670\/"},"modified":"2025-10-03T07:57:12","modified_gmt":"2025-10-03T07:57:12","slug":"une-soiree-de-trop-ou-jai-abuse","status":"publish","type":"post","link":"https:\/\/www.europesays.com\/fr\/435670\/","title":{"rendered":"Une soir\u00e9e de trop o\u00f9 j&rsquo;ai abus\u00e9"},"content":{"rendered":"<p>En avril dernier, <a href=\"https:\/\/www.laprovence.com\/article\/france-monde\/81682946865165\/kendji-girac-a-voulu-simuler-un-suicide-apres-un-differend-avec-sa-compagne\" target=\"_blank\" rel=\"noopener\">Kendji faisait la une de tous les journaux et des cha\u00eenes de t\u00e9l\u00e9vision<\/a>. Pas pour un nouveau titre mais son nom s&rsquo;affichait dans la rubrique des \u00ab\u00a0faits divers\u00a0\u00bb. Le chanteur de 29 ans \u00e9tait alors retrouv\u00e9 touch\u00e9 par balle, dans une caravane.<\/p>\n<p><a href=\"https:\/\/www.laprovence.com\/article\/france-monde\/5205803100721\/divulgation-de-sa-vie-privee-les-agents-de-kendji-girac-pointent-du-doigt-la-conference-de-presse-du-procureur\" target=\"_blank\" rel=\"noopener\">Apr\u00e8s une enqu\u00eate et des d\u00e9tails sur la vie priv\u00e9e de l&rsquo;artiste d\u00e9voil\u00e9s par le procureur de la R\u00e9publique de Mont-de-Marsan<\/a> qui ont conduit \u00e0 ce drame, la v\u00e9rit\u00e9 \u00e9clatait : Kendji aurait \u00ab\u00a0simul\u00e9 un suicide\u00a0\u00bb apr\u00e8s une dispute avec sa compagne. \u00ab\u00a0Je n&rsquo;avais aucune raison d&rsquo;en finir, j&rsquo;ai toute ma famille qui va bien, je vis tr\u00e8s bien, j&rsquo;ai du succ\u00e8s, je profite de toute ma famille, et puis j&rsquo;ai une chance d&rsquo;avoir cette vie\u00a0\u00bb, affirme-t-il ce mercredi sur les ondes de <a href=\"https:\/\/www.rtl.fr\/culture\/medias-people\/je-n-ai-jamais-voulu-en-finir-sur-rtl-kendji-girac-raconte-la-soiree-durant-laquelle-il-s-est-tire-dessus-7900547459\" target=\"_blank\" rel=\"noopener\">RTL<\/a>.<\/p>\n<p>De l&rsquo;alcool et des exc\u00e8s<\/p>\n<p>Dans les faits, c&rsquo;est finalement une \u00ab\u00a0blessure accidentelle\u00a0\u00bb qui est maintenue mais qui a bien failli lui co\u00fbter la vie. Une \u00ab\u00a0partie de son histoire\u00a0\u00bb qui l&rsquo;a rendu \u00ab\u00a0plus fort\u00a0\u00bb, confie-t-il dans un entretien accord\u00e9 au <a href=\"https:\/\/www.leparisien.fr\/culture-loisirs\/musique\/kendji-girac-raconte-son-accident-et-sa-reconstruction-la-balle-est-passee-a-un-centimetre-du-coeur-01-10-2025-U3TWP3HOUNHKHIGPNKMWBIWN3I.php\" target=\"_blank\" rel=\"noopener\">Parisien<\/a>. Dans son livre, Kendji revient longuement sur ce soir du 21 avril 2024. \u00ab\u00a0J&rsquo;accompagne les verres avec d&rsquo;autres exc\u00e8s qui donnent l&rsquo;illusion de ne plus sentir la fatigue\u00a0\u00bb, \u00e9crit-il. Une r\u00e9f\u00e9rence \u00e0 la consommation de drogue, \u00e9voqu\u00e9e dans l&rsquo;enqu\u00eate judiciaire.\u00a0<\/p>\n<p><a href=\"https:\/\/www.laprovence.com\/article\/societe\/14018329324563\/affaire-kendji-girac-simuler-un-suicide-une-forme-de-violence-psychologique\" target=\"_blank\" rel=\"noopener\">\u00ab\u00a0<\/a><a href=\"https:\/\/www.laprovence.com\/article\/societe\/14018329324563\/affaire-kendji-girac-simuler-un-suicide-une-forme-de-violence-psychologique\" target=\"_blank\" rel=\"noopener\">Je n&rsquo;\u00e9tais pas d\u00e9pressif<\/a>. J&rsquo;ai toujours \u00e9t\u00e9 tr\u00e8s souriant, tr\u00e8s solaire. C&rsquo;\u00e9tait un tir accidentel avec un pistolet de collection que j&rsquo;avais achet\u00e9 quelques jours avant. C&rsquo;\u00e9tait une soir\u00e9e de trop o\u00f9 j&rsquo;ai abus\u00e9. Je me suis br\u00fbl\u00e9 les ailes et j&rsquo;ai failli perdre la vie\u00a0\u00bb, mart\u00e8le-t-il dans les colonnes du <a href=\"https:\/\/www.leparisien.fr\/culture-loisirs\/musique\/kendji-girac-raconte-son-accident-et-sa-reconstruction-la-balle-est-passee-a-un-centimetre-du-coeur-01-10-2025-U3TWP3HOUNHKHIGPNKMWBIWN3I.php\" target=\"_blank\" rel=\"noopener\">Parisien<\/a>.<\/p>\n<p>Aujourd&rsquo;hui, Kendji a r\u00e9ussi \u00e0 se d\u00e9barrasser de ses vices. \u00ab\u00a0Je suis debout \u00e0 6 heures du matin, je vais faire mon sport, je ne bois plus d&rsquo;alcool depuis\u00a0\u00bb.<\/p>\n","protected":false},"excerpt":{"rendered":"En avril dernier, Kendji faisait la une de tous les journaux et des cha\u00eenes de t\u00e9l\u00e9vision. Pas pour&hellip;\n","protected":false},"author":2,"featured_media":435671,"comment_status":"","ping_status":"","sticky":false,"template":"","format":"standard","meta":{"footnotes":""},"categories":[1355],"tags":[17,1102,251,1446,58,59,56311,1011,27,4432,13693,2003,1361,873,14173,3356],"class_list":{"0":"post-435670","1":"post","2":"type-post","3":"status-publish","4":"format-standard","5":"has-post-thumbnail","7":"category-musique","8":"tag-17","9":"tag-breakingnews","10":"tag-culture","11":"tag-dans","12":"tag-divertissement","13":"tag-entertainment","14":"tag-failli","15":"tag-fr","16":"tag-france","17":"tag-jour","18":"tag-kendji","19":"tag-livre","20":"tag-music","21":"tag-musique","22":"tag-revient","23":"tag-sur"},"share_on_mastodon":{"url":"https:\/\/pubeurope.com\/@fr\/115309172848865183","error":""},"_links":{"self":[{"href":"https:\/\/www.europesays.com\/fr\/wp-json\/wp\/v2\/posts\/435670","targetHints":{"allow":["GET"]}}],"collection":[{"href":"https:\/\/www.europesays.com\/fr\/wp-json\/wp\/v2\/posts"}],"about":[{"href":"https:\/\/www.europesays.com\/fr\/wp-json\/wp\/v2\/types\/post"}],"author":[{"embeddable":true,"href":"https:\/\/www.europesays.com\/fr\/wp-json\/wp\/v2\/users\/2"}],"replies":[{"embeddable":true,"href":"https:\/\/www.europesays.com\/fr\/wp-json\/wp\/v2\/comments?post=435670"}],"version-history":[{"count":0,"href":"https:\/\/www.europesays.com\/fr\/wp-json\/wp\/v2\/posts\/435670\/revisions"}],"wp:featuredmedia":[{"embeddable":true,"href":"https:\/\/www.europesays.com\/fr\/wp-json\/wp\/v2\/media\/435671"}],"wp:attachment":[{"href":"https:\/\/www.europesays.com\/fr\/wp-json\/wp\/v2\/media?parent=435670"}],"wp:term":[{"taxonomy":"category","embeddable":true,"href":"https:\/\/www.europesays.com\/fr\/wp-json\/wp\/v2\/categories?post=435670"},{"taxonomy":"post_tag","embeddable":true,"href":"https:\/\/www.europesays.com\/fr\/wp-json\/wp\/v2\/tags?post=435670"}],"curies":[{"name":"wp","href":"https:\/\/api.w.org\/{rel}","templated":true}]}}