{"id":435713,"date":"2025-10-03T08:21:16","date_gmt":"2025-10-03T08:21:16","guid":{"rendered":"https:\/\/www.europesays.com\/fr\/435713\/"},"modified":"2025-10-03T08:21:16","modified_gmt":"2025-10-03T08:21:16","slug":"haut-parleuses-le-festival-qui-mele-podcast-feminisme-et-creativite-a-rennes","status":"publish","type":"post","link":"https:\/\/www.europesays.com\/fr\/435713\/","title":{"rendered":"Haut-Parleuses, le festival qui m\u00eale podcast, f\u00e9minisme et cr\u00e9ativit\u00e9 \u00e0 Rennes"},"content":{"rendered":"<p><a href=\"https:\/\/unidivers.fr\/wp-content\/uploads\/2025\/10\/programme-festival-haut-parleuses-rennes.jpg\" data-caption=\"\" rel=\"nofollow noopener\" target=\"_blank\"><img decoding=\"async\" loading=\"eager\" fetchpriority=\"high\" width=\"696\" height=\"492\" class=\"entry-thumb td-modal-image\" src=\"https:\/\/www.europesays.com\/fr\/wp-content\/uploads\/2025\/10\/programme-festival-haut-parleuses-rennes-696x492.jpg\"   alt=\"Haut-Parleuses rennes\" title=\"Programme Festival Haut-Parleuses rennes\" data-eio=\"p\"\/><\/a><strong>Oser l\u2019ouvrir !<\/strong> Tel est le mot d\u2019ordre du festival Haut-Parleuses, qui revient \u00e0 Rennes pour sa 4e \u00e9dition le <strong>samedi 11 octobre 2025<\/strong> de 9h30 \u00e0 23h.<\/p>\n<p>Depuis quatre ans, Haut-Parleuses s\u2019est impos\u00e9 comme <strong>le rendez-vous incontournable du podcast et du f\u00e9minisme \u00e0 Rennes<\/strong>. Dans les locaux de <strong>M\u00e9diaSchool Rennes<\/strong>, l\u2019\u00e9v\u00e9nement promet une journ\u00e9e enti\u00e8re d\u00e9di\u00e9e aux voix f\u00e9ministes et aux imaginaires sonores, port\u00e9e par une programmation 100 % locale. Ateliers, stands, expositions, performances et DJ sets s\u2019encha\u00eeneront tout au long de la journ\u00e9e, dans une ambiance cr\u00e9ative et inclusive.<\/p>\n<p>Un festival foisonnant : ateliers, performances et boom paillet\u00e9e<\/p>\n<p>Au programme de cette \u00e9dition 2025 :<\/p>\n<ul class=\"wp-block-list\">\n<li>Des <strong>ateliers vari\u00e9s<\/strong> : radio, vocal, corps et th\u00e9\u00e2tre, slam, stand-up, \u00e9criture po\u00e9tique, atelier technique\u2026<\/li>\n<li>Des <strong>stands associatifs et artistiques<\/strong> pour d\u00e9couvrir initiatives et cr\u00e9ations locales<\/li>\n<li>Une <strong>expo sonore<\/strong> avec les r\u00e9cits de jeunes journalistes<\/li>\n<li>Une <strong>chorale participative<\/strong> et une sc\u00e8ne ouverte<\/li>\n<li>Et pour clore la journ\u00e9e, une <strong>boom paillet\u00e9e<\/strong> anim\u00e9e par des DJettes, histoire de laisser la musique emporter les festivali\u00e8res et festivaliers jusqu\u2019au bout de la nuit<\/li>\n<\/ul>\n<p>Des temps forts avant le grand jour<\/p>\n<p>En amont de la journ\u00e9e du 11 octobre, Haut-Parleuses propose \u00e9galement :<\/p>\n<ul class=\"wp-block-list\">\n<li>Des <strong>masterclass en ligne<\/strong> (live ou replay) du 1er au 8 octobre, via <a href=\"https:\/\/www.helloasso.com\/associations\/haut-parleuses\" target=\"_blank\" rel=\"noreferrer noopener nofollow\">HelloAsso<\/a><\/li>\n<li>Une <strong>soir\u00e9e jeux<\/strong> organis\u00e9e en partenariat avec Osez le f\u00e9minisme 35, le 9 octobre au Caf\u00e9 des Champs Libres, de 20h \u00e0 22h<\/li>\n<\/ul>\n<p><a href=\"https:\/\/www.europesays.com\/fr\/wp-content\/uploads\/2025\/10\/programme-haut-parleuses-rennes-1920x1330.jpg\" class=\"td-modal-image\"><img fetchpriority=\"high\" decoding=\"async\" width=\"1920\" height=\"1330\" src=\"https:\/\/www.europesays.com\/fr\/wp-content\/uploads\/2025\/10\/programme-haut-parleuses-rennes-1920x1330.jpg\" alt=\"Haut-Parleuses rennes\" class=\"wp-image-3289442 lazy\"  data- data-eio=\"p\"\/><\/a>Un rendez-vous inclusif engag\u00e9<\/p>\n<p>Fid\u00e8le \u00e0 son ADN, Haut-Parleuses conjugue <strong>engagement f\u00e9ministe, cr\u00e9ativit\u00e9 collective et convivialit\u00e9<\/strong>. Chaque \u00e9dition est pens\u00e9e comme un espace d\u2019expression, d\u2019exp\u00e9rimentation et de rencontres, o\u00f9 se m\u00ealent artistes, associations, journalistes et citoyennes. L\u2019\u00e9dition 2025 promet de nouvelles surprises, toujours avec l\u2019\u00e9nergie et la chaleur humaine qui font la r\u00e9putation du festival.<\/p>\n<p class=\"has-text-align-center\"><strong>Haut-Parleuses 2025<\/strong><br \/>Samedi 11 octobre \u2013 9h30 \u00e0 23h<br \/>M\u00e9diaSchool Rennes<\/p>\n<p class=\"has-text-align-center\"><a href=\"https:\/\/www.helloasso.com\/associations\/haut-parleuses\" target=\"_blank\" rel=\"noreferrer noopener nofollow\">Billetterie HelloAsso<\/a><\/p>\n<p class=\"has-text-align-center\"><a href=\"https:\/\/www.hautparleuses.fr\" target=\"_blank\" rel=\"noreferrer noopener nofollow\">Site officiel<\/a> \u2013 <a href=\"https:\/\/www.instagram.com\/haut.parleuses.festival\/\" target=\"_blank\" rel=\"noreferrer noopener nofollow\">Instagram<\/a><\/p>\n<p class=\"has-text-align-center\"><a href=\"hautparleuses@gmail.com\" target=\"_blank\" rel=\"noreferrer noopener\">hautparleuses@gmail.com <\/a><\/p>\n<p><a href=\"https:\/\/unidivers.fr\/author\/nolwenn-denis\/\" aria-label=\"author-photo\" rel=\"nofollow noopener\" target=\"_blank\"><img loading=\"lazy\" decoding=\"async\" src=\"https:\/\/www.europesays.com\/fr\/wp-content\/uploads\/2025\/08\/logo-gros-favicon-unidivers.png\"  width=\"96\" height=\"96\" alt=\"Nolwenn Denis\" class=\"avatar avatar-96 wp-user-avatar wp-user-avatar-96 photo avatar-default lazy\" data-eio=\"p\"\/><\/a><\/p>\n<p>Nolwenn Denis est correspondante de presse en Ille-et-Vilaine<\/p>\n<p>  <script async src=\"\/\/www.instagram.com\/embed.js\"><\/script><\/p>\n","protected":false},"excerpt":{"rendered":"Oser l\u2019ouvrir ! Tel est le mot d\u2019ordre du festival Haut-Parleuses, qui revient \u00e0 Rennes pour sa 4e&hellip;\n","protected":false},"author":2,"featured_media":435714,"comment_status":"","ping_status":"","sticky":false,"template":"","format":"standard","meta":{"footnotes":""},"categories":[2821],"tags":[1111,11,829,1777,674,1011,27,12,584,25],"class_list":{"0":"post-435713","1":"post","2":"type-post","3":"status-publish","4":"format-standard","5":"has-post-thumbnail","7":"category-rennes","8":"tag-actu","9":"tag-actualites","10":"tag-bretagne","11":"tag-eu","12":"tag-europe","13":"tag-fr","14":"tag-france","15":"tag-news","16":"tag-rennes","17":"tag-republique-francaise"},"share_on_mastodon":{"url":"https:\/\/pubeurope.com\/@fr\/115309267639218194","error":""},"_links":{"self":[{"href":"https:\/\/www.europesays.com\/fr\/wp-json\/wp\/v2\/posts\/435713","targetHints":{"allow":["GET"]}}],"collection":[{"href":"https:\/\/www.europesays.com\/fr\/wp-json\/wp\/v2\/posts"}],"about":[{"href":"https:\/\/www.europesays.com\/fr\/wp-json\/wp\/v2\/types\/post"}],"author":[{"embeddable":true,"href":"https:\/\/www.europesays.com\/fr\/wp-json\/wp\/v2\/users\/2"}],"replies":[{"embeddable":true,"href":"https:\/\/www.europesays.com\/fr\/wp-json\/wp\/v2\/comments?post=435713"}],"version-history":[{"count":0,"href":"https:\/\/www.europesays.com\/fr\/wp-json\/wp\/v2\/posts\/435713\/revisions"}],"wp:featuredmedia":[{"embeddable":true,"href":"https:\/\/www.europesays.com\/fr\/wp-json\/wp\/v2\/media\/435714"}],"wp:attachment":[{"href":"https:\/\/www.europesays.com\/fr\/wp-json\/wp\/v2\/media?parent=435713"}],"wp:term":[{"taxonomy":"category","embeddable":true,"href":"https:\/\/www.europesays.com\/fr\/wp-json\/wp\/v2\/categories?post=435713"},{"taxonomy":"post_tag","embeddable":true,"href":"https:\/\/www.europesays.com\/fr\/wp-json\/wp\/v2\/tags?post=435713"}],"curies":[{"name":"wp","href":"https:\/\/api.w.org\/{rel}","templated":true}]}}